{"id":10552,"date":"2025-07-04T23:15:17","date_gmt":"2025-07-05T02:15:17","guid":{"rendered":"https:\/\/diarioalagoas.com.br\/?p=10552"},"modified":"2025-07-04T23:15:17","modified_gmt":"2025-07-05T02:15:17","slug":"justica-aceita-denuncia-contra-o-tenente-coronel-ivan-blaz","status":"publish","type":"post","link":"https:\/\/diarioalagoas.com.br\/?p=10552","title":{"rendered":"Justi\u00e7a aceita den\u00fancia contra o tenente-coronel Ivan Blaz\u00a0"},"content":{"rendered":"<p> <br \/>\n<\/p>\n<div>\n<p><strong>A auditoria da Justi\u00e7a Militar do Tribunal de Justi\u00e7a do Estado do Rio de Janeiro aceitou a den\u00fancia do Minist\u00e9rio P\u00fablico estadual contra o tenente-coronel Ivan Blaz, ex-porta-voz\u00a0 da Pol\u00edcia Militar, <a href=\"https:\/\/agenciabrasil.ebc.com.br\/geral\/noticia\/2025-07\/mp-denuncia-tenente-coronel-por-invasao-de-domicilio-e-constrangimento\">acusado de viola\u00e7\u00e3o domic\u00edlio e constrangimento ilegal<\/a>. <\/strong>Ao aceitar a den\u00fancia, o oficial superior da PM passa a ser formalmente processado pela Justi\u00e7a e passa \u00e0\u00a0condi\u00e7\u00e3o de r\u00e9u no processo judicial.<img decoding=\"async\" src=\"https:\/\/agenciabrasil.ebc.com.br\/ebc.png?id=1649510&amp;o=node\" style=\"width:1px; height:1px; display:inline;\"\/><img decoding=\"async\" src=\"https:\/\/agenciabrasil.ebc.com.br\/ebc.gif?id=1649510&amp;o=node\" style=\"width:1px; height:1px; display:inline;\"\/><\/p>\n<p>Em janeiro deste ano, o oficial invadiu um pr\u00e9dio na Rua Rui Barbosa, no Flamengo, zona sul do Rio, que segundo alegou, seria para prender o traficante \u00c1lvaro Malaquias Santa Rosa, o Peix\u00e3o, do Complexo de Israel, na zona norte, que conforme den\u00fancia an\u00f4nima, supostamente estaria no pr\u00e9dio\u201d.<\/p>\n<p><strong>Na \u00e9poca, Blaz foi exonerado do cargo de comandante do 2\u00ba batalh\u00e3o da PM, em Botafogo, zona sul da cidade.<\/strong><\/p>\n<p>V\u00eddeos mostram que ele e uma outra policial \u00e0 paisana renderam o porteiro e o colocaram com o rosto contra o ch\u00e3o. A opera\u00e7\u00e3o contou ainda com cinco policiais dentro do pr\u00e9dio. Eles estavam armados com fuzis e pistolas.<\/p>\n<p>Ao receber a den\u00fancia, a Auditoria Militar decretou a suspens\u00e3o integral do exerc\u00edcio de fun\u00e7\u00e3o p\u00fablica de Ivan Blaz.<\/p>\n<blockquote>\n<p>\u201cConforme se depreende da den\u00fancia, o suposto crime foi praticado, em tese, em raz\u00e3o da fun\u00e7\u00e3o e da posi\u00e7\u00e3o hier\u00e1rquica do r\u00e9u, mostrando-se imprescind\u00edvel o afastamento do ora acusado tanto das atividades-fim, inerentes \u00e0 fun\u00e7\u00e3o policial, quanto das atividades-meio, de natureza administrativa\u201d, diz a decis\u00e3o.<\/p>\n<\/blockquote>\n<p>O tenente-coronel tamb\u00e9m dever\u00e1 cumprir medidas cautelares, como: comparecimento trimestral em ju\u00edzo para informar e justificar suas atividades; proibi\u00e7\u00e3o de manter contato, direta ou indiretamente, com as v\u00edtimas, testemunhas e\/ou qualquer pessoa relacionada aos fatos objeto do processo; suspens\u00e3o do porte de armas de fogo e proibi\u00e7\u00e3o de se ausentar da cidade onde reside, salvo com autoriza\u00e7\u00e3o judicial.<\/p>\n<p>      <!-- Relacionada --><\/p>\n<p>            <!-- Relacionada -->\n    <\/div>\n<p><br \/>\n<br \/><a href=\"https:\/\/agenciabrasil.ebc.com.br\/geral\/noticia\/2025-07\/justica-aceita-denuncia-contra-o-tenente-coronel-ivan-blaz\">Ag\u00eancia Brasil<\/a><\/p>\n","protected":false},"excerpt":{"rendered":"<p>A auditoria da Justi\u00e7a Militar do Tribunal de Justi\u00e7a do Estado do Rio de Janeiro aceitou a den\u00fancia do Minist\u00e9rio P\u00fablico estadual contra o tenente-coronel Ivan Blaz, ex-porta-voz\u00a0 da Pol\u00edcia Militar, acusado de viola\u00e7\u00e3o domic\u00edlio e constrangimento ilegal. Ao aceitar a den\u00fancia, o oficial superior da PM passa a ser formalmente processado pela Justi\u00e7a e [&hellip;]<\/p>\n","protected":false},"author":1,"featured_media":10553,"comment_status":"closed","ping_status":"","sticky":false,"template":"","format":"standard","meta":{"footnotes":""},"categories":[15],"tags":[],"class_list":["post-10552","post","type-post","status-publish","format-standard","has-post-thumbnail","hentry","category-geral"],"_links":{"self":[{"href":"https:\/\/diarioalagoas.com.br\/index.php?rest_route=\/wp\/v2\/posts\/10552","targetHints":{"allow":["GET"]}}],"collection":[{"href":"https:\/\/diarioalagoas.com.br\/index.php?rest_route=\/wp\/v2\/posts"}],"about":[{"href":"https:\/\/diarioalagoas.com.br\/index.php?rest_route=\/wp\/v2\/types\/post"}],"author":[{"embeddable":true,"href":"https:\/\/diarioalagoas.com.br\/index.php?rest_route=\/wp\/v2\/users\/1"}],"replies":[{"embeddable":true,"href":"https:\/\/diarioalagoas.com.br\/index.php?rest_route=%2Fwp%2Fv2%2Fcomments&post=10552"}],"version-history":[{"count":0,"href":"https:\/\/diarioalagoas.com.br\/index.php?rest_route=\/wp\/v2\/posts\/10552\/revisions"}],"wp:featuredmedia":[{"embeddable":true,"href":"https:\/\/diarioalagoas.com.br\/index.php?rest_route=\/wp\/v2\/media\/10553"}],"wp:attachment":[{"href":"https:\/\/diarioalagoas.com.br\/index.php?rest_route=%2Fwp%2Fv2%2Fmedia&parent=10552"}],"wp:term":[{"taxonomy":"category","embeddable":true,"href":"https:\/\/diarioalagoas.com.br\/index.php?rest_route=%2Fwp%2Fv2%2Fcategories&post=10552"},{"taxonomy":"post_tag","embeddable":true,"href":"https:\/\/diarioalagoas.com.br\/index.php?rest_route=%2Fwp%2Fv2%2Ftags&post=10552"}],"curies":[{"name":"wp","href":"https:\/\/api.w.org\/{rel}","templated":true}]}}