{"id":10576,"date":"2025-07-05T09:55:08","date_gmt":"2025-07-05T12:55:08","guid":{"rendered":"https:\/\/diarioalagoas.com.br\/?p=10576"},"modified":"2025-07-05T09:55:08","modified_gmt":"2025-07-05T12:55:08","slug":"banhistas-mergulham-no-rio-sena-apos-reabertura-para-nado","status":"publish","type":"post","link":"https:\/\/diarioalagoas.com.br\/?p=10576","title":{"rendered":"Banhistas mergulham no rio Sena ap\u00f3s reabertura para nado"},"content":{"rendered":"<p> <br \/>\n<\/p>\n<div data-single-content=\"true\">\n<p class=\"my-5 break-words\">Os parisienses aproveitaram para dar um mergulho no Rio Sena neste s\u00e1bado (5), quando as autoridades abriram o local para nado p\u00fablico pela primeira vez desde 1923, ap\u00f3s uma extensa opera\u00e7\u00e3o de limpeza impulsionada pela utiliza\u00e7\u00e3o das \u00e1guas como sede das Olimp\u00edadas de Paris, em 2024.<\/p>\n<p class=\"my-5 break-words\">Tr\u00eas locais ao longo das margens do Sena poder\u00e3o receber mais de 1.000 pessoas diariamente at\u00e9 o dia 31 de agosto, disseram autoridades locais.<\/p>\n<p class=\"my-5 break-words\">&#8220;Estamos especialmente felizes por termos provado que os c\u00e9ticos estavam errados e por podermos cumprir os compromissos que assumimos inicialmente, em algo que era muito grande e muito complicado de realizar&#8221;, disse Pierre Rabadan, vice-prefeito de Paris.<\/p>\n<p class=\"my-5 break-words\">A <a href=\"https:\/\/www.cnnbrasil.com.br\/internacional\/paris-libera-rio-sena-para-nado-apos-mais-de-100-anos-de-proibicao\/\" class=\"text-red-600 underline hover:text-red-500 font-medium break-words\" target=\"_self\" rel=\"\">reabertura do Sena<\/a> para nado p\u00fablico segue os esfor\u00e7os das autoridades para melhorar a qualidade da \u00e1gua para que ela pudesse ser usada nos <a href=\"https:\/\/www.cnnbrasil.com.br\/esportes\/olimpiadas\/triatletas-sao-hospitalizados-apos-nadarem-no-rio-sena-belgica-desiste-de-prova\/\" class=\"text-red-600 underline hover:text-red-500 font-medium break-words\" target=\"_self\" rel=\"\">jogos ol\u00edmpicos do ano passado<\/a>.<\/p>\n<p class=\"my-5 break-words\">Os investimentos inclu\u00edram a conex\u00e3o de milhares de resid\u00eancias ao sistema de esgoto, a moderniza\u00e7\u00e3o das esta\u00e7\u00f5es de tratamento de \u00e1gua e a constru\u00e7\u00e3o de grandes reservat\u00f3rios de \u00e1gua da chuva para evitar o transbordamento do esgoto durante fortes tempestades.<\/p>\n<p class=\"my-5 break-words\">Embora tenham ocorrido atrasos, causados \u200b\u200bpelo impacto das fortes chuvas que afetaram algumas sess\u00f5es de treinamento ol\u00edmpico e o evento de triatlo masculino, as competi\u00e7\u00f5es no Sena foram realizadas, refor\u00e7ando a confian\u00e7a na seguran\u00e7a do rio para nado p\u00fablico.<\/p>\n<p class=\"my-5 break-words\">Testes di\u00e1rios de qualidade da \u00e1gua ser\u00e3o realizados durante a temporada para nado p\u00fablico, com bandeiras verdes e vermelhas \u2013 semelhantes aos sistemas de seguran\u00e7a de praias \u2013 indicando se as \u00e1reas de nata\u00e7\u00e3o est\u00e3o abertas ou fechadas.<\/p>\n<p class=\"my-5 break-words\">&#8220;Obviamente, se abrirmos a \u00e1rea \u00e9 porque a \u00e1gua est\u00e1 em conformidade com os regulamentos, n\u00e3o representando absolutamente nenhum perigo para as pessoas que v\u00e3o nadar&#8221;, disse Rabadan \u00e0 Reuters.<\/p>\n<p class=\"my-5 break-words\">Al\u00e9m dos tr\u00eas locais dentro de <a href=\"https:\/\/www.cnnbrasil.com.br\/nacional\/norte\/pa\/cop30-sera-marco-para-acelerar-acordo-de-paris-diz-ceo-ana-toni\/\" class=\"text-red-600 underline hover:text-red-500 font-medium break-words\" target=\"_self\" rel=\"\">Paris<\/a>, 14 \u00e1reas para nado p\u00fablico fora dos limites da capital ser\u00e3o instaladas nos rios Sena e Marne. Duas delas j\u00e1 foram abertas no Marne em junho.<\/p>\n<\/div>\n<p><br \/>\n<br \/><a href=\"https:\/\/www.cnnbrasil.com.br\/internacional\/banhistas-mergulham-no-rio-sena-apos-reabertura-para-nado\/\">CNN Brasil <\/a><\/p>\n","protected":false},"excerpt":{"rendered":"<p>Os parisienses aproveitaram para dar um mergulho no Rio Sena neste s\u00e1bado (5), quando as autoridades abriram o local para nado p\u00fablico pela primeira vez desde 1923, ap\u00f3s uma extensa opera\u00e7\u00e3o de limpeza impulsionada pela utiliza\u00e7\u00e3o das \u00e1guas como sede das Olimp\u00edadas de Paris, em 2024. Tr\u00eas locais ao longo das margens do Sena poder\u00e3o [&hellip;]<\/p>\n","protected":false},"author":1,"featured_media":10577,"comment_status":"closed","ping_status":"","sticky":false,"template":"","format":"standard","meta":{"footnotes":""},"categories":[17],"tags":[],"class_list":["post-10576","post","type-post","status-publish","format-standard","has-post-thumbnail","hentry","category-meio-ambiente"],"_links":{"self":[{"href":"https:\/\/diarioalagoas.com.br\/index.php?rest_route=\/wp\/v2\/posts\/10576","targetHints":{"allow":["GET"]}}],"collection":[{"href":"https:\/\/diarioalagoas.com.br\/index.php?rest_route=\/wp\/v2\/posts"}],"about":[{"href":"https:\/\/diarioalagoas.com.br\/index.php?rest_route=\/wp\/v2\/types\/post"}],"author":[{"embeddable":true,"href":"https:\/\/diarioalagoas.com.br\/index.php?rest_route=\/wp\/v2\/users\/1"}],"replies":[{"embeddable":true,"href":"https:\/\/diarioalagoas.com.br\/index.php?rest_route=%2Fwp%2Fv2%2Fcomments&post=10576"}],"version-history":[{"count":0,"href":"https:\/\/diarioalagoas.com.br\/index.php?rest_route=\/wp\/v2\/posts\/10576\/revisions"}],"wp:featuredmedia":[{"embeddable":true,"href":"https:\/\/diarioalagoas.com.br\/index.php?rest_route=\/wp\/v2\/media\/10577"}],"wp:attachment":[{"href":"https:\/\/diarioalagoas.com.br\/index.php?rest_route=%2Fwp%2Fv2%2Fmedia&parent=10576"}],"wp:term":[{"taxonomy":"category","embeddable":true,"href":"https:\/\/diarioalagoas.com.br\/index.php?rest_route=%2Fwp%2Fv2%2Fcategories&post=10576"},{"taxonomy":"post_tag","embeddable":true,"href":"https:\/\/diarioalagoas.com.br\/index.php?rest_route=%2Fwp%2Fv2%2Ftags&post=10576"}],"curies":[{"name":"wp","href":"https:\/\/api.w.org\/{rel}","templated":true}]}}