{"id":23283,"date":"2026-01-18T15:27:01","date_gmt":"2026-01-18T18:27:01","guid":{"rendered":"https:\/\/diarioalagoas.com.br\/?p=23283"},"modified":"2026-01-18T15:27:01","modified_gmt":"2026-01-18T18:27:01","slug":"botucatu-inicia-vacinacao-contra-dengue-com-imunizante-do-butantan","status":"publish","type":"post","link":"https:\/\/diarioalagoas.com.br\/?p=23283","title":{"rendered":"Botucatu inicia vacina\u00e7\u00e3o contra dengue com imunizante do Butantan"},"content":{"rendered":"<p> <br \/>\n<\/p>\n<div>\n<p>O ministro da Sa\u00fade, Alexandre Padilha, deu in\u00edcio neste domingo (18) \u00e0 campanha de vacina\u00e7\u00e3o em massa contra a dengue na cidade paulista de\u00a0Botucatu, com o uso da vacina Butantan-DV. <strong>O imunizante \u00e9 o primeiro do mundo em dose \u00fanica que previne contra a arbovirose, com tecnologia 100% nacional\u00a0desenvolvida pelo Instituto Butantan.<\/strong><img decoding=\"async\" src=\"https:\/\/agenciabrasil.ebc.com.br\/ebc.png?id=1675290&amp;o=node\" style=\"width:1px; height:1px; display:inline;\"\/><img decoding=\"async\" src=\"https:\/\/agenciabrasil.ebc.com.br\/ebc.gif?id=1675290&amp;o=node\" style=\"width:1px; height:1px; display:inline;\"\/><\/p>\n<p>O estudo \u00e9 desenvolvido pelo Minist\u00e9rio da Sa\u00fade, a Prefeitura de Botucatu, a Faculdade de Medicina da Universidade Estadual Paulista (Unesp) de Botucatu e pelo Instituto Butantan.<\/p>\n<p>Ao todo, o Minist\u00e9rio da Sa\u00fade decidiu vacinar a popula\u00e7\u00e3o de 15 a 59 anos de tr\u00eas munic\u00edpios inteiros, antes de levar o imunizante para todo o Brasil. O objetivo \u00e9 avaliar a efetividade da imuniza\u00e7\u00e3o, o impacto na popula\u00e7\u00e3o e a circula\u00e7\u00e3o do v\u00edrus na comunidade.<\/p>\n<blockquote>\n<p>\u201cEsse \u00e9 o primeiro passo da vacina do Butantan no nosso calend\u00e1rio de vacina\u00e7\u00e3o da dengue\u201d, declarou o ministro, neste domingo.<\/p>\n<\/blockquote>\n<h2>Estrat\u00e9gia piloto<\/h2>\n<p>Al\u00e9m de Botucatu, a\u00a0estrat\u00e9gia piloto \u00e9 realizada, a partir deste fim de semana, nos munic\u00edpios de\u00a0Maranguape (CE) e Nova Lima (MG).<\/p>\n<p>De acordo com o Minist\u00e9rio da Sa\u00fade, <strong>as cidades foram escolhidas por terem popula\u00e7\u00e3o entre 100 mil e 200 mil habitantes, pelo hist\u00f3rico de vacina\u00e7\u00e3o e pela proximidade a outras grandes regi\u00f5es metropolitanas.<\/strong><\/p>\n<p>O ministro Padilha confirma que a meta \u00e9 ter 40% da popula\u00e7\u00e3o vacinada na faixa et\u00e1ria estabelecida pelo Minist\u00e9rio da Sa\u00fade.<\/p>\n<p>\u201cNossa meta \u00e9 chegar o mais r\u00e1pido poss\u00edvel a cobrir essa popula\u00e7\u00e3o de 15 a 59 anos e, com isso, confirmar o que os estudos projetam. Se a gente chegar a 40 a 50% da popula\u00e7\u00e3o vacinada, al\u00e9m de proteger cada indiv\u00edduo que se vacina, essa vacina tem um forte impacto no controle da doen\u00e7a na cidade como um todo.\u201d<\/p>\n<p>Nesta primeira etapa, 204,1 mil doses ser\u00e3o distribu\u00eddas entre os tr\u00eas munic\u00edpios: 80 mil para Botucatu (SP), 60,1 mil\u00a0para Maranguape (CE) e 64 mil para Nova Lima (MG).<\/p>\n<p>O quantitativo \u00e9 suficiente para a vacina\u00e7\u00e3o em massa da popula\u00e7\u00e3o-alvo nessas cidades e faz parte das 1,3 milh\u00e3o de doses produzidas pelo Instituto Butantan.\u00a0<\/p>\n<h2>Botucatu<\/h2>\n<p>Esta \u00e9 a segunda vez que o munic\u00edpio de Botucatu realiza uma vacina\u00e7\u00e3o em massa para avaliar a efetividade de uma vacina. <a href=\"https:\/\/agenciabrasil.ebc.com.br\/saude\/noticia\/2021-05\/botucatu-inicia-neste-domingo-vacinacao-em-massa-da-populacao-adulta\" target=\"_blank\">Em maio de 2021, teve in\u00edcio na cidade a vacina\u00e7\u00e3o \u00a0contra a covid-19 com uma dose do imunizante produzido pelos laborat\u00f3rios AstraZeneca\/Oxford\/Fiocruz.<\/a> \u00c0 \u00e9poca <a href=\"https:\/\/agenciabrasil.ebc.com.br\/saude\/noticia\/2021-08\/vacinacao-em-massa-apresenta-resultados-positivos-no-interior-paulista\" target=\"_blank\">o esquema vacinal teve impacto positivo nas interna\u00e7\u00f5es hospitalares<\/a>.<\/p>\n<p>Para a escolha de Botucatu, o ministro da Sa\u00fade explicou que <strong>pesou o fato de<\/strong> <strong>o estado de S\u00e3o Paulo ter sido a unidade da federa\u00e7\u00e3o que mais concentrou casos de dengue no ano passado e tamb\u00e9m onde teve maior circula\u00e7\u00e3o do dengue tipo 3<\/strong>.<\/p>\n<div class=\"dnd-widget-wrapper context-medio_4colunas type-image atom-align-left\">\n<div class=\"dnd-atom-rendered\"><!-- scald=450542:medio_4colunas {\"additionalClasses\":\"\"} --><br \/>\n            <img decoding=\"async\" src=\"https:\/\/imagens.ebc.com.br\/6k0oGqkH1-n5UHCg2t7KgduFXYE=\/365x0\/smart\/https:\/\/agenciabrasil.ebc.com.br\/sites\/default\/files\/thumbnails\/image\/2026\/01\/18\/whatsapp_image_2026-01-18_at_12.30.11.jpeg?itok=Ud-ZmjUC\" alt=\"Botucatu (SP), 18\/01\/2026 - O ministro da Sa\u00fade, Alexandre Padilha, iniciou a vacina\u00e7\u00e3o contra a dengue com a primeira vacina 100% nacional, de dose \u00fanica, desenvolvida pelo Instituto Butantan. Foto: Walterson Rosa\/MS\" title=\"Walterson Rosa\/MS\"\/><br \/>\n        <img decoding=\"async\" src=\"https:\/\/imagens.ebc.com.br\/6k0oGqkH1-n5UHCg2t7KgduFXYE=\/365x0\/smart\/https:\/\/agenciabrasil.ebc.com.br\/sites\/default\/files\/thumbnails\/image\/2026\/01\/18\/whatsapp_image_2026-01-18_at_12.30.11.jpeg?itok=Ud-ZmjUC\" alt=\"Botucatu (SP), 18\/01\/2026 - O ministro da Sa\u00fade, Alexandre Padilha, iniciou a vacina\u00e7\u00e3o contra a dengue com a primeira vacina 100% nacional, de dose \u00fanica, desenvolvida pelo Instituto Butantan. Foto: Walterson Rosa\/MS\" title=\"Walterson Rosa\/MS\"\/><br \/>\n    <!-- END scald=450542 --><\/div>\n<p><h6 class=\"meta\">Vacina 100% nacional, de dose \u00fanica, desenvolvida pelo Instituto Butantan. Foto: Walterson Rosa\/MS<!--END copyright=450542--><\/h6>\n<\/p>\n<\/div>\n<p>\u201cComo circulou dengue tipo 3 aqui, no estado de S\u00e3o Paulo, \u00e9 uma grande oportunidade para a gente avaliar o impacto que essa vacina vai ter na dengue tipo 3, na possibilidade de controlar rapidamente a dengue na cidade.\u201d<\/p>\n<p>A prefeitura disponibilizou 28 pontos de vacina\u00e7\u00e3o, como Unidades B\u00e1sicas de Sa\u00fade\u00a0(UBS)\u00a0e outros pontos de vacina\u00e7\u00e3o instalados pela cidade e em locais estrat\u00e9gicos.\u00a0<\/p>\n<p>Para evitar aglomera\u00e7\u00f5es, a recomenda\u00e7\u00e3o \u00e9 que as pessoas de 35 a 59 anos compare\u00e7am \u00e0\u00a0sua unidade de sa\u00fade de refer\u00eancia\u00a0pela manh\u00e3 (8h \u00e0s 12h30), e jovens de 15 a 34 anos, no per\u00edodo da tarde (12h30 \u00e0s 17h). Os menores de 18 anos dever\u00e3o estar acompanhados por um respons\u00e1vel legal.<\/p>\n<p><a href=\"https:\/\/www.botucatu.sp.gov.br\/pagina\/113\/locais-de-vacinacao-contra-a-dengue\/\" target=\"_blank\">Os locais de vacina\u00e7\u00e3o contra a dengue est\u00e3o dispon\u00edveis no site da prefeitura de Botucatu<\/a>.<\/p>\n<p>\u00a0<\/p>\n<h2>Vacina nacional<\/h2>\n<p><a href=\"https:\/\/agenciabrasil.ebc.com.br\/saude\/noticia\/2025-11\/anvisa-aprova-registro-de-vacina-100-nacional-contra-dengue\" target=\"_blank\">A vacina Butantan-DV foi aprovada pela Ag\u00eancia Nacional de Vigil\u00e2ncia Sanit\u00e1ria (Anvisa)<\/a> e protege contra os quatro sorotipos da doen\u00e7a (DENV-1, DENV-2, DENV-3 e DENV-4).<\/p>\n<p>O estudo cl\u00ednico do imunizante Butantan-DV comprovou efic\u00e1cia de 74% contra casos gerais de dengue, de mais de 91% contra casos graves e de 100% contra hospitaliza\u00e7\u00f5es por dengue. Esse estudo foi realizado entre os anos de 2016 e 2024, com mais de 16 mil volunt\u00e1rios residentes de 14 estados brasileiros.<\/p>\n<p>O primeiro imunizante contra a dengue em dose \u00fanica no mundo adota a tecnologia de v\u00edrus vivo atenuado e foi desenvolvida pelo Instituto Butantan, a partir de uma parceria articulada pelo Minist\u00e9rio da Sa\u00fade com a empresa chinesa\u00a0WuXi Vaccines.<\/p>\n<p>Para o p\u00fablico de 10 a 14 anos, continua sendo ofertada a vacina internacional QDenga, de produ\u00e7\u00e3o japonesa, com esquema de duas doses.\u00a0Neste caso, a vacina\u00e7\u00e3o \u00e9 feita\u00a0exclusivamente\u00a0em Unidades B\u00e1sicas de Sa\u00fade (UBS), nos mais de 5,5 mil munic\u00edpios brasileiros.<\/p>\n<p>      <!-- Relacionada --><\/p>\n<p>            <!-- Relacionada -->\n    <\/div>\n<p><br \/>\n<br \/><a href=\"https:\/\/agenciabrasil.ebc.com.br\/saude\/noticia\/2026-01\/botucatu-inicia-vacinacao-contra-dengue-com-imunizante-do-butantan\">Ag\u00eancia Brasil<\/a><\/p>\n","protected":false},"excerpt":{"rendered":"<p>O ministro da Sa\u00fade, Alexandre Padilha, deu in\u00edcio neste domingo (18) \u00e0 campanha de vacina\u00e7\u00e3o em massa contra a dengue na cidade paulista de\u00a0Botucatu, com o uso da vacina Butantan-DV. O imunizante \u00e9 o primeiro do mundo em dose \u00fanica que previne contra a arbovirose, com tecnologia 100% nacional\u00a0desenvolvida pelo Instituto Butantan. O estudo \u00e9 [&hellip;]<\/p>\n","protected":false},"author":1,"featured_media":23284,"comment_status":"closed","ping_status":"","sticky":false,"template":"","format":"standard","meta":{"footnotes":""},"categories":[18],"tags":[],"class_list":["post-23283","post","type-post","status-publish","format-standard","has-post-thumbnail","hentry","category-saude"],"_links":{"self":[{"href":"https:\/\/diarioalagoas.com.br\/index.php?rest_route=\/wp\/v2\/posts\/23283","targetHints":{"allow":["GET"]}}],"collection":[{"href":"https:\/\/diarioalagoas.com.br\/index.php?rest_route=\/wp\/v2\/posts"}],"about":[{"href":"https:\/\/diarioalagoas.com.br\/index.php?rest_route=\/wp\/v2\/types\/post"}],"author":[{"embeddable":true,"href":"https:\/\/diarioalagoas.com.br\/index.php?rest_route=\/wp\/v2\/users\/1"}],"replies":[{"embeddable":true,"href":"https:\/\/diarioalagoas.com.br\/index.php?rest_route=%2Fwp%2Fv2%2Fcomments&post=23283"}],"version-history":[{"count":0,"href":"https:\/\/diarioalagoas.com.br\/index.php?rest_route=\/wp\/v2\/posts\/23283\/revisions"}],"wp:featuredmedia":[{"embeddable":true,"href":"https:\/\/diarioalagoas.com.br\/index.php?rest_route=\/wp\/v2\/media\/23284"}],"wp:attachment":[{"href":"https:\/\/diarioalagoas.com.br\/index.php?rest_route=%2Fwp%2Fv2%2Fmedia&parent=23283"}],"wp:term":[{"taxonomy":"category","embeddable":true,"href":"https:\/\/diarioalagoas.com.br\/index.php?rest_route=%2Fwp%2Fv2%2Fcategories&post=23283"},{"taxonomy":"post_tag","embeddable":true,"href":"https:\/\/diarioalagoas.com.br\/index.php?rest_route=%2Fwp%2Fv2%2Ftags&post=23283"}],"curies":[{"name":"wp","href":"https:\/\/api.w.org\/{rel}","templated":true}]}}