{"id":28623,"date":"2026-04-25T14:51:53","date_gmt":"2026-04-25T17:51:53","guid":{"rendered":"https:\/\/diarioalagoas.com.br\/?p=28623"},"modified":"2026-04-25T14:51:53","modified_gmt":"2026-04-25T17:51:53","slug":"vacinacao-nas-escolas-segue-ate-dia-30-e-meta-e-imunizar-27-milhoes","status":"publish","type":"post","link":"https:\/\/diarioalagoas.com.br\/?p=28623","title":{"rendered":"Vacina\u00e7\u00e3o nas escolas segue at\u00e9 dia 30 e meta \u00e9 imunizar 27 milh\u00f5es"},"content":{"rendered":"<p> <br \/>\n<\/p>\n<div>\n<p>A <a href=\"https:\/\/www.gov.br\/saude\/pt-br\/campanhas-da-saude\/2026\/vacinacao-nas-escolas\" target=\"_blank\">Semana de Vacina\u00e7\u00e3o nas Escolas<\/a> tem meta de imunizar 27 milh\u00f5es de estudantes de escolas p\u00fablicas do pa\u00eds at\u00e9 a pr\u00f3xima quinta-feira (30). A campanha que come\u00e7ou nesta sexta-feira (24) visa atualizar a caderneta de vacina\u00e7\u00e3o de crian\u00e7as e adolescentes de 9 meses a 15 anos com a oferta de seis tipos de imunizantes.<img decoding=\"async\" src=\"https:\/\/agenciabrasil.ebc.com.br\/ebc.png?id=1687213&amp;o=node\" style=\"width:1px; height:1px; display:inline;\"\/><img decoding=\"async\" src=\"https:\/\/agenciabrasil.ebc.com.br\/ebc.gif?id=1687213&amp;o=node\" style=\"width:1px; height:1px; display:inline;\"\/><\/p>\n<p>As vacinas ofertadas s\u00e3o: HPV, febre amarela, tr\u00edplice viral, tr\u00edplice bacteriana (DTP), meningoc\u00f3cica ACWY e covid-19. A estrat\u00e9gia tamb\u00e9m inclui a vacina\u00e7\u00e3o contra o HPV para jovens de 15 a 19 anos que ainda n\u00e3o se imunizaram.<\/p>\n<p>A vacina\u00e7\u00e3o \u00e9 realizada por profissionais de sa\u00fade, mediante autoriza\u00e7\u00e3o dos pais ou respons\u00e1veis.<\/p>\n<p>A a\u00e7\u00e3o integra o <a href=\"https:\/\/www.gov.br\/saude\/pt-br\/composicao\/saps\/pse\" target=\"_blank\">Programa Sa\u00fade na Escola (PSE)<\/a>, parceria entre os minist\u00e9rios da Sa\u00fade e da Educa\u00e7\u00e3o.<\/p>\n<p><strong>O governo tamb\u00e9m refor\u00e7a o uso da Caderneta Digital de Vacina\u00e7\u00e3o da Crian\u00e7a, dispon\u00edvel no aplicativo Meu SUS Digital. Lan\u00e7ada em abril de 2025, a ferramenta j\u00e1 soma mais de 3,3 milh\u00f5es de acessos e permite acompanhar o hist\u00f3rico de vacinas e consultar as pr\u00f3ximas doses.<\/strong><\/p>\n<p>Agora, o aplicativo tem uma nova funcionalidade e passou a enviar lembretes autom\u00e1ticos para pais, m\u00e3es e respons\u00e1veis, de acordo com a idade das crian\u00e7as, incentivando a atualiza\u00e7\u00e3o da caderneta.<\/p>\n<h2>Cobertura vacinal<\/h2>\n<p>Em comunicado, o Minist\u00e9rio da Sa\u00fade destacou a revers\u00e3o da queda hist\u00f3rica nas coberturas vacinais registrada nos anos anteriores, agravada pelos impactos da pandemia de covid-19. De acordo com a pasta, em 2025, todas as vacinas do calend\u00e1rio infantil apresentaram aumento de cobertura em rela\u00e7\u00e3o a 2022.<\/p>\n<p><strong>A tr\u00edplice viral, que protege contra sarampo, caxumba e rub\u00e9ola, chegou a 92,96% de cobertura, ante 80,7% em 2022, mantendo o Brasil livre do sarampo, mesmo diante do avan\u00e7o de casos na Am\u00e9rica do Norte.<\/strong><\/p>\n<p>A vacina\u00e7\u00e3o contra o HPV, que previne o c\u00e2ncer de colo de \u00fatero, tamb\u00e9m avan\u00e7ou. A cobertura chegou a 86,11% entre meninas de 9 a 14 anos e a 74,46% entre os meninos. No p\u00fablico feminino, o \u00edndice \u00e9 cinco vezes superior \u00e0 m\u00e9dia mundial.<\/p>\n<p>No caso da meningite, a cobertura da vacina meningoc\u00f3cica ACWY passou de 45,8% em 2022 para 67,75% em 2025.<\/p>\n<p>      <!-- Relacionada --><\/p>\n<p>            <!-- Relacionada -->\n    <\/div>\n<p><br \/>\n<br \/><a href=\"https:\/\/agenciabrasil.ebc.com.br\/saude\/noticia\/2026-04\/vacinacao-nas-escolas-segue-ate-dia-30-e-meta-e-imunizar-27-milhoes\">Ag\u00eancia Brasil<\/a><\/p>\n","protected":false},"excerpt":{"rendered":"<p>A Semana de Vacina\u00e7\u00e3o nas Escolas tem meta de imunizar 27 milh\u00f5es de estudantes de escolas p\u00fablicas do pa\u00eds at\u00e9 a pr\u00f3xima quinta-feira (30). A campanha que come\u00e7ou nesta sexta-feira (24) visa atualizar a caderneta de vacina\u00e7\u00e3o de crian\u00e7as e adolescentes de 9 meses a 15 anos com a oferta de seis tipos de imunizantes. [&hellip;]<\/p>\n","protected":false},"author":1,"featured_media":28624,"comment_status":"closed","ping_status":"","sticky":false,"template":"","format":"standard","meta":{"footnotes":""},"categories":[18],"tags":[],"class_list":["post-28623","post","type-post","status-publish","format-standard","has-post-thumbnail","hentry","category-saude"],"_links":{"self":[{"href":"https:\/\/diarioalagoas.com.br\/index.php?rest_route=\/wp\/v2\/posts\/28623","targetHints":{"allow":["GET"]}}],"collection":[{"href":"https:\/\/diarioalagoas.com.br\/index.php?rest_route=\/wp\/v2\/posts"}],"about":[{"href":"https:\/\/diarioalagoas.com.br\/index.php?rest_route=\/wp\/v2\/types\/post"}],"author":[{"embeddable":true,"href":"https:\/\/diarioalagoas.com.br\/index.php?rest_route=\/wp\/v2\/users\/1"}],"replies":[{"embeddable":true,"href":"https:\/\/diarioalagoas.com.br\/index.php?rest_route=%2Fwp%2Fv2%2Fcomments&post=28623"}],"version-history":[{"count":0,"href":"https:\/\/diarioalagoas.com.br\/index.php?rest_route=\/wp\/v2\/posts\/28623\/revisions"}],"wp:featuredmedia":[{"embeddable":true,"href":"https:\/\/diarioalagoas.com.br\/index.php?rest_route=\/wp\/v2\/media\/28624"}],"wp:attachment":[{"href":"https:\/\/diarioalagoas.com.br\/index.php?rest_route=%2Fwp%2Fv2%2Fmedia&parent=28623"}],"wp:term":[{"taxonomy":"category","embeddable":true,"href":"https:\/\/diarioalagoas.com.br\/index.php?rest_route=%2Fwp%2Fv2%2Fcategories&post=28623"},{"taxonomy":"post_tag","embeddable":true,"href":"https:\/\/diarioalagoas.com.br\/index.php?rest_route=%2Fwp%2Fv2%2Ftags&post=28623"}],"curies":[{"name":"wp","href":"https:\/\/api.w.org\/{rel}","templated":true}]}}