{"id":28625,"date":"2026-04-25T14:59:37","date_gmt":"2026-04-25T17:59:37","guid":{"rendered":"https:\/\/diarioalagoas.com.br\/?p=28625"},"modified":"2026-04-25T14:59:37","modified_gmt":"2026-04-25T17:59:37","slug":"prefeitura-de-maceio-saude-promove-oficina-sobre-acompanhamento-da","status":"publish","type":"post","link":"https:\/\/diarioalagoas.com.br\/?p=28625","title":{"rendered":"Prefeitura de Macei\u00f3 | Sa\u00fade promove oficina sobre acompanhamento da\u2026"},"content":{"rendered":"<p> <br \/>\n<\/p>\n<div id=\"\">\n<p><span>A Secretaria de Sa\u00fade de Macei\u00f3 (SMS) promoveu, na \u00faltima sexta-feira (24), uma oficina estrat\u00e9gica voltada ao acompanhamento da pessoa idosa com dem\u00eancia na Aten\u00e7\u00e3o Prim\u00e1ria \u00e0 Sa\u00fade. O encontro foi realizado no audit\u00f3rio da Pol\u00edcia Federal, no bairro de Jaragu\u00e1, e reuniu profissionais da rede municipal em uma programa\u00e7\u00e3o voltada \u00e0 qualifica\u00e7\u00e3o do cuidado.<\/span><\/p>\n<p class=\"text-justify\"><span>A iniciativa do Programa de Aten\u00e7\u00e3o \u00e0 Sa\u00fade da Pessoa Idosa da SMS tem foco na preven\u00e7\u00e3o, identifica\u00e7\u00e3o precoce e atendimento da dem\u00eancia. A proposta foi capacitar os trabalhadores que atuam diretamente nos servi\u00e7os de sa\u00fade, fortalecendo a assist\u00eancia oferecida \u00e0 popula\u00e7\u00e3o idosa.<\/span><\/p>\n<p class=\"text-justify\"><span>De acordo com a coordenadora do programa, Denyse Maia, o cen\u00e1rio de envelhecimento populacional tem exigido maior preparo das equipes. \u201cO crescimento do n\u00famero de idosos refor\u00e7a a necessidade de uma Aten\u00e7\u00e3o Prim\u00e1ria mais atenta aos sinais de comprometimento cognitivo, garantindo interven\u00e7\u00f5es oportunas e um acompanhamento mais adequado, tanto para os pacientes, quanto para seus familiares\u201d, explicou.<\/span><\/p>\n<p class=\"text-justify\"><span>A oficina foi conduzida por assessores t\u00e9cnicos do Minist\u00e9rio da Sa\u00fade, assegurando que o conte\u00fado estivesse alinhado \u00e0s diretrizes da Pol\u00edtica Nacional de Sa\u00fade da Pessoa Idosa e contou com participa\u00e7\u00e3o de mais de 100 profissionais da rede municipal. A programa\u00e7\u00e3o abordou, desde estrat\u00e9gias de preven\u00e7\u00e3o, at\u00e9 orienta\u00e7\u00f5es pr\u00e1ticas para o cuidado e o acompanhamento de pessoas com dem\u00eancia no cotidiano das unidades de sa\u00fade.<\/span><\/p>\n<p class=\"text-justify\"><span>Ainda segundo Denyse Maia, a iniciativa contribuiu para o fortalecimento da rede de aten\u00e7\u00e3o. \u201cA atividade possibilitou alinhar pr\u00e1ticas e ampliar o olhar das equipes, promovendo um atendimento mais organizado, com diagn\u00f3sticos mais \u00e1geis e condutas mais eficazes no cuidado \u00e0 pessoa idosa\u201d, concluiu.<\/span><\/p>\n<div class=\"gallery-item\">\n<span class=\"gallery-item__legend\">T\u00e9cnicas do Minist\u00e9rio da Sa\u00fade, B\u00e1rbara Menezes e J\u00falia Santos ministraram a oficina. Fotos: Cortesia<\/span><\/div>\n<div class=\"gabinate\">\n<a href=\"https:\/\/maceio.al.gov.br\/secretarias-e-orgaos\/sms\">SMS<\/a><\/p>\n<h2>Secretaria Municipal de Sa\u00fade<\/h2>\n<p><span><\/p>\n<p>Rua Dias Cabral, 569 &#8211; Centro<br \/>CEP 57020-250 \/\/ Telefone: 82 3312-5400<br \/>Hor\u00e1rio de atendimento: segunda a sexta, de 8h \u00e0s 14h.<\/p>\n<p><\/span><\/div>\n<\/div>\n<p><script async defer crossorigin=\"anonymous\" src=\"https:\/\/connect.facebook.net\/pt_BR\/sdk.js#xfbml=1&#038;version=v12.0\" nonce=\"0pFl3y7T\"><\/script><br \/>\n<br \/><br \/>\n<br \/><a href=\"https:\/\/maceio.al.gov.br\/noticias\/sms\/saude-promove-oficina-sobre-acompanhamento-da-pessoa-idosa-com-demencia\">Prefeitura de Macei\u00f3 <\/a><\/p>\n","protected":false},"excerpt":{"rendered":"<p>A Secretaria de Sa\u00fade de Macei\u00f3 (SMS) promoveu, na \u00faltima sexta-feira (24), uma oficina estrat\u00e9gica voltada ao acompanhamento da pessoa idosa com dem\u00eancia na Aten\u00e7\u00e3o Prim\u00e1ria \u00e0 Sa\u00fade. O encontro foi realizado no audit\u00f3rio da Pol\u00edcia Federal, no bairro de Jaragu\u00e1, e reuniu profissionais da rede municipal em uma programa\u00e7\u00e3o voltada \u00e0 qualifica\u00e7\u00e3o do cuidado. [&hellip;]<\/p>\n","protected":false},"author":1,"featured_media":28626,"comment_status":"closed","ping_status":"","sticky":false,"template":"","format":"standard","meta":{"footnotes":""},"categories":[9],"tags":[],"class_list":["post-28625","post","type-post","status-publish","format-standard","has-post-thumbnail","hentry","category-maceio"],"_links":{"self":[{"href":"https:\/\/diarioalagoas.com.br\/index.php?rest_route=\/wp\/v2\/posts\/28625","targetHints":{"allow":["GET"]}}],"collection":[{"href":"https:\/\/diarioalagoas.com.br\/index.php?rest_route=\/wp\/v2\/posts"}],"about":[{"href":"https:\/\/diarioalagoas.com.br\/index.php?rest_route=\/wp\/v2\/types\/post"}],"author":[{"embeddable":true,"href":"https:\/\/diarioalagoas.com.br\/index.php?rest_route=\/wp\/v2\/users\/1"}],"replies":[{"embeddable":true,"href":"https:\/\/diarioalagoas.com.br\/index.php?rest_route=%2Fwp%2Fv2%2Fcomments&post=28625"}],"version-history":[{"count":0,"href":"https:\/\/diarioalagoas.com.br\/index.php?rest_route=\/wp\/v2\/posts\/28625\/revisions"}],"wp:featuredmedia":[{"embeddable":true,"href":"https:\/\/diarioalagoas.com.br\/index.php?rest_route=\/wp\/v2\/media\/28626"}],"wp:attachment":[{"href":"https:\/\/diarioalagoas.com.br\/index.php?rest_route=%2Fwp%2Fv2%2Fmedia&parent=28625"}],"wp:term":[{"taxonomy":"category","embeddable":true,"href":"https:\/\/diarioalagoas.com.br\/index.php?rest_route=%2Fwp%2Fv2%2Fcategories&post=28625"},{"taxonomy":"post_tag","embeddable":true,"href":"https:\/\/diarioalagoas.com.br\/index.php?rest_route=%2Fwp%2Fv2%2Ftags&post=28625"}],"curies":[{"name":"wp","href":"https:\/\/api.w.org\/{rel}","templated":true}]}}