{"id":28629,"date":"2026-04-25T16:39:52","date_gmt":"2026-04-25T19:39:52","guid":{"rendered":"https:\/\/diarioalagoas.com.br\/?p=28629"},"modified":"2026-04-25T16:39:52","modified_gmt":"2026-04-25T19:39:52","slug":"campanha-em-escolas-do-df-alerta-para-prevencao-de-desastre-climatico","status":"publish","type":"post","link":"https:\/\/diarioalagoas.com.br\/?p=28629","title":{"rendered":"Campanha em escolas do DF alerta para preven\u00e7\u00e3o de desastre clim\u00e1tico"},"content":{"rendered":"<p> <br \/>\n<\/p>\n<div>\n<p><strong>Alunos, educadores, comunidades e iniciativas populares da capital federal participaram, ao longo dos \u00faltimos dois dias, da 9\u00aa Campanha Nacional #AprenderParaPrevenir: Cidades sem Risco.<\/strong><img decoding=\"async\" src=\"https:\/\/agenciabrasil.ebc.com.br\/ebc.png?id=1687233&amp;o=node\" style=\"width:1px; height:1px; display:inline;\"\/><img decoding=\"async\" src=\"https:\/\/agenciabrasil.ebc.com.br\/ebc.gif?id=1687233&amp;o=node\" style=\"width:1px; height:1px; display:inline;\"\/><\/p>\n<p>A proposta, encabe\u00e7ada pelo Minist\u00e9rio das Cidades, inclui atividades formativas em comunidades vulner\u00e1veis com foco na educa\u00e7\u00e3o para reconhecer riscos, prevenir e agir em meio a emerg\u00eancias clim\u00e1ticas.<\/p>\n<p>Em nota, a pasta informou que a campanha tem como objetivo fortalecer a atua\u00e7\u00e3o integrada entre comunidades, institui\u00e7\u00f5es p\u00fablicas e espa\u00e7os educativos em comunidades marcadas por desafios socioambientais e eventos extremos.<\/p>\n<blockquote>\n<p>\u201cA iniciativa estimula o desenvolvimento de campanhas locais de redu\u00e7\u00e3o de riscos de desastres no territ\u00f3rio onde vivem, ampliando a capacidade de preven\u00e7\u00e3o e resposta antes que emerg\u00eancias ocorram.\u201d<\/p>\n<\/blockquote>\n<p>Ainda segundo o comunicado, <strong>a campanha refor\u00e7a que a preven\u00e7\u00e3o a desastres come\u00e7a no cotidiano das comunidades, por meio da informa\u00e7\u00e3o, da educa\u00e7\u00e3o e da mobiliza\u00e7\u00e3o coletiva.<\/strong><\/p>\n<p>Durante os dois dias, a programa\u00e7\u00e3o incluiu di\u00e1logos, encontros formativos e oficinas de campanha, onde os participantes trabalharam na elabora\u00e7\u00e3o de propostas pr\u00e1ticas de mobiliza\u00e7\u00e3o de preven\u00e7\u00e3o.<\/p>\n<blockquote>\n<p>\u201cO objetivo \u00e9 fortalecer redes locais, qualificar os habitantes dos territ\u00f3rios e transformar conhecimento em a\u00e7\u00e3o concreta, contribuindo para cidades mais preparadas diante dos riscos clim\u00e1ticos\u201d, completou o minist\u00e9rio.<\/p>\n<\/blockquote>\n<h2>Sobre a campanha<\/h2>\n<p><strong>Em 2026, a campanha atua prioritariamente em 23 munic\u00edpios brasileiros e impacta diretamente cerca de 30 mil estudantes. Os encontros formativos j\u00e1 foram realizados nos seguintes estados: Pernambuco, Rio Grande do Norte, S\u00e3o Paulo, Rio de Janeiro e Rio Grande do Sul.<\/strong><\/p>\n<p>A iniciativa integra pol\u00edticas p\u00fablicas de educa\u00e7\u00e3o, ci\u00eancia e desenvolvimento urbano, fortalecendo a preven\u00e7\u00e3o como eixo estruturante da justi\u00e7a clim\u00e1tica em territ\u00f3rios mais vulner\u00e1veis.<\/p>\n<p>\u00a0<\/p>\n<p>      <!-- Relacionada --><\/p>\n<p>            <!-- Relacionada -->\n    <\/div>\n<p><br \/>\n<br \/><a href=\"https:\/\/agenciabrasil.ebc.com.br\/educacao\/noticia\/2026-04\/campanha-em-escolas-do-df-alerta-para-prevencao-de-desastre-climatico\">Ag\u00eancia Brasil<\/a><\/p>\n","protected":false},"excerpt":{"rendered":"<p>Alunos, educadores, comunidades e iniciativas populares da capital federal participaram, ao longo dos \u00faltimos dois dias, da 9\u00aa Campanha Nacional #AprenderParaPrevenir: Cidades sem Risco. A proposta, encabe\u00e7ada pelo Minist\u00e9rio das Cidades, inclui atividades formativas em comunidades vulner\u00e1veis com foco na educa\u00e7\u00e3o para reconhecer riscos, prevenir e agir em meio a emerg\u00eancias clim\u00e1ticas. Em nota, a [&hellip;]<\/p>\n","protected":false},"author":1,"featured_media":28630,"comment_status":"closed","ping_status":"","sticky":false,"template":"","format":"standard","meta":{"footnotes":""},"categories":[13],"tags":[],"class_list":["post-28629","post","type-post","status-publish","format-standard","has-post-thumbnail","hentry","category-educacao"],"_links":{"self":[{"href":"https:\/\/diarioalagoas.com.br\/index.php?rest_route=\/wp\/v2\/posts\/28629","targetHints":{"allow":["GET"]}}],"collection":[{"href":"https:\/\/diarioalagoas.com.br\/index.php?rest_route=\/wp\/v2\/posts"}],"about":[{"href":"https:\/\/diarioalagoas.com.br\/index.php?rest_route=\/wp\/v2\/types\/post"}],"author":[{"embeddable":true,"href":"https:\/\/diarioalagoas.com.br\/index.php?rest_route=\/wp\/v2\/users\/1"}],"replies":[{"embeddable":true,"href":"https:\/\/diarioalagoas.com.br\/index.php?rest_route=%2Fwp%2Fv2%2Fcomments&post=28629"}],"version-history":[{"count":0,"href":"https:\/\/diarioalagoas.com.br\/index.php?rest_route=\/wp\/v2\/posts\/28629\/revisions"}],"wp:featuredmedia":[{"embeddable":true,"href":"https:\/\/diarioalagoas.com.br\/index.php?rest_route=\/wp\/v2\/media\/28630"}],"wp:attachment":[{"href":"https:\/\/diarioalagoas.com.br\/index.php?rest_route=%2Fwp%2Fv2%2Fmedia&parent=28629"}],"wp:term":[{"taxonomy":"category","embeddable":true,"href":"https:\/\/diarioalagoas.com.br\/index.php?rest_route=%2Fwp%2Fv2%2Fcategories&post=28629"},{"taxonomy":"post_tag","embeddable":true,"href":"https:\/\/diarioalagoas.com.br\/index.php?rest_route=%2Fwp%2Fv2%2Ftags&post=28629"}],"curies":[{"name":"wp","href":"https:\/\/api.w.org\/{rel}","templated":true}]}}