{"id":28635,"date":"2026-04-25T19:00:48","date_gmt":"2026-04-25T22:00:48","guid":{"rendered":"https:\/\/diarioalagoas.com.br\/?p=28635"},"modified":"2026-04-25T19:00:48","modified_gmt":"2026-04-25T22:00:48","slug":"prefeitura-de-maceio-prefeito-rodrigo-cunha-entrega-novo-ecoponto","status":"publish","type":"post","link":"https:\/\/diarioalagoas.com.br\/?p=28635","title":{"rendered":"Prefeitura de Macei\u00f3 | Prefeito Rodrigo Cunha entrega novo Ecoponto\u2026"},"content":{"rendered":"<p> <br \/>\n<\/p>\n<div id=\"\">\n<p>O prefeito Rodrigo Cunha entregou, neste s\u00e1bado (25), mais um Ecoponto em Macei\u00f3, desta vez no bairro do Petr\u00f3polis. Com a nova unidade, a capital passa a contar com oito equipamentos voltados ao recebimento de res\u00edduos volumosos, fortalecendo o combate ao descarte irregular em vias p\u00fablicas, pra\u00e7as e terrenos baldios.<\/p>\n<p>Durante a entrega, o prefeito destacou a import\u00e2ncia da iniciativa para a preserva\u00e7\u00e3o ambiental e a melhoria da qualidade de vida da popula\u00e7\u00e3o.<\/p>\n<p>\u201cEstamos ampliando uma rede essencial para manter a cidade limpa e organizada. O Ecoponto \u00e9 uma solu\u00e7\u00e3o pr\u00e1tica para o cidad\u00e3o descartar corretamente seus res\u00edduos e, ao mesmo tempo, contribui diretamente para a sa\u00fade p\u00fablica e a preserva\u00e7\u00e3o do meio ambiente. Esse \u00e9 um compromisso da nossa gest\u00e3o com uma Macei\u00f3 mais sustent\u00e1vel\u201d, afirmou Rodrigo Cunha.<\/p>\n<div class=\"single-section-box single-section-img single-box-center\">\n<figure>\n<a href=\"https:\/\/cdnpm.dhost.cloud\/imagens\/25-04-26-Visita-Ecoponto-Petropolis-Rodrigo-Cunha-Foto-Felipe-Sostenes-24.jpg\" data-fancybox=\"images\"><br \/>\n<img decoding=\"async\" src=\"https:\/\/maceio.al.gov.br\/transform\/imagens\/_845xAUTO_crop_center-center_none\/25-04-26-Visita-Ecoponto-Petropolis-Rodrigo-Cunha-Foto-Felipe-Sostenes-24.jpg\" alt=\"Ecoponto Petr\u00f3polis \u00e9 o oitavo equipamento em Macei\u00f3. Foto: Felipe S\u00f3stenes\/ Secom Macei\u00f3\"\/><br \/>\n<\/a><figcaption><small class=\"img-credits\">Ecoponto Petr\u00f3polis \u00e9 o oitavo equipamento em Macei\u00f3. Foto: Felipe S\u00f3stenes\/ Secom Macei\u00f3<\/small><\/figcaption><\/figure>\n<\/div>\n<p>O novo Ecoponto, assim como os demais espalhados pela cidade, recebe gratuitamente m\u00f3veis velhos, res\u00edduos de constru\u00e7\u00e3o civil e restos de podas de \u00e1rvores (at\u00e9 um metro c\u00fabico), evitando que esses materiais sejam descartados de forma irregular.<\/p>\n<p>O diretor-presidente interino da Autarquia de Desenvolvimento Sustent\u00e1vel e Limpeza Urbana (Alurb), Jo\u00e3o Paulo Nunes, refor\u00e7ou a import\u00e2ncia da contribui\u00e7\u00e3o da popula\u00e7\u00e3o.<\/p>\n<p>\u201cA gente pede que o cidad\u00e3o que contrata um carroceiro tenha a certeza de que o material ser\u00e1 entregue em um desses locais e n\u00e3o despejado de forma irregular. Assim, conseguimos cuidar melhor da nossa cidade e garantir a destina\u00e7\u00e3o correta dos res\u00edduos s\u00f3lidos\u201d, ressaltou.<\/p>\n<p>A gest\u00e3o dos Ecopontos, realizada pela Alurb, tem apresentado resultados positivos. No primeiro trimestre deste ano, foi registrada uma redu\u00e7\u00e3o de 20% no descarte irregular em compara\u00e7\u00e3o com o mesmo per\u00edodo de 2025, resultado tamb\u00e9m das a\u00e7\u00f5es de educa\u00e7\u00e3o ambiental e fiscaliza\u00e7\u00e3o.<\/p>\n<p>O Ecoponto Petr\u00f3polis est\u00e1 localizado na Avenida Jorge de Lima, ap\u00f3s o Residencial Parque Petr\u00f3polis III, e funciona todos os dias, das 6h \u00e0s 18h.<\/p>\n<p><strong>Endere\u00e7os dos Ecopontos em Macei\u00f3:<\/strong><\/p>\n<ul>\n<li>Paju\u00e7ara: Rua Campos Teixeira, n\u00ba 476;<\/li>\n<li>Tabuleiro: Rua Botafogo, por tr\u00e1s do Posto de Sa\u00fade Dr. Ib Gatto Falc\u00e3o;<\/li>\n<li>Dique Estrada: Av. Governador Teobaldo Barbosa \u2013 Vergel do Lago;<\/li>\n<li>Santa L\u00facia: Avenida Oswaldo Ramos, 912 \u2013 Jardim Petr\u00f3polis;<\/li>\n<li>Gruta de Lourdes: Rua Ant\u00f4nio Menezes de Ara\u00fajo Lemos, 143;<\/li>\n<li>Santa Maria: Av. Lourival Melo Mota, Conjunto Santa Maria, s\/n \u2013 Cidade Universit\u00e1ria;<\/li>\n<li>PDR Feitosa: Rua Andr\u00e9 Cardoso Borba, 366\/394 \u2013 Feitosa;<\/li>\n<li>Petr\u00f3polis: Avenida Jorge de Lima \u2013 Petr\u00f3polis.<\/li>\n<\/ul>\n<div class=\"gallery-item\">\n<div class=\"gallery-block masonry\">\n<div class=\"masonry-brick\">\n<a data-fancybox=\"gallery\" href=\"https:\/\/cdnpm.dhost.cloud\/imagens\/0xWMInGg.jpeg\" class=\"masonry-content\"><br \/>\n<img decoding=\"async\" src=\"https:\/\/maceio.al.gov.br\/transform\/imagens\/_206x160_crop_center-center_none\/0xWMInGg.jpeg\" alt=\"\"\/><br \/>\n<\/a><\/div>\n<div class=\"masonry-brick\">\n<a data-fancybox=\"gallery\" href=\"https:\/\/cdnpm.dhost.cloud\/imagens\/NO1koWXA.jpeg\" class=\"masonry-content\"><br \/>\n<img decoding=\"async\" src=\"https:\/\/maceio.al.gov.br\/transform\/imagens\/_206x160_crop_center-center_none\/NO1koWXA.jpeg\" alt=\"\"\/><br \/>\n<\/a><\/div>\n<\/div>\n<p><span class=\"gallery-item__legend\">Ecoponto Petr\u00f3polis tamb\u00e9m recebe res\u00edduos volumosos. Fotos: Felipe S\u00f3stenes\/ Secom Macei\u00f3<\/span><\/div>\n<div class=\"gabinate\">\n<a href=\"https:\/\/maceio.al.gov.br\/secretarias-e-orgaos\/alurb\">ALURB<\/a><\/p>\n<h2>Autarquia de Desenvolvimento Sustent\u00e1vel e Limpeza Urbana<\/h2>\n<p><span><\/p>\n<p>Rua Cel. Pedro Lima, 69 &#8211; Jaragu\u00e1;<br \/>CEP 57022-220 \/\/ Telefone: (82) 3312-5380 | Central de Monitoramento Sudes: 0800 082 2600 \/ (82) 98802-4834 (Whatsapp) | Informa\u00e7\u00f5es\/Agendamento Parques: (82) 98801-3651<br \/><a href=\"http:\/\/maceio.al.gov.br\/cdn-cgi\/l\/email-protection#5c2c2e3328333f3330331c3d30292e3e72313d3f393533723d30723b332a723e2e\" target=\"_blank\" rel=\"noreferrer noopener\"><span class=\"__cf_email__\" data-cfemail=\"87f7f5e8f3e8e4e8ebe8c7e6ebf2f5e5a9eae6e4e2eee8a9e6eba9e0e8f1a9e5f5\">[email\u00a0protected]<\/span><\/a><br \/>Hor\u00e1rio de atendimento: segunda a sexta, de 8h \u00e0s 14h<\/p>\n<p><\/span><\/div>\n<\/div>\n<p><script async defer crossorigin=\"anonymous\" src=\"https:\/\/connect.facebook.net\/pt_BR\/sdk.js#xfbml=1&#038;version=v12.0\" nonce=\"0pFl3y7T\"><\/script><br \/>\n<br \/><br \/>\n<br \/><a href=\"https:\/\/maceio.al.gov.br\/noticias\/alurb\/prefeito-rodrigo-cunha-entrega-novo-ecoponto-no-petropolis-e-reforca-combate-ao-descarte-irregular-em-maceio\">Prefeitura de Macei\u00f3 <\/a><\/p>\n","protected":false},"excerpt":{"rendered":"<p>O prefeito Rodrigo Cunha entregou, neste s\u00e1bado (25), mais um Ecoponto em Macei\u00f3, desta vez no bairro do Petr\u00f3polis. Com a nova unidade, a capital passa a contar com oito equipamentos voltados ao recebimento de res\u00edduos volumosos, fortalecendo o combate ao descarte irregular em vias p\u00fablicas, pra\u00e7as e terrenos baldios. Durante a entrega, o prefeito [&hellip;]<\/p>\n","protected":false},"author":1,"featured_media":28636,"comment_status":"closed","ping_status":"","sticky":false,"template":"","format":"standard","meta":{"footnotes":""},"categories":[9],"tags":[],"class_list":["post-28635","post","type-post","status-publish","format-standard","has-post-thumbnail","hentry","category-maceio"],"_links":{"self":[{"href":"https:\/\/diarioalagoas.com.br\/index.php?rest_route=\/wp\/v2\/posts\/28635","targetHints":{"allow":["GET"]}}],"collection":[{"href":"https:\/\/diarioalagoas.com.br\/index.php?rest_route=\/wp\/v2\/posts"}],"about":[{"href":"https:\/\/diarioalagoas.com.br\/index.php?rest_route=\/wp\/v2\/types\/post"}],"author":[{"embeddable":true,"href":"https:\/\/diarioalagoas.com.br\/index.php?rest_route=\/wp\/v2\/users\/1"}],"replies":[{"embeddable":true,"href":"https:\/\/diarioalagoas.com.br\/index.php?rest_route=%2Fwp%2Fv2%2Fcomments&post=28635"}],"version-history":[{"count":0,"href":"https:\/\/diarioalagoas.com.br\/index.php?rest_route=\/wp\/v2\/posts\/28635\/revisions"}],"wp:featuredmedia":[{"embeddable":true,"href":"https:\/\/diarioalagoas.com.br\/index.php?rest_route=\/wp\/v2\/media\/28636"}],"wp:attachment":[{"href":"https:\/\/diarioalagoas.com.br\/index.php?rest_route=%2Fwp%2Fv2%2Fmedia&parent=28635"}],"wp:term":[{"taxonomy":"category","embeddable":true,"href":"https:\/\/diarioalagoas.com.br\/index.php?rest_route=%2Fwp%2Fv2%2Fcategories&post=28635"},{"taxonomy":"post_tag","embeddable":true,"href":"https:\/\/diarioalagoas.com.br\/index.php?rest_route=%2Fwp%2Fv2%2Ftags&post=28635"}],"curies":[{"name":"wp","href":"https:\/\/api.w.org\/{rel}","templated":true}]}}