{"id":28639,"date":"2026-04-25T22:15:57","date_gmt":"2026-04-26T01:15:57","guid":{"rendered":"https:\/\/diarioalagoas.com.br\/?p=28639"},"modified":"2026-04-25T22:15:57","modified_gmt":"2026-04-26T01:15:57","slug":"flamengo-derrota-vitoria-e-fica-perto-de-lideres-no-br-feminino","status":"publish","type":"post","link":"https:\/\/diarioalagoas.com.br\/?p=28639","title":{"rendered":"Flamengo derrota Vit\u00f3ria e fica perto de l\u00edderes no BR Feminino"},"content":{"rendered":"<p> <br \/>\n<\/p>\n<div>\n<p>Em partida transmitida ao vivo pela <strong>TV Brasil<\/strong>, o Flamengo derrotou o Vit\u00f3ria pelo placar de 3 a 1, na tarde deste s\u00e1bado (25) no est\u00e1dio Luso-Brasileiro, no Rio de Janeiro, em partida v\u00e1lida pela 8\u00aa rodada da S\u00e9rie A1 do Campeonato Brasileiro de futebol feminino.<img decoding=\"async\" src=\"https:\/\/agenciabrasil.ebc.com.br\/ebc.png?id=1687254&amp;o=node\" style=\"width:1px; height:1px; display:inline;\"\/><img decoding=\"async\" src=\"https:\/\/agenciabrasil.ebc.com.br\/ebc.gif?id=1687254&amp;o=node\" style=\"width:1px; height:1px; display:inline;\"\/><\/p>\n<blockquote class=\"twitter-tweet\">\n<p dir=\"ltr\" lang=\"pt\" xml:lang=\"pt\">Fim de jogo no Luso-Brasileiro! \u2705<\/p>\n<p>Com gols de Laysa (2) e Fabi Sim\u00f5es, as Meninas da G\u00e1vea vencem o Vit\u00f3ria e somam +3 pontos no <a href=\"https:\/\/twitter.com\/hashtag\/BrasileiraoFeminino?src=hash&amp;ref_src=twsrc%5Etfw\">#BrasileiraoFeminino<\/a>!<\/p>\n<p>\ud83d\udcf8 Julliana Nascimento\/CRF <a href=\"https:\/\/t.co\/O11dSvPg9T\">pic.twitter.com\/O11dSvPg9T<\/a><\/p>\n<p>\u2014 Brasileir\u00e3o Feminino (@BRFeminino) <a href=\"https:\/\/twitter.com\/BRFeminino\/status\/2048147411793596613?ref_src=twsrc%5Etfw\">April 25, 2026<\/a><\/p><\/blockquote>\n<p>A vit\u00f3ria deixou as Meninas da G\u00e1vea na 5\u00aa posi\u00e7\u00e3o da classifica\u00e7\u00e3o com 15 pontos conquistados, a apenas quatro pontos do l\u00edder Corinthians, que, jogando no Parque S\u00e3o Jorge na \u00faltima sexta-feira (24), bateu a Ferrovi\u00e1ria por 3 a 1 na abertura da rodada. J\u00e1 a equipe baiana permanece na vice-lanterna da classifica\u00e7\u00e3o com apenas um ponto.<\/p>\n<p>Atuando na condi\u00e7\u00e3o de mandante, o Flamengo precisou de apenas um minuto para abrir o placar com\u00a0a atacante Laysa Costa. As Meninas da G\u00e1vea s\u00f3 voltaram a\u00a0alterar o marcador\u00a0aos cinco minutos da etapa final, novamente com a atacante Laysa Costa.<\/p>\n<p>Aos 38 da etapa final as rubro-negras chegaram ao terceiro, com a lateral Fabi Sim\u00f5es em cobran\u00e7a e p\u00eanalti. J\u00e1 no finalzinho da disputa, aos 51, o Vit\u00f3ria contou com um gol contra da lateral Ma\u00edsa para descontar.<\/p>\n<p>      <!-- Relacionada --><\/p>\n<p>            <!-- Relacionada -->\n    <\/div>\n<p><script async src=\"\/\/platform.twitter.com\/widgets.js\" charset=\"utf-8\"><\/script><br \/>\n<br \/><br \/>\n<br \/><a href=\"https:\/\/agenciabrasil.ebc.com.br\/esportes\/noticia\/2026-04\/flamengo-derrota-vitoria-e-fica-perto-de-lideres-no-br-feminino\">Ag\u00eancia Brasil<\/a><\/p>\n","protected":false},"excerpt":{"rendered":"<p>Em partida transmitida ao vivo pela TV Brasil, o Flamengo derrotou o Vit\u00f3ria pelo placar de 3 a 1, na tarde deste s\u00e1bado (25) no est\u00e1dio Luso-Brasileiro, no Rio de Janeiro, em partida v\u00e1lida pela 8\u00aa rodada da S\u00e9rie A1 do Campeonato Brasileiro de futebol feminino. Fim de jogo no Luso-Brasileiro! \u2705 Com gols de [&hellip;]<\/p>\n","protected":false},"author":1,"featured_media":28640,"comment_status":"closed","ping_status":"","sticky":false,"template":"","format":"standard","meta":{"footnotes":""},"categories":[14],"tags":[],"class_list":["post-28639","post","type-post","status-publish","format-standard","has-post-thumbnail","hentry","category-esportes"],"_links":{"self":[{"href":"https:\/\/diarioalagoas.com.br\/index.php?rest_route=\/wp\/v2\/posts\/28639","targetHints":{"allow":["GET"]}}],"collection":[{"href":"https:\/\/diarioalagoas.com.br\/index.php?rest_route=\/wp\/v2\/posts"}],"about":[{"href":"https:\/\/diarioalagoas.com.br\/index.php?rest_route=\/wp\/v2\/types\/post"}],"author":[{"embeddable":true,"href":"https:\/\/diarioalagoas.com.br\/index.php?rest_route=\/wp\/v2\/users\/1"}],"replies":[{"embeddable":true,"href":"https:\/\/diarioalagoas.com.br\/index.php?rest_route=%2Fwp%2Fv2%2Fcomments&post=28639"}],"version-history":[{"count":0,"href":"https:\/\/diarioalagoas.com.br\/index.php?rest_route=\/wp\/v2\/posts\/28639\/revisions"}],"wp:featuredmedia":[{"embeddable":true,"href":"https:\/\/diarioalagoas.com.br\/index.php?rest_route=\/wp\/v2\/media\/28640"}],"wp:attachment":[{"href":"https:\/\/diarioalagoas.com.br\/index.php?rest_route=%2Fwp%2Fv2%2Fmedia&parent=28639"}],"wp:term":[{"taxonomy":"category","embeddable":true,"href":"https:\/\/diarioalagoas.com.br\/index.php?rest_route=%2Fwp%2Fv2%2Fcategories&post=28639"},{"taxonomy":"post_tag","embeddable":true,"href":"https:\/\/diarioalagoas.com.br\/index.php?rest_route=%2Fwp%2Fv2%2Ftags&post=28639"}],"curies":[{"name":"wp","href":"https:\/\/api.w.org\/{rel}","templated":true}]}}