{"id":28641,"date":"2026-04-25T23:03:24","date_gmt":"2026-04-26T02:03:24","guid":{"rendered":"https:\/\/diarioalagoas.com.br\/?p=28641"},"modified":"2026-04-25T23:03:24","modified_gmt":"2026-04-26T02:03:24","slug":"prefeitura-de-maceio-area-do-viaduto-de-jacarecica-recebe-acao","status":"publish","type":"post","link":"https:\/\/diarioalagoas.com.br\/?p=28641","title":{"rendered":"Prefeitura de Macei\u00f3 | \u00c1rea do viaduto de Jacarecica recebe a\u00e7\u00e3o\u2026"},"content":{"rendered":"<p> <br \/>\n<\/p>\n<div id=\"\">\n<p>Uma a\u00e7\u00e3o conjunta de ordenamento foi realizada na \u00e1rea que fica embaixo do viaduto de Jacarecica, neste s\u00e1bado (25), para garantir assist\u00eancia social \u00e0s pessoas que ocupavam o local e melhorar as condi\u00e7\u00f5es urbanas do ambiente p\u00fablico.<\/p>\n<p>A iniciativa contou com o trabalho das secretarias municipais de Seguran\u00e7a Cidad\u00e3 (Semsc), Desenvolvimento Social, Primeira Inf\u00e2ncia e Seguran\u00e7a Alimentar (Semdes) e da Autarquia de Desenvolvimento Sustent\u00e1vel e Limpeza Urbana (Alurb).<\/p>\n<p>\u00a0Durante a a\u00e7\u00e3o, o secret\u00e1rio titular da Semsc, Thiago Prado, destacou a import\u00e2ncia do trabalho integrado para assegurar, tanto o acolhimento das pessoas em situa\u00e7\u00e3o de vulnerabilidade social, quanto a recupera\u00e7\u00e3o da \u00e1rea p\u00fablica.<\/p>\n<p>\u201cNosso objetivo \u00e9 garantir que as pessoas que estavam neste espa\u00e7o sejam acolhidas pelos programas assistenciais do munic\u00edpio, com respeito e dignidade. Paralelamente, estamos promovendo a retirada de todo o entulho acumulado na \u00e1rea, enquanto os pertences pessoais est\u00e3o sendo organizados e encaminhados junto com essas fam\u00edlias para seus novos locais de moradia\u201d, afirmou o secret\u00e1rio.<\/p>\n<div class=\"single-section-box single-section-img single-box-center\">\n<figure>\n<a href=\"https:\/\/cdnpm.dhost.cloud\/imagens\/g8ZUmIYg.jpeg\" data-fancybox=\"images\"><br \/>\n<img decoding=\"async\" src=\"https:\/\/maceio.al.gov.br\/transform\/imagens\/_845xAUTO_crop_center-center_none\/g8ZUmIYg.jpeg\" alt=\"Trabalho humanizado faz acolhimento e encaminh\u00e1 fam\u00edlias para programas sociais. Foto: Beto Mac\u00e1rio\/ Secom Macei\u00f3\"\/><br \/>\n<\/a><figcaption><small class=\"img-credits\">Trabalho humanizado faz acolhimento e encaminh\u00e1 fam\u00edlias para programas sociais. Foto: Beto Mac\u00e1rio\/ Secom Macei\u00f3<\/small><\/figcaption><\/figure>\n<\/div>\n<p>As equipes realizaram o acolhimento das pessoas que estavam no local, garantindo o encaminhamento para programas sociais do munic\u00edpio de Macei\u00f3. Com isso, eles passar\u00e3o a receber o aluguel social, proporcionando uma nova perspectiva de moradia, al\u00e9m da inclus\u00e3o no Programa de Opera\u00e7\u00e3o de Trabalho (POT), que abre caminhos para a gera\u00e7\u00e3o de renda e reinser\u00e7\u00e3o social.<\/p>\n<p>Al\u00e9m da retirada de res\u00edduos, a Alurb ser\u00e1 respons\u00e1vel pela revitaliza\u00e7\u00e3o da \u00e1rea, contribuindo para a melhoria do espa\u00e7o urbano.<\/p>\n<div class=\"gallery-item\">\n<div class=\"gallery-block masonry\">\n<div class=\"masonry-brick\">\n<a data-fancybox=\"gallery\" href=\"https:\/\/cdnpm.dhost.cloud\/imagens\/eqylxiYA.jpeg\" class=\"masonry-content\"><br \/>\n<img decoding=\"async\" src=\"https:\/\/maceio.al.gov.br\/transform\/imagens\/_206x160_crop_center-center_none\/eqylxiYA.jpeg\" alt=\"\"\/><br \/>\n<\/a><\/div>\n<div class=\"masonry-brick\">\n<a data-fancybox=\"gallery\" href=\"https:\/\/cdnpm.dhost.cloud\/imagens\/lsRBUxaQ.jpeg\" class=\"masonry-content\"><br \/>\n<img decoding=\"async\" src=\"https:\/\/maceio.al.gov.br\/transform\/imagens\/_206x160_crop_center-center_none\/lsRBUxaQ.jpeg\" alt=\"\"\/><br \/>\n<\/a><\/div>\n<\/div>\n<p><span class=\"gallery-item__legend\">\u00c1rea antes e depois da melhoria urbana. Fotos: Beto Mac\u00e1rio\/ Secom Macei\u00f3<\/span><\/div>\n<p>A iniciativa\u00a0 refor\u00e7a que a\u00e7\u00f5es como essa fazem parte de uma pol\u00edtica cont\u00ednua de organiza\u00e7\u00e3o da cidade, aliada \u00e0 assist\u00eancia social, com o objetivo de oferecer melhores condi\u00e7\u00f5es de vida \u00e0 popula\u00e7\u00e3o e manter os espa\u00e7os p\u00fablicos mais limpos e seguros.<\/p>\n<div class=\"gallery-item\">\n<span class=\"gallery-item__legend\">A\u00e7\u00e3o conjunta promove melhoria urbana na \u00e1rea do viaduto de Jacarecica. Fotos: Beto Mac\u00e1rio\/ Secom Macei\u00f3<\/span><\/div>\n<div class=\"gabinate\">\n<a href=\"https:\/\/maceio.al.gov.br\/secretarias-e-orgaos\/alurb\">ALURB<\/a><\/p>\n<h2>Autarquia de Desenvolvimento Sustent\u00e1vel e Limpeza Urbana<\/h2>\n<p><span><\/p>\n<p>Rua Cel. Pedro Lima, 69 &#8211; Jaragu\u00e1;<br \/>CEP 57022-220 \/\/ Telefone: (82) 3312-5380 | Central de Monitoramento Sudes: 0800 082 2600 \/ (82) 98802-4834 (Whatsapp) | Informa\u00e7\u00f5es\/Agendamento Parques: (82) 98801-3651<br \/><a href=\"http:\/\/maceio.al.gov.br\/cdn-cgi\/l\/email-protection#d1a1a3bea5beb2bebdbe91b0bda4a3b3ffbcb0b2b4b8beffb0bdffb6bea7ffb3a3\" target=\"_blank\" rel=\"noreferrer noopener\"><span class=\"__cf_email__\" data-cfemail=\"8bfbf9e4ffe4e8e4e7e4cbeae7fef9e9a5e6eae8eee2e4a5eae7a5ece4fda5e9f9\">[email\u00a0protected]<\/span><\/a><br \/>Hor\u00e1rio de atendimento: segunda a sexta, de 8h \u00e0s 14h<\/p>\n<p><\/span><\/div>\n<\/div>\n<p><script async defer crossorigin=\"anonymous\" src=\"https:\/\/connect.facebook.net\/pt_BR\/sdk.js#xfbml=1&#038;version=v12.0\" nonce=\"0pFl3y7T\"><\/script><br \/>\n<br \/><br \/>\n<br \/><a href=\"https:\/\/maceio.al.gov.br\/noticias\/alurb\/area-do-viaduto-de-jacarecica-recebe-acao-conjunta-de-melhoria-urbana\">Prefeitura de Macei\u00f3 <\/a><\/p>\n","protected":false},"excerpt":{"rendered":"<p>Uma a\u00e7\u00e3o conjunta de ordenamento foi realizada na \u00e1rea que fica embaixo do viaduto de Jacarecica, neste s\u00e1bado (25), para garantir assist\u00eancia social \u00e0s pessoas que ocupavam o local e melhorar as condi\u00e7\u00f5es urbanas do ambiente p\u00fablico. A iniciativa contou com o trabalho das secretarias municipais de Seguran\u00e7a Cidad\u00e3 (Semsc), Desenvolvimento Social, Primeira Inf\u00e2ncia e [&hellip;]<\/p>\n","protected":false},"author":1,"featured_media":28642,"comment_status":"closed","ping_status":"","sticky":false,"template":"","format":"standard","meta":{"footnotes":""},"categories":[9],"tags":[],"class_list":["post-28641","post","type-post","status-publish","format-standard","has-post-thumbnail","hentry","category-maceio"],"_links":{"self":[{"href":"https:\/\/diarioalagoas.com.br\/index.php?rest_route=\/wp\/v2\/posts\/28641","targetHints":{"allow":["GET"]}}],"collection":[{"href":"https:\/\/diarioalagoas.com.br\/index.php?rest_route=\/wp\/v2\/posts"}],"about":[{"href":"https:\/\/diarioalagoas.com.br\/index.php?rest_route=\/wp\/v2\/types\/post"}],"author":[{"embeddable":true,"href":"https:\/\/diarioalagoas.com.br\/index.php?rest_route=\/wp\/v2\/users\/1"}],"replies":[{"embeddable":true,"href":"https:\/\/diarioalagoas.com.br\/index.php?rest_route=%2Fwp%2Fv2%2Fcomments&post=28641"}],"version-history":[{"count":0,"href":"https:\/\/diarioalagoas.com.br\/index.php?rest_route=\/wp\/v2\/posts\/28641\/revisions"}],"wp:featuredmedia":[{"embeddable":true,"href":"https:\/\/diarioalagoas.com.br\/index.php?rest_route=\/wp\/v2\/media\/28642"}],"wp:attachment":[{"href":"https:\/\/diarioalagoas.com.br\/index.php?rest_route=%2Fwp%2Fv2%2Fmedia&parent=28641"}],"wp:term":[{"taxonomy":"category","embeddable":true,"href":"https:\/\/diarioalagoas.com.br\/index.php?rest_route=%2Fwp%2Fv2%2Fcategories&post=28641"},{"taxonomy":"post_tag","embeddable":true,"href":"https:\/\/diarioalagoas.com.br\/index.php?rest_route=%2Fwp%2Fv2%2Ftags&post=28641"}],"curies":[{"name":"wp","href":"https:\/\/api.w.org\/{rel}","templated":true}]}}