{"id":28645,"date":"2026-04-26T02:17:44","date_gmt":"2026-04-26T05:17:44","guid":{"rendered":"https:\/\/diarioalagoas.com.br\/?p=28645"},"modified":"2026-04-26T02:17:44","modified_gmt":"2026-04-26T05:17:44","slug":"surfe-gabriel-medina-e-luana-silva-sao-vice-em-margaret-river","status":"publish","type":"post","link":"https:\/\/diarioalagoas.com.br\/?p=28645","title":{"rendered":"Surfe: Gabriel Medina e Luana Silva s\u00e3o vice em Margaret River"},"content":{"rendered":"<p> <br \/>\n<\/p>\n<div>\n<p>Os brasileiros Gabriel Medina e Luana Silva garantiram o vice-campeonato, respectivamente nas chaves masculina e feminina, da etapa de Margaret River (Austr\u00e1lia). A defini\u00e7\u00e3o dos campe\u00f5es da segunda parada do Circuito Mundial de Surfe se deu no in\u00edcio da madrugada deste domingo (26).<img decoding=\"async\" src=\"https:\/\/agenciabrasil.ebc.com.br\/ebc.png?id=1687256&amp;o=node\" style=\"width:1px; height:1px; display:inline;\"\/><img decoding=\"async\" src=\"https:\/\/agenciabrasil.ebc.com.br\/ebc.gif?id=1687256&amp;o=node\" style=\"width:1px; height:1px; display:inline;\"\/><\/p>\n<p>Havia muita expectativa em torno de Medina, que disputava sua primeira final de etapa ap\u00f3s ficar fora da temporada de 2025 por causa de uma les\u00e3o no ombro esquerdo. Por\u00e9m, o tricampe\u00e3o mundial (2014, 2018 e 2021) e medalhista ol\u00edmpico de bronze nos Jogos de Paris (2024) n\u00e3o foi p\u00e1reo\u00a0para o australiano George Pittar, de 23 anos e\u00a0que triunfou por 15,17 a 12,46 pontos.<\/p>\n<p>Mas, mesmo com a derrota na decis\u00e3o em Margaret River, Gabriel Medina assumiu a lideran\u00e7a do ranking mundial masculino.<\/p>\n<p>J\u00e1 na disputa feminina a jovem Luana Silva, de apenas 21 anos de idade, garantiu o vice-campeonato da etapa australiana ap\u00f3s ser superada na decis\u00e3o pela norte-americana Lakey Peterson por 12,23 a 11,83 pontos.<\/p>\n<p>A segunda posi\u00e7\u00e3o em Margaret River fez a brasileira alcan\u00e7ar a quarta posi\u00e7\u00e3o do ranking mundial. Esta \u00e9 a terceira oportunidade na qual Luana Silva disputa a decis\u00e3o de uma etapa do Circuito Mundial. Em 2025 ela ficou com o vice-campeonato em Saquarema (Brasil) e em Bells Beach (Austr\u00e1lia).<\/p>\n<p>      <!-- Relacionada --><\/p>\n<p>            <!-- Relacionada -->\n    <\/div>\n<p><br \/>\n<br \/><a href=\"https:\/\/agenciabrasil.ebc.com.br\/esportes\/noticia\/2026-04\/surfe-gabriel-medina-e-luana-silva-sao-vices-em-margaret-river\">Ag\u00eancia Brasil<\/a><\/p>\n","protected":false},"excerpt":{"rendered":"<p>Os brasileiros Gabriel Medina e Luana Silva garantiram o vice-campeonato, respectivamente nas chaves masculina e feminina, da etapa de Margaret River (Austr\u00e1lia). A defini\u00e7\u00e3o dos campe\u00f5es da segunda parada do Circuito Mundial de Surfe se deu no in\u00edcio da madrugada deste domingo (26). Havia muita expectativa em torno de Medina, que disputava sua primeira final [&hellip;]<\/p>\n","protected":false},"author":1,"featured_media":28646,"comment_status":"closed","ping_status":"","sticky":false,"template":"","format":"standard","meta":{"footnotes":""},"categories":[14],"tags":[],"class_list":["post-28645","post","type-post","status-publish","format-standard","has-post-thumbnail","hentry","category-esportes"],"_links":{"self":[{"href":"https:\/\/diarioalagoas.com.br\/index.php?rest_route=\/wp\/v2\/posts\/28645","targetHints":{"allow":["GET"]}}],"collection":[{"href":"https:\/\/diarioalagoas.com.br\/index.php?rest_route=\/wp\/v2\/posts"}],"about":[{"href":"https:\/\/diarioalagoas.com.br\/index.php?rest_route=\/wp\/v2\/types\/post"}],"author":[{"embeddable":true,"href":"https:\/\/diarioalagoas.com.br\/index.php?rest_route=\/wp\/v2\/users\/1"}],"replies":[{"embeddable":true,"href":"https:\/\/diarioalagoas.com.br\/index.php?rest_route=%2Fwp%2Fv2%2Fcomments&post=28645"}],"version-history":[{"count":0,"href":"https:\/\/diarioalagoas.com.br\/index.php?rest_route=\/wp\/v2\/posts\/28645\/revisions"}],"wp:featuredmedia":[{"embeddable":true,"href":"https:\/\/diarioalagoas.com.br\/index.php?rest_route=\/wp\/v2\/media\/28646"}],"wp:attachment":[{"href":"https:\/\/diarioalagoas.com.br\/index.php?rest_route=%2Fwp%2Fv2%2Fmedia&parent=28645"}],"wp:term":[{"taxonomy":"category","embeddable":true,"href":"https:\/\/diarioalagoas.com.br\/index.php?rest_route=%2Fwp%2Fv2%2Fcategories&post=28645"},{"taxonomy":"post_tag","embeddable":true,"href":"https:\/\/diarioalagoas.com.br\/index.php?rest_route=%2Fwp%2Fv2%2Ftags&post=28645"}],"curies":[{"name":"wp","href":"https:\/\/api.w.org\/{rel}","templated":true}]}}