{"id":28647,"date":"2026-04-26T03:03:56","date_gmt":"2026-04-26T06:03:56","guid":{"rendered":"https:\/\/diarioalagoas.com.br\/?p=28647"},"modified":"2026-04-26T03:03:56","modified_gmt":"2026-04-26T06:03:56","slug":"prefeitura-de-maceio-banda-da-guarda-municipal-leva-musica-cultura","status":"publish","type":"post","link":"https:\/\/diarioalagoas.com.br\/?p=28647","title":{"rendered":"Prefeitura de Macei\u00f3 | Banda da Guarda Municipal leva m\u00fasica, cultura\u2026"},"content":{"rendered":"<p> <br \/>\n<\/p>\n<div id=\"\">\n<p><span>A Banda da Guarda Municipal de Macei\u00f3 (GCMM) vem conquistando espa\u00e7o e reconhecimento ao longo de mais de duas d\u00e9cadas de atua\u00e7\u00e3o, utilizando a m\u00fasica como instrumento de aproxima\u00e7\u00e3o social e valoriza\u00e7\u00e3o cultural. O grupo vai al\u00e9m das apresenta\u00e7\u00f5es musicais e exerce um papel fundamental na aproxima\u00e7\u00e3o entre a seguran\u00e7a p\u00fablica e a comunidade.<\/span><\/p>\n<p><span>De acordo com o coordenador da banda, o subinspetor Ederaldo Oliveira, o trabalho vai muito al\u00e9m do entretenimento. \u201cA import\u00e2ncia da banda na sociedade \u00e9 essa ponte que a gente faz atrav\u00e9s da cultura. Muitas vezes, as pessoas enxergam a seguran\u00e7a p\u00fablica apenas pelo lado ostensivo, mas existe essa dimens\u00e3o social, de proximidade com a popula\u00e7\u00e3o, e \u00e9 a\u00ed que a banda atua\u201d, destacou.<\/span><\/p>\n<p><span>Para quem deseja contar com a apresenta\u00e7\u00e3o da Banda da Guarda em eventos, o processo \u00e9 simples, mas exige organiza\u00e7\u00e3o e anteced\u00eancia. Segundo Ederaldo, a solicita\u00e7\u00e3o deve ser feita por meio do sistema oficial da Prefeitura, o Sistema Unificado de Processo Eletr\u00f4nico (SUPE), atrav\u00e9s do link: <a href=\"http:\/\/processos.maceio.al.gov.br\"><u>processos.maceio.al.gov.br<\/u><\/a>.\u00a0<\/span><\/p>\n<p><span>Ao acessar o sistema pela conta do <a href=\"http:\/\/gov.br\">gov.br<\/a>, o interessado deve selecionar a Secretaria Municipal de Seguran\u00e7a Cidad\u00e3 (Semsc). Em seguida, preencher o campo de Natureza com \u2018Requerimento Geral\u2019 e os demais documentos e declara\u00e7\u00f5es solicitadas pelo sistema.<\/span><\/p>\n<div class=\"single-section-box single-section-img single-box-center\">\n<figure>\n<a href=\"https:\/\/cdnpm.dhost.cloud\/imagens\/WhatsApp-Image-2026-03-03-at-11.04.50_2026-04-24-123835_nrgk.jpeg\" data-fancybox=\"images\"><br \/>\n<img decoding=\"async\" src=\"https:\/\/maceio.al.gov.br\/transform\/imagens\/_845xAUTO_crop_center-center_none\/WhatsApp-Image-2026-03-03-at-11.04.50_2026-04-24-123835_nrgk.jpeg\" alt=\"Com um repert\u00f3rio cuidadosamente selecionado, a banda prioriza a qualidade musical e a valoriza\u00e7\u00e3o das tradi\u00e7\u00f5es nacionais. Foto: Ascom Semsc\"\/><br \/>\n<\/a><figcaption><small class=\"img-credits\">Com um repert\u00f3rio cuidadosamente selecionado, a banda prioriza a qualidade musical e a valoriza\u00e7\u00e3o das tradi\u00e7\u00f5es nacionais. Foto: Ascom Semsc<\/small><\/figcaption><\/figure>\n<\/div>\n<p><span>&#8220;O cidad\u00e3o pode convidar a banda atrav\u00e9s do protocolo da Prefeitura. \u00c9 necess\u00e1rio dar entrada na documenta\u00e7\u00e3o, detalhar o tipo de evento, quantidade de pessoas e a estrutura que ser\u00e1 oferecida. \u00c9 fundamental que isso seja feito com pelo menos um m\u00eas de anteced\u00eancia\u201d, explicou.<\/span><\/p>\n<p><span>Ele refor\u00e7a que esse prazo \u00e9 importante para viabilizar a agenda e explica que, com anteced\u00eancia, \u00e9 poss\u00edvel at\u00e9 negociar uma nova data, caso o dia solicitado j\u00e1 esteja ocupado.<\/span><\/p>\n<p><span><strong>Apresenta\u00e7\u00f5es gratuitas<\/strong><\/span><\/p>\n<p><span>Um dos pontos mais importantes destacados pelo coordenador \u00e9 que todas as apresenta\u00e7\u00f5es s\u00e3o totalmente gratuitas. A banda n\u00e3o participa de eventos com cobran\u00e7a de ingressos.<\/span><\/p>\n<p><span>\u201cA banda n\u00e3o se apresenta em eventos pagos. Se chegarmos ao local e houver cobran\u00e7a de entrada, n\u00f3s nos retiramos, porque n\u00e3o \u00e9 permitido. Todo o processo \u00e9 gratuito, desde a solicita\u00e7\u00e3o at\u00e9 a apresenta\u00e7\u00e3o\u201d, afirmou, destacando a import\u00e2ncia da den\u00fancia em caso de cobran\u00e7a pelos servi\u00e7os da banda.<\/span><\/p>\n<div class=\"single-section-box single-section-img single-box-center\">\n<figure>\n<a href=\"https:\/\/cdnpm.dhost.cloud\/imagens\/IMG_6885_2026-04-24-124104_vtva.jpg\" data-fancybox=\"images\"><br \/>\n<img decoding=\"async\" src=\"https:\/\/maceio.al.gov.br\/transform\/imagens\/_845xAUTO_crop_center-center_none\/IMG_6885_2026-04-24-124104_vtva.jpg\" alt=\"A solicita\u00e7\u00e3o para a apresenta\u00e7\u00e3o deve ser feita por meio do sistema oficial da Prefeitura, o Sistema Unificado de Processo Eletr\u00f4nico (SUPE). Foto: Ascom Semsc\"\/><br \/>\n<\/a><figcaption><small class=\"img-credits\">A solicita\u00e7\u00e3o para a apresenta\u00e7\u00e3o deve ser feita por meio do sistema oficial da Prefeitura, o Sistema Unificado de Processo Eletr\u00f4nico (SUPE). Foto: Ascom Semsc<\/small><\/figcaption><\/figure>\n<\/div>\n<p><span><strong>Valoriza\u00e7\u00e3o da cultura brasileira<\/strong><\/span><\/p>\n<p class=\"text-justify\"><span>Com um repert\u00f3rio cuidadosamente selecionado, a banda prioriza a qualidade musical e a valoriza\u00e7\u00e3o das tradi\u00e7\u00f5es nacionais.<\/span><\/p>\n<p class=\"text-justify\"><span>\u201cA gente busca preservar a m\u00fasica popular brasileira. Tocamos muito MPB, forr\u00f3, rock nacional e tamb\u00e9m m\u00fasicas de cunho religioso. Estamos no Nordeste, ent\u00e3o o forr\u00f3 \u00e9 muito presente. Somos seletivos com o repert\u00f3rio, porque queremos fortalecer a cultura nacional e manter um padr\u00e3o de qualidade\u201d, destacou.<\/span><\/p>\n<p class=\"text-justify\"><span>Ao levar m\u00fasica a diferentes p\u00fablicos, especialmente em comunidades com maior vulnerabilidade, a banda reafirma seu papel social.<\/span><\/p>\n<p class=\"text-justify\"><span>\u201cN\u00f3s conseguimos chegar a locais onde muitas vezes h\u00e1 dificuldade de acesso. Levamos cultura, informa\u00e7\u00e3o e aproximamos a popula\u00e7\u00e3o da Guarda Municipal. Esse \u00e9 o nosso papel: construir essa liga\u00e7\u00e3o com a sociedade\u201d, acrescentou Ederaldo.<\/span><\/p>\n<div class=\"gabinate\">\n<a href=\"https:\/\/maceio.al.gov.br\/secretarias-e-orgaos\/semsc\">SEMSC<\/a><\/p>\n<h2>Secretaria Municipal de Seguran\u00e7a Cidad\u00e3<\/h2>\n<p><span><\/p>\n<p>Av. Gov. Afr\u00e2nio Lages, 297, Farol &#8211; Macei\u00f3-AL.<br \/>CEP-57050-015<br \/>Telefones: (82) 3312-5270 | (82) 3312-5277 (disque-den\u00fancia) | (82) 3312-5289 (ouvidoria) | <br \/>WhatsApp (82) 98882-8170 (eventos) <br \/>Hor\u00e1rio de atendimento: segunda a sexta, de 8h \u00e0s 14h.<br \/>Guarda Municipal: Av. Gov. Afr\u00e2nio Lages, 297, Farol &#8211; Macei\u00f3-AL.<br \/>CEP: 57014-510 \/\/ Fone: 153<\/p>\n<p><\/span><\/div>\n<\/div>\n<p><script async defer crossorigin=\"anonymous\" src=\"https:\/\/connect.facebook.net\/pt_BR\/sdk.js#xfbml=1&#038;version=v12.0\" nonce=\"0pFl3y7T\"><\/script><br \/>\n<br \/><br \/>\n<br \/><a href=\"https:\/\/maceio.al.gov.br\/noticias\/semsc\/banda-da-guarda-municipal-leva-musica-cultura-e-orienta-como-solicitar-apresentacoes\">Prefeitura de Macei\u00f3 <\/a><\/p>\n","protected":false},"excerpt":{"rendered":"<p>A Banda da Guarda Municipal de Macei\u00f3 (GCMM) vem conquistando espa\u00e7o e reconhecimento ao longo de mais de duas d\u00e9cadas de atua\u00e7\u00e3o, utilizando a m\u00fasica como instrumento de aproxima\u00e7\u00e3o social e valoriza\u00e7\u00e3o cultural. O grupo vai al\u00e9m das apresenta\u00e7\u00f5es musicais e exerce um papel fundamental na aproxima\u00e7\u00e3o entre a seguran\u00e7a p\u00fablica e a comunidade. De [&hellip;]<\/p>\n","protected":false},"author":1,"featured_media":28648,"comment_status":"closed","ping_status":"","sticky":false,"template":"","format":"standard","meta":{"footnotes":""},"categories":[9],"tags":[],"class_list":["post-28647","post","type-post","status-publish","format-standard","has-post-thumbnail","hentry","category-maceio"],"_links":{"self":[{"href":"https:\/\/diarioalagoas.com.br\/index.php?rest_route=\/wp\/v2\/posts\/28647","targetHints":{"allow":["GET"]}}],"collection":[{"href":"https:\/\/diarioalagoas.com.br\/index.php?rest_route=\/wp\/v2\/posts"}],"about":[{"href":"https:\/\/diarioalagoas.com.br\/index.php?rest_route=\/wp\/v2\/types\/post"}],"author":[{"embeddable":true,"href":"https:\/\/diarioalagoas.com.br\/index.php?rest_route=\/wp\/v2\/users\/1"}],"replies":[{"embeddable":true,"href":"https:\/\/diarioalagoas.com.br\/index.php?rest_route=%2Fwp%2Fv2%2Fcomments&post=28647"}],"version-history":[{"count":0,"href":"https:\/\/diarioalagoas.com.br\/index.php?rest_route=\/wp\/v2\/posts\/28647\/revisions"}],"wp:featuredmedia":[{"embeddable":true,"href":"https:\/\/diarioalagoas.com.br\/index.php?rest_route=\/wp\/v2\/media\/28648"}],"wp:attachment":[{"href":"https:\/\/diarioalagoas.com.br\/index.php?rest_route=%2Fwp%2Fv2%2Fmedia&parent=28647"}],"wp:term":[{"taxonomy":"category","embeddable":true,"href":"https:\/\/diarioalagoas.com.br\/index.php?rest_route=%2Fwp%2Fv2%2Fcategories&post=28647"},{"taxonomy":"post_tag","embeddable":true,"href":"https:\/\/diarioalagoas.com.br\/index.php?rest_route=%2Fwp%2Fv2%2Ftags&post=28647"}],"curies":[{"name":"wp","href":"https:\/\/api.w.org\/{rel}","templated":true}]}}