{"id":28651,"date":"2026-04-26T07:05:13","date_gmt":"2026-04-26T10:05:13","guid":{"rendered":"https:\/\/diarioalagoas.com.br\/?p=28651"},"modified":"2026-04-26T07:05:13","modified_gmt":"2026-04-26T10:05:13","slug":"prefeitura-de-maceio-periodo-chuvoso-comeca-e-exige-atencao","status":"publish","type":"post","link":"https:\/\/diarioalagoas.com.br\/?p=28651","title":{"rendered":"Prefeitura de Macei\u00f3 | Per\u00edodo chuvoso come\u00e7a e exige aten\u00e7\u00e3o\u2026"},"content":{"rendered":"<p> <br \/>\n<\/p>\n<div id=\"\">\n<p>Com a chegada do per\u00edodo chuvoso, a Defesa Civil de Macei\u00f3 intensifica o alerta \u00e0 popula\u00e7\u00e3o, especialmente aos moradores de \u00e1reas de encosta, regi\u00f5es pr\u00f3ximas a canais e locais afetados por alagamentos. O per\u00edodo exige aten\u00e7\u00e3o constante e ado\u00e7\u00e3o de medidas preventivas para reduzir riscos e evitar acidentes.<\/p>\n<p>As chuvas intensas podem provocar deslizamentos de terra, desabamentos, enxurradas e alagamentos, situa\u00e7\u00f5es que costumam ser precedidas por sinais percept\u00edveis no ambiente. Entre os principais ind\u00edcios de risco est\u00e3o rachaduras em paredes e pisos, portas e janelas emperradas, inclina\u00e7\u00e3o de \u00e1rvores, postes ou muros, surgimento de \u00e1gua barrenta em encostas e estalos incomuns em estruturas.<\/p>\n<p>Diante de qualquer um desses sinais, a recomenda\u00e7\u00e3o \u00e9 sair do im\u00f3vel imediatamente e buscar um local seguro. Em seguida, a Defesa Civil deve ser acionada pelo n\u00famero <strong>199<\/strong>, dispon\u00edvel 24 horas por dia. Em casos de emerg\u00eancia m\u00e9dica, acidentes ou resgates, o Corpo de Bombeiros pode ser contatado pelo <strong>193<\/strong>.<\/p>\n<p>Al\u00e9m da aten\u00e7\u00e3o aos sinais estruturais, a popula\u00e7\u00e3o tamb\u00e9m deve adotar cuidados preventivos no dia a dia. Manter calhas e ralos desobstru\u00eddos, evitar o descarte irregular de lixo, refor\u00e7ar a limpeza de quintais e n\u00e3o construir ou ampliar im\u00f3veis em \u00e1reas de risco s\u00e3o atitudes que ajudam a minimizar impactos causados pelas chuvas.<\/p>\n<p>A Defesa Civil tamb\u00e9m refor\u00e7a a import\u00e2ncia do cadastro gratuito no sistema de alertas por SMS. Para receber informa\u00e7\u00f5es em tempo real sobre riscos clim\u00e1ticos, basta enviar o CEP da localidade para o n\u00famero <strong>40199<\/strong>. O servi\u00e7o auxilia na antecipa\u00e7\u00e3o de medidas de prote\u00e7\u00e3o e na tomada de decis\u00f5es em situa\u00e7\u00f5es emergenciais.<\/p>\n<div class=\"single-section-box single-section-img single-box-center\">\n<figure>\n<a href=\"https:\/\/cdnpm.dhost.cloud\/imagens\/Js-PFHbg.jpeg\" data-fancybox=\"images\"><br \/>\n<img decoding=\"async\" src=\"https:\/\/maceio.al.gov.br\/transform\/imagens\/_845xAUTO_crop_center-center_none\/Js-PFHbg.jpeg\" alt=\"Para receber os alertas da Defesa Civil, envie o CEP da sua resid\u00eancia para o n\u00famero 40199 por mensagem de texto (SMS). Foto: Secom Macei\u00f3\"\/><br \/>\n<\/a><figcaption><small class=\"img-credits\">Para receber os alertas da Defesa Civil, envie o CEP da sua resid\u00eancia para o n\u00famero 40199 por mensagem de texto (SMS). Foto: Secom Macei\u00f3<\/small><\/figcaption><\/figure>\n<\/div>\n<p>De acordo com o diretor operacional da Defesa Civil de Macei\u00f3, Matheus Montenegro, a preven\u00e7\u00e3o \u00e9 uma responsabilidade compartilhada. \u201cNosso trabalho \u00e9 permanente, mas a colabora\u00e7\u00e3o da popula\u00e7\u00e3o \u00e9 indispens\u00e1vel. Reconhecer os sinais de perigo, seguir as orienta\u00e7\u00f5es t\u00e9cnicas e agir com rapidez s\u00e3o atitudes que salvam vidas\u201d, destaca.<\/p>\n<div class=\"gabinate\">\n<a href=\"https:\/\/maceio.al.gov.br\/secretarias-e-orgaos\/defesa-civil\">Defesa Civil<\/a><\/p>\n<h2>Coordenadoria Especial Municipal de Prote\u00e7\u00e3o e Defesa Civil<\/h2>\n<p><span><\/p>\n<p>Rua C\u00f4nego Jo\u00e3o Barros Pinho, 107 &#8211; Pinheiro<br \/>CEP 57055-640 \/\/ Telefone: (82) 3312-5890 \/ 199 \/ 0800 030 6205<br \/>Hor\u00e1rio de atendimento: segunda a sexta, de 8h \u00e0s 14h<\/p>\n<p><\/span><\/div>\n<\/div>\n<p><script async defer crossorigin=\"anonymous\" src=\"https:\/\/connect.facebook.net\/pt_BR\/sdk.js#xfbml=1&#038;version=v12.0\" nonce=\"0pFl3y7T\"><\/script><br \/>\n<br \/><br \/>\n<br \/><a href=\"https:\/\/maceio.al.gov.br\/noticias\/defesa-civil\/periodo-chuvoso-comeca-e-exige-atencao-redobrada-em-areas-de-risco\">Prefeitura de Macei\u00f3 <\/a><\/p>\n","protected":false},"excerpt":{"rendered":"<p>Com a chegada do per\u00edodo chuvoso, a Defesa Civil de Macei\u00f3 intensifica o alerta \u00e0 popula\u00e7\u00e3o, especialmente aos moradores de \u00e1reas de encosta, regi\u00f5es pr\u00f3ximas a canais e locais afetados por alagamentos. O per\u00edodo exige aten\u00e7\u00e3o constante e ado\u00e7\u00e3o de medidas preventivas para reduzir riscos e evitar acidentes. As chuvas intensas podem provocar deslizamentos de [&hellip;]<\/p>\n","protected":false},"author":1,"featured_media":28652,"comment_status":"closed","ping_status":"","sticky":false,"template":"","format":"standard","meta":{"footnotes":""},"categories":[9],"tags":[],"class_list":["post-28651","post","type-post","status-publish","format-standard","has-post-thumbnail","hentry","category-maceio"],"_links":{"self":[{"href":"https:\/\/diarioalagoas.com.br\/index.php?rest_route=\/wp\/v2\/posts\/28651","targetHints":{"allow":["GET"]}}],"collection":[{"href":"https:\/\/diarioalagoas.com.br\/index.php?rest_route=\/wp\/v2\/posts"}],"about":[{"href":"https:\/\/diarioalagoas.com.br\/index.php?rest_route=\/wp\/v2\/types\/post"}],"author":[{"embeddable":true,"href":"https:\/\/diarioalagoas.com.br\/index.php?rest_route=\/wp\/v2\/users\/1"}],"replies":[{"embeddable":true,"href":"https:\/\/diarioalagoas.com.br\/index.php?rest_route=%2Fwp%2Fv2%2Fcomments&post=28651"}],"version-history":[{"count":0,"href":"https:\/\/diarioalagoas.com.br\/index.php?rest_route=\/wp\/v2\/posts\/28651\/revisions"}],"wp:featuredmedia":[{"embeddable":true,"href":"https:\/\/diarioalagoas.com.br\/index.php?rest_route=\/wp\/v2\/media\/28652"}],"wp:attachment":[{"href":"https:\/\/diarioalagoas.com.br\/index.php?rest_route=%2Fwp%2Fv2%2Fmedia&parent=28651"}],"wp:term":[{"taxonomy":"category","embeddable":true,"href":"https:\/\/diarioalagoas.com.br\/index.php?rest_route=%2Fwp%2Fv2%2Fcategories&post=28651"},{"taxonomy":"post_tag","embeddable":true,"href":"https:\/\/diarioalagoas.com.br\/index.php?rest_route=%2Fwp%2Fv2%2Ftags&post=28651"}],"curies":[{"name":"wp","href":"https:\/\/api.w.org\/{rel}","templated":true}]}}