{"id":28671,"date":"2026-04-26T15:08:52","date_gmt":"2026-04-26T18:08:52","guid":{"rendered":"https:\/\/diarioalagoas.com.br\/?p=28671"},"modified":"2026-04-26T15:08:52","modified_gmt":"2026-04-26T18:08:52","slug":"prefeitura-de-maceio-maceio-encerra-temporada-de-cruzeiros-como","status":"publish","type":"post","link":"https:\/\/diarioalagoas.com.br\/?p=28671","title":{"rendered":"Prefeitura de Macei\u00f3 | Macei\u00f3 encerra temporada de cruzeiros como\u2026"},"content":{"rendered":"<p> <br \/>\n<\/p>\n<div id=\"\">\n<p><span>Macei\u00f3 encerra a temporada de cruzeiros com um marco hist\u00f3rico: 37 escalas realizadas ao longo de seis meses, entre novembro de 2025 e abril de 2026, consolidando o maior n\u00famero de paradas registradas na capital alagoana e reafirmando o protagonismo do destino no turismo mar\u00edtimo brasileiro.<\/span><\/p>\n<p class=\"text-justify\"><span>De acordo com dados oficiais do Porto de Macei\u00f3, a temporada contou com a opera\u00e7\u00e3o de oito navios e movimentou cerca de 130 mil passageiros, entre turistas e tripulantes, fortalecendo a cidade como uma das principais portas de entrada do Nordeste para o turismo internacional e de cabotagem.<\/span><\/p>\n<p class=\"text-justify\"><span><strong>Destaque em cen\u00e1rio nacional desafiador<\/strong><\/span><\/p>\n<p class=\"text-justify\"><span>Mesmo diante de um cen\u00e1rio de retra\u00e7\u00e3o no setor, Macei\u00f3 se destacou. No Brasil, houve uma redu\u00e7\u00e3o m\u00e9dia de 20% na oferta de leitos em cruzeiros, com alguns destinos registrando quedas de at\u00e9 40%. Na contram\u00e3o desse movimento, Macei\u00f3 apresentou uma redu\u00e7\u00e3o de apenas 8%, consolidando-se como um dos roteiros menos impactados do Pa\u00eds e refor\u00e7ando sua competitividade no cen\u00e1rio nacional.<\/span><\/p>\n<div class=\"single-section-box single-section-img single-box-center\">\n<figure>\n<a href=\"https:\/\/cdnpm.dhost.cloud\/imagens\/IMG-20260424-WA0003.jpg\" data-fancybox=\"images\"><br \/>\n<img decoding=\"async\" src=\"https:\/\/maceio.al.gov.br\/transform\/imagens\/_845xAUTO_crop_center-center_none\/IMG-20260424-WA0003.jpg\" alt=\"Temporada de cruzeiros traz 130 mil visitantes para Macei\u00f3. Foto: Itawi Albuquerque\/ Secom Macei\u00f3\"\/><br \/>\n<\/a><figcaption><small class=\"img-credits\">Temporada de cruzeiros traz 130 mil visitantes para Macei\u00f3. Foto: Itawi Albuquerque\/ Secom Macei\u00f3<\/small><\/figcaption><\/figure>\n<\/div>\n<p class=\"text-justify\"><span><strong>A\u00e7\u00e3o in\u00e9dita fortalece a recep\u00e7\u00e3o e organiza\u00e7\u00e3o do destino<\/strong><\/span><\/p>\n<p class=\"text-justify\"><span>Um dos grandes diferenciais desta temporada foi a atua\u00e7\u00e3o in\u00e9dita da Secretaria Municipal de Turismo (Semtur), que implantou uma opera\u00e7\u00e3o estruturada no Porto de Macei\u00f3 com um estande exclusivo do Centro de Atendimento ao Turista (CAT).<\/span><\/p>\n<p class=\"text-justify\"><span>A iniciativa promoveu o ordenamento da recep\u00e7\u00e3o aos cruzeiristas, integrando guias de turismo, taxistas e profissionais do receptivo local, al\u00e9m de oferecer atendimento bil\u00edngue qualificado. A a\u00e7\u00e3o garantiu mais organiza\u00e7\u00e3o, seguran\u00e7a e qualidade na experi\u00eancia dos visitantes desde o desembarque, fortalecendo a imagem de Macei\u00f3 como destino preparado e acolhedor.<\/span><\/p>\n<p class=\"text-justify\"><span><strong>Impacto econ\u00f4mico e gera\u00e7\u00e3o de renda<\/strong><\/span><\/p>\n<p class=\"text-justify\"><span>A temporada tamb\u00e9m foi marcada por resultados expressivos para a economia local. A estimativa \u00e9 de que o per\u00edodo tenha injetado cerca de R$ 100 milh\u00f5es na economia, impulsionado pelo fluxo de visitantes e pelo consumo direto em diversos setores.<\/span><\/p>\n<p class=\"text-justify\"><span>Com aproximadamente 130 mil pessoas circulando pela cidade ao longo da temporada, a atividade impacta diretamente bares, restaurantes, artesanato, transporte, passeios tur\u00edsticos e com\u00e9rcio, promovendo a gera\u00e7\u00e3o de emprego e renda para a popula\u00e7\u00e3o maceioense.<\/span><\/p>\n<p class=\"text-justify\"><span><strong>Infraestrutura e legado urbano fortalecidos<\/strong><\/span><\/p>\n<p class=\"text-justify\"><span>O desempenho positivo da temporada reflete nos investimentos cont\u00ednuos da Prefeitura de Macei\u00f3, ao longo desses \u00faltimos anos, sob a lideran\u00e7a atualmente do prefeito Rodrigo Cunha, com destaque para a requalifica\u00e7\u00e3o do Porto e os avan\u00e7os na infraestrutura tur\u00edstica.<\/span><\/p>\n<p class=\"text-justify\"><span>A cidade tamb\u00e9m vem se transformando com a nova orla, que ganhou mais equipamentos, ilumina\u00e7\u00e3o, espa\u00e7os de conviv\u00eancia, mirantes e sinaliza\u00e7\u00e3o tur\u00edstica, elevando o padr\u00e3o de qualidade urbana e ampliando a experi\u00eancia de moradores e visitantes.<\/span><\/p>\n<p class=\"text-justify\"><span>Para o secret\u00e1rio de Turismo de Macei\u00f3, Eduardo Monteiro, o encerramento da temporada representa um momento de consolida\u00e7\u00e3o e avan\u00e7o. \u201cA atua\u00e7\u00e3o in\u00e9dita da Semtur, organizando o receptivo com estrutura, integra\u00e7\u00e3o com guias e taxistas e atendimento qualificado, refor\u00e7a o compromisso da gest\u00e3o em oferecer uma experi\u00eancia cada vez melhor para quem nos visita. Macei\u00f3 segue avan\u00e7ando de forma consistente no turismo&#8221;, pontuou.<\/span><\/p>\n<div class=\"single-section-box single-section-img single-box-center\">\n<figure>\n<a href=\"https:\/\/cdnpm.dhost.cloud\/imagens\/IMG-20260424-WA0013.jpg\" data-fancybox=\"images\"><br \/>\n<img decoding=\"async\" src=\"https:\/\/maceio.al.gov.br\/transform\/imagens\/_845xAUTO_crop_center-center_none\/IMG-20260424-WA0013.jpg\" alt=\"Visita t\u00e9cnica ao navio Costa Diadema, \u00faltimo da temporada. Foto: Ascom Semtur\"\/><br \/>\n<\/a><figcaption><small class=\"img-credits\">Visita t\u00e9cnica ao navio Costa Diadema, \u00faltimo da temporada. Foto: Ascom Semtur<\/small><\/figcaption><\/figure>\n<\/div>\n<p class=\"text-justify\"><span>O presidente executivo da Clia Brasil, Marco Ferraz, tamb\u00e9m destaca o avan\u00e7o do destino. \u201cMacei\u00f3 \u00e9 uma cidade bastante desejada pelos brasileiros e vem se consolidando como um destino cada vez mais atrativo para os cruzeiristas, com uma opera\u00e7\u00e3o que evolui a cada temporada e se fortalece tamb\u00e9m como porto de embarque para quem inicia os cruzeiros na regi\u00e3o Nordeste. Esse trabalho conjunto tem sido fundamental para aprimorar a experi\u00eancia do passageiro e ampliar os impactos positivos para a economia local, beneficiando diversos setores do turismo e da cidade, como com\u00e9rcio, restaurantes, hotelaria, transporte e servi\u00e7os. Seguimos trabalhando em parceria para que Macei\u00f3 cres\u00e7a cada vez mais junto com a ind\u00fastria de cruzeiros&#8221;, afirmou.<\/span><\/p>\n<p class=\"text-justify\"><span>A assessoria da Administra\u00e7\u00e3o do Porto de Macei\u00f3, por meio de M\u00f4nica Suruagy, tamb\u00e9m refor\u00e7ou o saldo positivo da temporada. \u201cEncerramos a temporada 2025\/ 2026 com um saldo extremamente positivo para o Porto de Macei\u00f3 e para toda a cadeia do turismo em Macei\u00f3. Foram meses de intenso movimento, que refor\u00e7am nossa posi\u00e7\u00e3o como destino estrat\u00e9gico no roteiro dos cruzeiros no Brasil, gerando emprego, renda e fortalecendo a economia local. Seguimos trabalhando para avan\u00e7ar ainda mais nas pr\u00f3ximas temporadas&#8221;, destacou.<\/span><\/p>\n<p class=\"text-justify\"><span><strong>Um novo patamar para o turismo mar\u00edtimo em Macei\u00f3<\/strong><\/span><\/p>\n<p class=\"text-justify\"><span>Com recorde hist\u00f3rico de escalas, opera\u00e7\u00e3o qualificada e impacto econ\u00f4mico relevante, a temporada 2025\/ 2026 encerra um ciclo de crescimento e projeta um futuro ainda mais promissor para o turismo de cruzeiros em Macei\u00f3.<\/span><\/p>\n<p class=\"text-justify\"><span>A capital alagoana segue consolidando sua posi\u00e7\u00e3o como destino estrat\u00e9gico no mapa do turismo nacional, impulsionada por gest\u00e3o eficiente, infraestrutura moderna e uma experi\u00eancia tur\u00edstica cada vez mais completa.<\/span><\/p>\n<div class=\"gallery-item\">\n<span class=\"gallery-item__legend\">Recep\u00e7\u00e3o dos visitantes pela Guarda Civil Municipal e CAT Semtur. Fotos: Itawi Albuquerque\/ Secom Macei\u00f3 e Ascom Semtur<\/span><\/div>\n<div class=\"gabinate\">\n<a href=\"https:\/\/maceio.al.gov.br\/secretarias-e-orgaos\/semtur\">SEMTUR<\/a><\/p>\n<h2>Secretaria Municipal de Turismo<\/h2>\n<p><span><\/p>\n<p>R. Godofredo Ferro, 53 &#8211; Centro, Macei\u00f3 &#8211; AL, 57020-575<br \/>Telefone: (82) 3312-5803 Hor\u00e1rio de atendimento: segunda a sexta, de 8h \u00e0s 14h<br \/>E-mail: <a href=\"http:\/\/maceio.al.gov.br\/cdn-cgi\/l\/email-protection#6006010c05030f0e0f13030f2013050d14050c4d010c4e030f0d4e0212\" target=\"_blank\" rel=\"noreferrer noopener\"><span class=\"__cf_email__\" data-cfemail=\"2147404d44424e4f4e52424e6152444c55444d0c404d0f424e4c0f4353\">[email\u00a0protected]<\/span><\/a><\/p>\n<p><\/span><\/div>\n<\/div>\n<p><script async defer crossorigin=\"anonymous\" src=\"https:\/\/connect.facebook.net\/pt_BR\/sdk.js#xfbml=1&#038;version=v12.0\" nonce=\"0pFl3y7T\"><\/script><br \/>\n<br \/><br \/>\n<br \/><a href=\"https:\/\/maceio.al.gov.br\/noticias\/semtur\/maceio-encerra-temporada-de-cruzeiros-como-destaque-no-turismo-maritimo-nacional\">Prefeitura de Macei\u00f3 <\/a><\/p>\n","protected":false},"excerpt":{"rendered":"<p>Macei\u00f3 encerra a temporada de cruzeiros com um marco hist\u00f3rico: 37 escalas realizadas ao longo de seis meses, entre novembro de 2025 e abril de 2026, consolidando o maior n\u00famero de paradas registradas na capital alagoana e reafirmando o protagonismo do destino no turismo mar\u00edtimo brasileiro. De acordo com dados oficiais do Porto de Macei\u00f3, [&hellip;]<\/p>\n","protected":false},"author":1,"featured_media":28672,"comment_status":"closed","ping_status":"","sticky":false,"template":"","format":"standard","meta":{"footnotes":""},"categories":[9],"tags":[],"class_list":["post-28671","post","type-post","status-publish","format-standard","has-post-thumbnail","hentry","category-maceio"],"_links":{"self":[{"href":"https:\/\/diarioalagoas.com.br\/index.php?rest_route=\/wp\/v2\/posts\/28671","targetHints":{"allow":["GET"]}}],"collection":[{"href":"https:\/\/diarioalagoas.com.br\/index.php?rest_route=\/wp\/v2\/posts"}],"about":[{"href":"https:\/\/diarioalagoas.com.br\/index.php?rest_route=\/wp\/v2\/types\/post"}],"author":[{"embeddable":true,"href":"https:\/\/diarioalagoas.com.br\/index.php?rest_route=\/wp\/v2\/users\/1"}],"replies":[{"embeddable":true,"href":"https:\/\/diarioalagoas.com.br\/index.php?rest_route=%2Fwp%2Fv2%2Fcomments&post=28671"}],"version-history":[{"count":0,"href":"https:\/\/diarioalagoas.com.br\/index.php?rest_route=\/wp\/v2\/posts\/28671\/revisions"}],"wp:featuredmedia":[{"embeddable":true,"href":"https:\/\/diarioalagoas.com.br\/index.php?rest_route=\/wp\/v2\/media\/28672"}],"wp:attachment":[{"href":"https:\/\/diarioalagoas.com.br\/index.php?rest_route=%2Fwp%2Fv2%2Fmedia&parent=28671"}],"wp:term":[{"taxonomy":"category","embeddable":true,"href":"https:\/\/diarioalagoas.com.br\/index.php?rest_route=%2Fwp%2Fv2%2Fcategories&post=28671"},{"taxonomy":"post_tag","embeddable":true,"href":"https:\/\/diarioalagoas.com.br\/index.php?rest_route=%2Fwp%2Fv2%2Ftags&post=28671"}],"curies":[{"name":"wp","href":"https:\/\/api.w.org\/{rel}","templated":true}]}}