{"id":28681,"date":"2026-04-26T19:10:05","date_gmt":"2026-04-26T22:10:05","guid":{"rendered":"https:\/\/diarioalagoas.com.br\/?p=28681"},"modified":"2026-04-26T19:10:05","modified_gmt":"2026-04-26T22:10:05","slug":"prefeitura-de-maceio-alurb-apresenta-experiencias-em-encontro","status":"publish","type":"post","link":"https:\/\/diarioalagoas.com.br\/?p=28681","title":{"rendered":"Prefeitura de Macei\u00f3 | Alurb apresenta experi\u00eancias em encontro\u2026"},"content":{"rendered":"<p> <br \/>\n<\/p>\n<div id=\"\">\n<p>A Autarquia Municipal de Desenvolvimento Sustent\u00e1vel e Limpeza Urbana (Alurb) participou, nos dias 23 e 24 de abril, do 3\u00b0 Encontro Nordestino de Educa\u00e7\u00e3o Ambiental (Eneas), integrado ao 4\u00b0 Encontro Nacional dos Centros Integrados de Educa\u00e7\u00e3o Ambiental (Cieas), realizado no Centro Universit\u00e1rio Cesmac, em Macei\u00f3.<\/p>\n<p>O evento reuniu especialistas, estudantes e representantes da sociedade civil para debaterem sustentabilidade, pol\u00edticas p\u00fablicas e os impactos das mudan\u00e7as clim\u00e1ticas na gest\u00e3o ambiental.<\/p>\n<p>Durante a programa\u00e7\u00e3o da quinta-feira (23), servidores da Alurb participaram da oficina \u201cFortalecimento de Pol\u00edticas P\u00fablicas em Alagoas, um convite \u00e0 Educa\u00e7\u00e3o Ambiental\u201d, al\u00e9m da apresenta\u00e7\u00e3o do banner cient\u00edfico \u201cEduca\u00e7\u00e3o socioambiental com uso de catamar\u00e3 em ecossistemas costeiros de Macei\u00f3\u201d, de Bruno Prado, Pietra Alcantara, Jo\u00e3o Vitor Barbosa, Larissa Mac\u00e1rio, Rafaella De Oliveira, Leandro Silva e Kedyna Tavares.<\/p>\n<p>O trabalho que destacou a utiliza\u00e7\u00e3o dos Ecoboats como instrumento educativo em a\u00e7\u00f5es voltadas \u00e0 preserva\u00e7\u00e3o ambiental na capital alagoana.<\/p>\n<div class=\"single-section-box single-section-img single-box-left\">\n<figure>\n<a href=\"https:\/\/cdnpm.dhost.cloud\/imagens\/25-04-2026-III-Encontro-Nordestino-de-Educacao-Ambiental-Cesmac-Alurb-Ascom-Alurb-4.jpeg\" data-fancybox=\"images\"><br \/>\n<img decoding=\"async\" src=\"https:\/\/maceio.al.gov.br\/transform\/imagens\/_300xAUTO_crop_center-center_none\/25-04-2026-III-Encontro-Nordestino-de-Educacao-Ambiental-Cesmac-Alurb-Ascom-Alurb-4.jpeg\" alt=\"Participante exp\u00f5e banner durante o evento. Foto: Ascom Alurb\"\/><br \/>\n<\/a><figcaption><small class=\"img-credits\">Participante exp\u00f5e banner durante o evento. Foto: Ascom Alurb<\/small><\/figcaption><\/figure>\n<\/div>\n<p>Na sexta-feira (24), a Alurb tamb\u00e9m marcou presen\u00e7a na palestra \u201cSustentabilidade e Mudan\u00e7as Clim\u00e1ticas: os impactos ambientais na sa\u00fade\u201d, al\u00e9m da exposi\u00e7\u00e3o do trabalho \u201cA\u00e7\u00f5es de educa\u00e7\u00e3o ambiental aplicadas pela Prefeitura de Macei\u00f3 atrav\u00e9s da Alurb\u201d, de Felipe Rosa, Kedyna Tavares e \u00c9lida do Nascimento. Eles apresentaram  iniciativas desenvolvidas pelo munic\u00edpio de Macei\u00f3 para ampliar a conscientiza\u00e7\u00e3o da popula\u00e7\u00e3o.<\/p>\n<p>Durante o evento, os participantes tamb\u00e9m conheceram pr\u00e1ticas relacionadas \u00e0 reciclagem de l\u00e2mpadas e eletr\u00f4nicos, al\u00e9m do uso de compostagem natural no cultivo de plantas, semelhante ao trabalho implantado recentemente na Escola Santo Ant\u00f4nio.<\/p>\n<p>A diretora-executiva da Alurb, Kedyna Tavares, destacou a import\u00e2ncia do encontro para o fortalecimento das pol\u00edticas ambientais. \u201cO 3\u00b0 Enea mostra que a educa\u00e7\u00e3o ambiental se constr\u00f3i com di\u00e1logo, participa\u00e7\u00e3o e a\u00e7\u00e3o coletiva. \u00c9 um espa\u00e7o de troca, constru\u00e7\u00e3o conjunta e fortalecimento de pol\u00edticas p\u00fablicas por um futuro mais sustent\u00e1vel\u201d, afirmou.<\/p>\n<div class=\"single-section-box single-section-img single-box-right\">\n<figure>\n<a href=\"https:\/\/cdnpm.dhost.cloud\/imagens\/25-04-2026-III-Encontro-Nordestino-de-Educacao-Ambiental-Cesmac-Alurb-Ascom-Alurb-5.jpeg\" data-fancybox=\"images\"><br \/>\n<img decoding=\"async\" src=\"https:\/\/maceio.al.gov.br\/transform\/imagens\/_300xAUTO_crop_center-center_none\/25-04-2026-III-Encontro-Nordestino-de-Educacao-Ambiental-Cesmac-Alurb-Ascom-Alurb-5.jpeg\" alt=\"Participantes expuseram banner durante o evento. Foto: Ascom Alurb\"\/><br \/>\n<\/a><figcaption><small class=\"img-credits\">Participantes expuseram banner durante o evento. Foto: Ascom Alurb<\/small><\/figcaption><\/figure>\n<\/div>\n<p>O coordenador de Educa\u00e7\u00e3o Ambiental da Alurb, Felipe Rosa, ressaltou a relev\u00e2ncia da troca entre os estados. \u201cAo reunir representantes de todas as regi\u00f5es do Pa\u00eds, o Encontro Nacional das Cieas promoveu o interc\u00e2mbio de experi\u00eancias, a sistematiza\u00e7\u00e3o de desafios e potencialidades e a constru\u00e7\u00e3o de estrat\u00e9gias comuns, contribuindo para o fortalecimento da coopera\u00e7\u00e3o federativa, da participa\u00e7\u00e3o social e da Educa\u00e7\u00e3o Ambiental como pol\u00edtica p\u00fablica permanente\u201d, destacou.<\/p>\n<p>Com foco nas mudan\u00e7as clim\u00e1ticas, na sustentabilidade e na formula\u00e7\u00e3o de pol\u00edticas p\u00fablicas, o evento refor\u00e7ou o papel da educa\u00e7\u00e3o ambiental como ferramenta essencial para transformar realidades e fortalecer a gest\u00e3o ambiental em diferentes regi\u00f5es do Pa\u00eds.<\/p>\n<div class=\"gabinate\">\n<a href=\"https:\/\/maceio.al.gov.br\/secretarias-e-orgaos\/alurb\">ALURB<\/a><\/p>\n<h2>Autarquia de Desenvolvimento Sustent\u00e1vel e Limpeza Urbana<\/h2>\n<p><span><\/p>\n<p>Rua Cel. Pedro Lima, 69 &#8211; Jaragu\u00e1;<br \/>CEP 57022-220 \/\/ Telefone: (82) 3312-5380 | Central de Monitoramento Sudes: 0800 082 2600 \/ (82) 98802-4834 (Whatsapp) | Informa\u00e7\u00f5es\/Agendamento Parques: (82) 98801-3651<br \/><a href=\"http:\/\/maceio.al.gov.br\/cdn-cgi\/l\/email-protection#76060419021915191a1936171a030414581b1715131f1958171a58111900581404\" target=\"_blank\" rel=\"noreferrer noopener\"><span class=\"__cf_email__\" data-cfemail=\"f080829f849f939f9c9fb0919c858292de9d919395999fde919cde979f86de9282\">[email\u00a0protected]<\/span><\/a><br \/>Hor\u00e1rio de atendimento: segunda a sexta, de 8h \u00e0s 14h<\/p>\n<p><\/span><\/div>\n<\/div>\n<p><script async defer crossorigin=\"anonymous\" src=\"https:\/\/connect.facebook.net\/pt_BR\/sdk.js#xfbml=1&#038;version=v12.0\" nonce=\"0pFl3y7T\"><\/script><br \/>\n<br \/><br \/>\n<br \/><a href=\"https:\/\/maceio.al.gov.br\/noticias\/alurb\/alurb-apresenta-experiencias-em-encontro-nacional-de-educacao-ambiental\">Prefeitura de Macei\u00f3 <\/a><\/p>\n","protected":false},"excerpt":{"rendered":"<p>A Autarquia Municipal de Desenvolvimento Sustent\u00e1vel e Limpeza Urbana (Alurb) participou, nos dias 23 e 24 de abril, do 3\u00b0 Encontro Nordestino de Educa\u00e7\u00e3o Ambiental (Eneas), integrado ao 4\u00b0 Encontro Nacional dos Centros Integrados de Educa\u00e7\u00e3o Ambiental (Cieas), realizado no Centro Universit\u00e1rio Cesmac, em Macei\u00f3. O evento reuniu especialistas, estudantes e representantes da sociedade civil [&hellip;]<\/p>\n","protected":false},"author":1,"featured_media":28682,"comment_status":"closed","ping_status":"","sticky":false,"template":"","format":"standard","meta":{"footnotes":""},"categories":[9],"tags":[],"class_list":["post-28681","post","type-post","status-publish","format-standard","has-post-thumbnail","hentry","category-maceio"],"_links":{"self":[{"href":"https:\/\/diarioalagoas.com.br\/index.php?rest_route=\/wp\/v2\/posts\/28681","targetHints":{"allow":["GET"]}}],"collection":[{"href":"https:\/\/diarioalagoas.com.br\/index.php?rest_route=\/wp\/v2\/posts"}],"about":[{"href":"https:\/\/diarioalagoas.com.br\/index.php?rest_route=\/wp\/v2\/types\/post"}],"author":[{"embeddable":true,"href":"https:\/\/diarioalagoas.com.br\/index.php?rest_route=\/wp\/v2\/users\/1"}],"replies":[{"embeddable":true,"href":"https:\/\/diarioalagoas.com.br\/index.php?rest_route=%2Fwp%2Fv2%2Fcomments&post=28681"}],"version-history":[{"count":0,"href":"https:\/\/diarioalagoas.com.br\/index.php?rest_route=\/wp\/v2\/posts\/28681\/revisions"}],"wp:featuredmedia":[{"embeddable":true,"href":"https:\/\/diarioalagoas.com.br\/index.php?rest_route=\/wp\/v2\/media\/28682"}],"wp:attachment":[{"href":"https:\/\/diarioalagoas.com.br\/index.php?rest_route=%2Fwp%2Fv2%2Fmedia&parent=28681"}],"wp:term":[{"taxonomy":"category","embeddable":true,"href":"https:\/\/diarioalagoas.com.br\/index.php?rest_route=%2Fwp%2Fv2%2Fcategories&post=28681"},{"taxonomy":"post_tag","embeddable":true,"href":"https:\/\/diarioalagoas.com.br\/index.php?rest_route=%2Fwp%2Fv2%2Ftags&post=28681"}],"curies":[{"name":"wp","href":"https:\/\/api.w.org\/{rel}","templated":true}]}}