{"id":28695,"date":"2026-04-27T06:26:54","date_gmt":"2026-04-27T09:26:54","guid":{"rendered":"https:\/\/diarioalagoas.com.br\/?p=28695"},"modified":"2026-04-27T06:26:54","modified_gmt":"2026-04-27T09:26:54","slug":"queniano-se-torna-primeiro-atleta-a-correr-maratona-abaixo-de-2-horas","status":"publish","type":"post","link":"https:\/\/diarioalagoas.com.br\/?p=28695","title":{"rendered":"Queniano se torna primeiro atleta a correr maratona abaixo de 2 horas"},"content":{"rendered":"<p> <br \/>\n<\/p>\n<div>\n<p>O queniano Sebastian Sawe fez hist\u00f3ria neste domingo (26) na Maratona de Londres. Com o tempo de 1h59min30s ele garantiu a medalha de ouro e se tornou o primeiro atleta da hist\u00f3ria a correr uma prova oficial dessa dist\u00e2ncia (42 quil\u00f4metros) em menos de duas horas.<img decoding=\"async\" src=\"https:\/\/agenciabrasil.ebc.com.br\/ebc.png?id=1687340&amp;o=node\" style=\"width:1px; height:1px; display:inline;\"\/><img decoding=\"async\" src=\"https:\/\/agenciabrasil.ebc.com.br\/ebc.gif?id=1687340&amp;o=node\" style=\"width:1px; height:1px; display:inline;\"\/><\/p>\n<p>Com este tempo, o queniano de 30 anos de idade superou o recorde mundial anterior da maratona, que pertencia a Kelvin Kiptum. No dia 8 de mar\u00e7o de 2023, o queniano, que faleceu em 2024, completou a Maratona de Chicago em 2h00min35s.<\/p>\n<blockquote class=\"twitter-tweet\">\n<p dir=\"ltr\" lang=\"en\" xml:lang=\"en\">We\u2019re going to need a few days to recover from this one\u2026 \ud83d\ude2e\u200d\ud83d\udca8<\/p>\n<p>2 men under 2 hours. 3 men breaking the world record.<\/p>\n<p>We have officially entered the new era of marathon running \ud83e\udef3\ud83c\udfa4 <a href=\"https:\/\/t.co\/Q71xnXDbc2\">pic.twitter.com\/Q71xnXDbc2<\/a><\/p>\n<p>\u2014 World Athletics (@WorldAthletics) <a href=\"https:\/\/twitter.com\/WorldAthletics\/status\/2048378330856993103?ref_src=twsrc%5Etfw\">April 26, 2026<\/a><\/p><\/blockquote>\n<p>Na prova deste domingo, Sebastian Sawe n\u00e3o foi o \u00fanico a completar os 43 quil\u00f4metros em menos de duas horas. O et\u00edope Yomif Kejelcha conquistou a medalha de prata com o tempo de 1h59min41s. J\u00e1 o bronze ficou com Jacob Kiplimo, de Uganda, que fez o tempo de 2h0028s.<\/p>\n<p>      <!-- Relacionada --><\/p>\n<p>            <!-- Relacionada -->\n    <\/div>\n<p><script async src=\"\/\/platform.twitter.com\/widgets.js\" charset=\"utf-8\"><\/script><br \/>\n<br \/><br \/>\n<br \/><a href=\"https:\/\/agenciabrasil.ebc.com.br\/esportes\/noticia\/2026-04\/queniano-se-torna-primeiro-atleta-correr-maratona-abaixo-de-2-horas\">Ag\u00eancia Brasil<\/a><\/p>\n","protected":false},"excerpt":{"rendered":"<p>O queniano Sebastian Sawe fez hist\u00f3ria neste domingo (26) na Maratona de Londres. Com o tempo de 1h59min30s ele garantiu a medalha de ouro e se tornou o primeiro atleta da hist\u00f3ria a correr uma prova oficial dessa dist\u00e2ncia (42 quil\u00f4metros) em menos de duas horas. Com este tempo, o queniano de 30 anos de [&hellip;]<\/p>\n","protected":false},"author":1,"featured_media":28696,"comment_status":"closed","ping_status":"","sticky":false,"template":"","format":"standard","meta":{"footnotes":""},"categories":[14],"tags":[],"class_list":["post-28695","post","type-post","status-publish","format-standard","has-post-thumbnail","hentry","category-esportes"],"_links":{"self":[{"href":"https:\/\/diarioalagoas.com.br\/index.php?rest_route=\/wp\/v2\/posts\/28695","targetHints":{"allow":["GET"]}}],"collection":[{"href":"https:\/\/diarioalagoas.com.br\/index.php?rest_route=\/wp\/v2\/posts"}],"about":[{"href":"https:\/\/diarioalagoas.com.br\/index.php?rest_route=\/wp\/v2\/types\/post"}],"author":[{"embeddable":true,"href":"https:\/\/diarioalagoas.com.br\/index.php?rest_route=\/wp\/v2\/users\/1"}],"replies":[{"embeddable":true,"href":"https:\/\/diarioalagoas.com.br\/index.php?rest_route=%2Fwp%2Fv2%2Fcomments&post=28695"}],"version-history":[{"count":0,"href":"https:\/\/diarioalagoas.com.br\/index.php?rest_route=\/wp\/v2\/posts\/28695\/revisions"}],"wp:featuredmedia":[{"embeddable":true,"href":"https:\/\/diarioalagoas.com.br\/index.php?rest_route=\/wp\/v2\/media\/28696"}],"wp:attachment":[{"href":"https:\/\/diarioalagoas.com.br\/index.php?rest_route=%2Fwp%2Fv2%2Fmedia&parent=28695"}],"wp:term":[{"taxonomy":"category","embeddable":true,"href":"https:\/\/diarioalagoas.com.br\/index.php?rest_route=%2Fwp%2Fv2%2Fcategories&post=28695"},{"taxonomy":"post_tag","embeddable":true,"href":"https:\/\/diarioalagoas.com.br\/index.php?rest_route=%2Fwp%2Fv2%2Ftags&post=28695"}],"curies":[{"name":"wp","href":"https:\/\/api.w.org\/{rel}","templated":true}]}}