{"id":28709,"date":"2026-04-27T15:17:52","date_gmt":"2026-04-27T18:17:52","guid":{"rendered":"https:\/\/diarioalagoas.com.br\/?p=28709"},"modified":"2026-04-27T15:17:52","modified_gmt":"2026-04-27T18:17:52","slug":"prefeitura-de-maceio-casa-do-autista-de-maceio-orienta-familias","status":"publish","type":"post","link":"https:\/\/diarioalagoas.com.br\/?p=28709","title":{"rendered":"Prefeitura de Macei\u00f3 | Casa do Autista de Macei\u00f3 orienta fam\u00edlias\u2026"},"content":{"rendered":"<p> <br \/>\n<\/p>\n<div id=\"\">\n<p>A Casa do Autista de Macei\u00f3 come\u00e7a a dar seus primeiros passos rumo ao atendimento de crian\u00e7as e adolescentes com Transtorno do Espectro Autista (TEA), ao mesmo tempo em que abre as portas para orientar fam\u00edlias sobre como garantir acesso aos servi\u00e7os. Com previs\u00e3o de in\u00edcio dos atendimentos j\u00e1 na primeira semana de maio, a unidade surge como um espa\u00e7o de acolhimento, cuidado e desenvolvimento, com capacidade estimada de cerca de seis mil atendimentos mensais para pacientes de at\u00e9 17 anos e 11 meses.<\/p>\n<p>Neste m\u00eas de abril, o espa\u00e7o est\u00e1 dedicado ao treinamento das equipes multiprofissionais e \u00e0 organiza\u00e7\u00e3o dos protocolos de atendimento. Mesmo nesse per\u00edodo inicial, m\u00e3es e respons\u00e1veis j\u00e1 podem conhecer a estrutura, pensada para oferecer n\u00e3o apenas terapias especializadas, mas tamb\u00e9m suporte integral \u00e0s fam\u00edlias.<\/p>\n<p>Para ter acesso aos servi\u00e7os, o primeiro passo \u00e9 reunir a documenta\u00e7\u00e3o necess\u00e1ria e lev\u00e1-la ao Setor de Protocolo da Secretaria Municipal de Sa\u00fade, na <span>Rua Dias Cabral, 569, no Centro de Macei\u00f3, <\/span>onde ser\u00e1 aberto o processo. Entre os documentos exigidos est\u00e3o RG, CPF, Cart\u00e3o SUS, comprovante de resid\u00eancia e encaminhamento m\u00e9dico da crian\u00e7a ou adolescente, al\u00e9m dos documentos do respons\u00e1vel legal.<\/p>\n<p>A partir da\u00ed, a equipe t\u00e9cnica do setor de Autismo da Secretaria realiza a an\u00e1lise e regula\u00e7\u00e3o dos casos, priorizando aqueles que ainda n\u00e3o est\u00e3o inseridos na rede p\u00fablica de sa\u00fade, como os Centros Especializados em Reabilita\u00e7\u00e3o (CER) ou servi\u00e7os contratualizados, e que se encontram em fila de espera na Rede de Cuidados \u00e0 Pessoa com Defici\u00eancia. Ap\u00f3s essa avalia\u00e7\u00e3o, os pacientes s\u00e3o encaminhados gradualmente para os servi\u00e7os dispon\u00edveis, incluindo a pr\u00f3pria Casa do Autista.<\/p>\n<p>Caso a demanda ultrapasse a capacidade de atendimento, os solicitantes permanecem em fila de espera, respeitando crit\u00e9rios t\u00e9cnicos e de prioridade. Quando a vaga \u00e9 disponibilizada, o paciente passa por acolhimento, avalia\u00e7\u00e3o cl\u00ednica e multiprofissional, al\u00e9m da constru\u00e7\u00e3o de um Projeto Terap\u00eautico Singular, que orienta o in\u00edcio das terapias.<\/p>\n<p>A unidade conta com uma ampla oferta de atendimentos cl\u00ednicos e terap\u00eauticos, como neuropediatria, psiquiatria infantil, psicologia, fonoaudiologia, terapia ocupacional, fisioterapia, psicopedagogia, pedagogia, educa\u00e7\u00e3o f\u00edsica adaptada, nutri\u00e7\u00e3o, enfermagem e assist\u00eancia social. Tamb\u00e9m inclui terapias especializadas, como musicoterapia e aquaterapia, al\u00e9m de atividades voltadas ao desenvolvimento sensorial, motor, cognitivo e social.<\/p>\n<p>A estrutura foi projetada para estimular a autonomia e a viv\u00eancia cotidiana das crian\u00e7as, com ambientes como sala de integra\u00e7\u00e3o sensorial, jardim sensorial, piscina, parque inclusivo e a chamada \u201cMaceiozinha\u201d, uma mini cidade que simula situa\u00e7\u00f5es do dia a dia. H\u00e1 ainda espa\u00e7os de conviv\u00eancia, audit\u00f3rio e salas terap\u00eauticas, compondo um ambiente acolhedor e funcional.<\/p>\n<p>Outro diferencial est\u00e1 no cuidado com as fam\u00edlias. A Casa do Autista oferece acolhimento e orienta\u00e7\u00e3o aos respons\u00e1veis, reconhecendo o papel fundamental das chamadas m\u00e3es at\u00edpicas e de toda a rede de apoio no processo terap\u00eautico.<\/p>\n<p>A diretora-presidente do Macei\u00f3 Sa\u00fade, Camila Porciuncula, destaca que a proposta vai al\u00e9m da assist\u00eancia cl\u00ednica. \u201cA Casa do Autista nasce com o compromisso de oferecer um cuidado integral, que enxergue cada crian\u00e7a em sua singularidade e cada fam\u00edlia em suas necessidades. Nosso objetivo \u00e9 garantir um atendimento humanizado, com capacidade t\u00e9cnica e sensibilidade\u201d, disse.<\/p>\n<p>Camila tamb\u00e9m ressalta a experi\u00eancia da institui\u00e7\u00e3o na gest\u00e3o em sa\u00fade. \u201cO trabalho desenvolvido no Hospital da Cidade nos permitiu consolidar uma cultura baseada em seguran\u00e7a do paciente, efici\u00eancia e valoriza\u00e7\u00e3o das equipes. Estamos trazendo essa mesma abordagem para a Casa do Autista, com processos bem estruturados e foco na experi\u00eancia positiva para a popula\u00e7\u00e3o\u201d, acrescenta.<\/p>\n<p>A Casa do Autista \u00e9 administrada pelo Macei\u00f3 Sa\u00fade, organiza\u00e7\u00e3o social sem fins lucrativos voltada \u00e0 moderniza\u00e7\u00e3o da gest\u00e3o p\u00fablica em sa\u00fade.<\/p>\n<div class=\"gabinate\">\n<a href=\"https:\/\/maceio.al.gov.br\/secretarias-e-orgaos\/sms\">SMS<\/a><\/p>\n<h2>Secretaria Municipal de Sa\u00fade<\/h2>\n<p><span><\/p>\n<p>Rua Dias Cabral, 569 &#8211; Centro<br \/>CEP 57020-250 \/\/ Telefone: 82 3312-5400<br \/>Hor\u00e1rio de atendimento: segunda a sexta, de 8h \u00e0s 14h.<\/p>\n<p><\/span><\/div>\n<\/div>\n<p><script async defer crossorigin=\"anonymous\" src=\"https:\/\/connect.facebook.net\/pt_BR\/sdk.js#xfbml=1&#038;version=v12.0\" nonce=\"0pFl3y7T\"><\/script><br \/>\n<br \/><br \/>\n<br \/><a href=\"https:\/\/maceio.al.gov.br\/noticias\/sms\/casa-do-autista-de-maceio-orienta-familias-sobre-acesso-aos-atendimentos-especializados\">Prefeitura de Macei\u00f3 <\/a><\/p>\n","protected":false},"excerpt":{"rendered":"<p>A Casa do Autista de Macei\u00f3 come\u00e7a a dar seus primeiros passos rumo ao atendimento de crian\u00e7as e adolescentes com Transtorno do Espectro Autista (TEA), ao mesmo tempo em que abre as portas para orientar fam\u00edlias sobre como garantir acesso aos servi\u00e7os. Com previs\u00e3o de in\u00edcio dos atendimentos j\u00e1 na primeira semana de maio, a [&hellip;]<\/p>\n","protected":false},"author":1,"featured_media":28710,"comment_status":"closed","ping_status":"","sticky":false,"template":"","format":"standard","meta":{"footnotes":""},"categories":[9],"tags":[],"class_list":["post-28709","post","type-post","status-publish","format-standard","has-post-thumbnail","hentry","category-maceio"],"_links":{"self":[{"href":"https:\/\/diarioalagoas.com.br\/index.php?rest_route=\/wp\/v2\/posts\/28709","targetHints":{"allow":["GET"]}}],"collection":[{"href":"https:\/\/diarioalagoas.com.br\/index.php?rest_route=\/wp\/v2\/posts"}],"about":[{"href":"https:\/\/diarioalagoas.com.br\/index.php?rest_route=\/wp\/v2\/types\/post"}],"author":[{"embeddable":true,"href":"https:\/\/diarioalagoas.com.br\/index.php?rest_route=\/wp\/v2\/users\/1"}],"replies":[{"embeddable":true,"href":"https:\/\/diarioalagoas.com.br\/index.php?rest_route=%2Fwp%2Fv2%2Fcomments&post=28709"}],"version-history":[{"count":0,"href":"https:\/\/diarioalagoas.com.br\/index.php?rest_route=\/wp\/v2\/posts\/28709\/revisions"}],"wp:featuredmedia":[{"embeddable":true,"href":"https:\/\/diarioalagoas.com.br\/index.php?rest_route=\/wp\/v2\/media\/28710"}],"wp:attachment":[{"href":"https:\/\/diarioalagoas.com.br\/index.php?rest_route=%2Fwp%2Fv2%2Fmedia&parent=28709"}],"wp:term":[{"taxonomy":"category","embeddable":true,"href":"https:\/\/diarioalagoas.com.br\/index.php?rest_route=%2Fwp%2Fv2%2Fcategories&post=28709"},{"taxonomy":"post_tag","embeddable":true,"href":"https:\/\/diarioalagoas.com.br\/index.php?rest_route=%2Fwp%2Fv2%2Ftags&post=28709"}],"curies":[{"name":"wp","href":"https:\/\/api.w.org\/{rel}","templated":true}]}}