{"id":28713,"date":"2026-04-27T17:03:11","date_gmt":"2026-04-27T20:03:11","guid":{"rendered":"https:\/\/diarioalagoas.com.br\/?p=28713"},"modified":"2026-04-27T17:03:11","modified_gmt":"2026-04-27T20:03:11","slug":"prefeitura-de-osasco-joga-no-lixo-livros-de-biblioteca-municipal","status":"publish","type":"post","link":"https:\/\/diarioalagoas.com.br\/?p=28713","title":{"rendered":"Prefeitura de Osasco joga no lixo livros de biblioteca municipal"},"content":{"rendered":"<p> <br \/>\n<\/p>\n<div>\n<p>A prefeitura de Osasco, na regi\u00e3o metropolitana de S\u00e3o Paulo, jogou no lixo centenas de livros da Biblioteca P\u00fablica Monteiro Lobato. O descarte do material ocorreu na \u00faltima sexta-feira (24).<img decoding=\"async\" src=\"https:\/\/agenciabrasil.ebc.com.br\/ebc.png?id=1687409&amp;o=node\" style=\"width:1px; height:1px; display:inline;\"\/><img decoding=\"async\" src=\"https:\/\/agenciabrasil.ebc.com.br\/ebc.gif?id=1687409&amp;o=node\" style=\"width:1px; height:1px; display:inline;\"\/><\/p>\n<p>Imagens, textos e v\u00eddeos registraram a a\u00e7\u00e3o da administra\u00e7\u00e3o municipal,\u00a0que teve grande repercuss\u00e3o nas redes sociais ao longo do final de semana.<\/p>\n<p><strong>Por meio\u00a0de nota, a prefeitura afirmou que os livros estavam mofados e contaminados por fungos e que precisaram ser descartados &#8220;para evitar a contamina\u00e7\u00e3o de outras obras&#8221;<\/strong>. A biblioteca est\u00e1 fechada para reformas desde 2020.<\/p>\n<h2>Cr\u00edticas<\/h2>\n<p>O quadrinista Cadu Sim\u00f5es, que vive na cidade, demonstrou seu descontentamento em uma publica\u00e7\u00e3o na rede social X.\u00a0Para Sim\u00f5es, a a\u00e7\u00e3o demonstra descaso com a import\u00e2ncia da biblioteca.<\/p>\n<p>O artista conta que doou parte de sua cole\u00e7\u00e3o de quadrinhos para a biblioteca e &#8220;muito provavelmente o material foi jogado no lixo&#8221;. A prefeitura n\u00e3o informou quais nem quantas obras foram jogadas fora.<\/p>\n<blockquote>\n<p>\u201cMesmo os livros que pudessem estar com fungos, n\u00e3o necessariamente precisavam ser descartados, pois podem ser recuperados com o tratamento adequado. E, se esses livros chegaram a essa condi\u00e7\u00e3o, foi justamente devido ao descaso tanto de Rog\u00e9rio Lins [ex-prefeito de Osasco] quanto de Gerson Pessoa [atual prefeito da cidade, do Podemos]\u201d, escreveu o artista.<\/p>\n<\/blockquote>\n<p>A ex-vereadora de Osasco\u00a0Juliana Gomes Curvelo tamb\u00e9m lamentou a decis\u00e3o da prefeitura.<\/p>\n<p>\u201cAqui [na biblioteca], ao longo dos anos, era a garantia de que os estudantes da escola p\u00fablica tamb\u00e9m tivessem acesso, viv\u00eancia e oportunidades. Hoje, o que vemos \u00e9 o oposto disso tudo: livros sendo descartados,\u00a0um espa\u00e7o sendo esvaziado, uma hist\u00f3ria sendo ignorada\u201d, publicou Juliana em seu perfil do Instagram.<\/p>\n<h2>Promessa de reposi\u00e7\u00e3o<\/h2>\n<p>Em sua nota, a administra\u00e7\u00e3o local informou ainda que o acervo da biblioteca est\u00e1 sendo acompanhado \u201cpor profissionais bibliotec\u00e1rios\u00a0e os t\u00edtulos descartados ser\u00e3o repostos assim que forem adquiridos novos exemplares\u201d.<\/p>\n<p>De acordo com a prefeitura, a biblioteca passa por uma reestrutura\u00e7\u00e3o para melhor atender a popula\u00e7\u00e3o. No entanto, o \u00f3rg\u00e3o n\u00e3o informou \u00e0 <strong>Ag\u00eancia Brasil<\/strong> uma data para a reabertura.<\/p>\n<p><em>*Estagi\u00e1rio da Ag\u00eancia Brasil sob supervis\u00e3o de Odair Braz Junior.<\/em><\/p>\n<p>      <!-- Relacionada --><\/p>\n<p>            <!-- Relacionada -->\n    <\/div>\n<p><br \/>\n<br \/><a href=\"https:\/\/agenciabrasil.ebc.com.br\/educacao\/noticia\/2026-04\/prefeitura-de-osasco-joga-no-lixo-livros-de-biblioteca-municipal\">Ag\u00eancia Brasil<\/a><\/p>\n","protected":false},"excerpt":{"rendered":"<p>A prefeitura de Osasco, na regi\u00e3o metropolitana de S\u00e3o Paulo, jogou no lixo centenas de livros da Biblioteca P\u00fablica Monteiro Lobato. O descarte do material ocorreu na \u00faltima sexta-feira (24). Imagens, textos e v\u00eddeos registraram a a\u00e7\u00e3o da administra\u00e7\u00e3o municipal,\u00a0que teve grande repercuss\u00e3o nas redes sociais ao longo do final de semana. Por meio\u00a0de nota, [&hellip;]<\/p>\n","protected":false},"author":1,"featured_media":28714,"comment_status":"closed","ping_status":"","sticky":false,"template":"","format":"standard","meta":{"footnotes":""},"categories":[13],"tags":[],"class_list":["post-28713","post","type-post","status-publish","format-standard","has-post-thumbnail","hentry","category-educacao"],"_links":{"self":[{"href":"https:\/\/diarioalagoas.com.br\/index.php?rest_route=\/wp\/v2\/posts\/28713","targetHints":{"allow":["GET"]}}],"collection":[{"href":"https:\/\/diarioalagoas.com.br\/index.php?rest_route=\/wp\/v2\/posts"}],"about":[{"href":"https:\/\/diarioalagoas.com.br\/index.php?rest_route=\/wp\/v2\/types\/post"}],"author":[{"embeddable":true,"href":"https:\/\/diarioalagoas.com.br\/index.php?rest_route=\/wp\/v2\/users\/1"}],"replies":[{"embeddable":true,"href":"https:\/\/diarioalagoas.com.br\/index.php?rest_route=%2Fwp%2Fv2%2Fcomments&post=28713"}],"version-history":[{"count":0,"href":"https:\/\/diarioalagoas.com.br\/index.php?rest_route=\/wp\/v2\/posts\/28713\/revisions"}],"wp:featuredmedia":[{"embeddable":true,"href":"https:\/\/diarioalagoas.com.br\/index.php?rest_route=\/wp\/v2\/media\/28714"}],"wp:attachment":[{"href":"https:\/\/diarioalagoas.com.br\/index.php?rest_route=%2Fwp%2Fv2%2Fmedia&parent=28713"}],"wp:term":[{"taxonomy":"category","embeddable":true,"href":"https:\/\/diarioalagoas.com.br\/index.php?rest_route=%2Fwp%2Fv2%2Fcategories&post=28713"},{"taxonomy":"post_tag","embeddable":true,"href":"https:\/\/diarioalagoas.com.br\/index.php?rest_route=%2Fwp%2Fv2%2Ftags&post=28713"}],"curies":[{"name":"wp","href":"https:\/\/api.w.org\/{rel}","templated":true}]}}