{"id":28715,"date":"2026-04-27T18:30:52","date_gmt":"2026-04-27T21:30:52","guid":{"rendered":"https:\/\/diarioalagoas.com.br\/?p=28715"},"modified":"2026-04-27T18:30:52","modified_gmt":"2026-04-27T21:30:52","slug":"brasil-domina-etapa-da-copa-do-mundo-de-boxe-com-4-ouros-e-5-pratas","status":"publish","type":"post","link":"https:\/\/diarioalagoas.com.br\/?p=28715","title":{"rendered":"Brasil domina etapa da Copa do Mundo de boxe com 4 ouros e 5 pratas"},"content":{"rendered":"<p> <br \/>\n<\/p>\n<div>\n<p>O boxe brasileiro foi o grande vencedor da etapa de abertura da Copa do Mundo de boxe, que chegou ao fim no domingo (26), em Foz do Igua\u00e7u. O pa\u00eds liderou o quadro de medalhas entre 50 na\u00e7\u00f5es participantes, com quatro ouros e cinco pratas. Na segunda posi\u00e7\u00e3o ficou a China (quatro ouros), seguida de Cazaquist\u00e3o e Azerbaij\u00e3o, terceiro e quarto lugares respectivamente (tr\u00eas ouros cada pa\u00eds).\u00a0 O desempenho no ringue superou o do ano passado, quando a Amarelinha terminou na segunda coloca\u00e7\u00e3o (nove p\u00f3dios), atr\u00e1s da Pol\u00f4nia (10).<img decoding=\"async\" src=\"https:\/\/agenciabrasil.ebc.com.br\/ebc.png?id=1687435&amp;o=node\" style=\"width:1px; height:1px; display:inline;\"\/><img decoding=\"async\" src=\"https:\/\/agenciabrasil.ebc.com.br\/ebc.gif?id=1687435&amp;o=node\" style=\"width:1px; height:1px; display:inline;\"\/><\/p>\n<p>Dos nove pugilistas brasileiros que disputaram as finais no domingo, quatro asseguraram o topo do p\u00f3dio. O primeiro foi Luiz Oliveira, o Bolinha, que derrotou o norte-americano Sallin Ellis Bay por 5:0 na luta final da categoria abaixo dos 60 quilos.\u00a0 Depois foi a vez do capixaba Yuri Falc\u00e3o levar a melhor sobre o japon\u00eas Nishiyama Shion nos 65 kg, com vit\u00f3ria por 4:1.<\/p>\n<blockquote class=\"instagram-media\" data-instgrm-captioned=\"\" data-instgrm-permalink=\"https:\/\/www.instagram.com\/p\/DXmftXdlvzD\/?utm_source=ig_embed&amp;utm_campaign=loading\" data-instgrm-version=\"14\" style=\" background:#FFF; border:0; border-radius:3px; box-shadow:0 0 1px 0 rgba(0,0,0,0.5),0 1px 10px 0 rgba(0,0,0,0.15); margin: 1px; max-width:540px; min-width:326px; padding:0; width:99.375%; width:-webkit-calc(100% - 2px); width:calc(100% - 2px);\">\n<\/blockquote>\n<p>Os demais ouros foram conquistados ap\u00f3s decis\u00e3o un\u00e2nime dos ju\u00edzes (5:0).\u00a0Nascido em Concei\u00e7\u00e3o do Almeida, o baiano Wanderley Pereira, o Holyfield, teve um domingo dourado ao superar o croata<strong> <\/strong>Gabrijel Veo\u010di\u0107<strong>\u00a0<\/strong>no \u00faltimo embate dos 80 kg. Quem tamb\u00e9m comemorou o topo do p\u00f3dio foi o conterr\u00e2neo Isa\u00edas Filho, o Samurai, atual vice-campe\u00e3o mundial. Na final dos 90 kg, Samurai n\u00e3o deu chances para o espanhol sobrou diante do espanhol Enmanuel Reyes, que foi bronze ol\u00edmpico nos Jogos de Paris.<\/p>\n<p>O Brasil tamb\u00e9m subiu ao p\u00f3dio com cinco pratas, sendo tr\u00eas delas nas disputas masculinas. Natural de Rio Claro (SO), Kau\u00ea Belini, o Baby Bull, foi vice-campe\u00e3o nos 85 kg ap\u00f3s perder para o azerbaijano Sultanbek Aibaruly. \u00a0Baiano de Cama\u00e7ari, Kau\u00ea Belini foi prata ao ser superado pelo polon\u00eas Damian Durkacz na \u00faltima luta dos 70 kg. Atleta do Corinthians, Thauan Silva perdeu a final dos 75 kg para o azerbaijano Saidjamshid Jafarov.\u00a0<\/p>\n<blockquote class=\"instagram-media\" data-instgrm-captioned=\"\" data-instgrm-permalink=\"https:\/\/www.instagram.com\/p\/DXnBwXjl701\/?utm_source=ig_embed&amp;utm_campaign=loading\" data-instgrm-version=\"14\" style=\" background:#FFF; border:0; border-radius:3px; box-shadow:0 0 1px 0 rgba(0,0,0,0.5),0 1px 10px 0 rgba(0,0,0,0.15); margin: 1px; max-width:540px; min-width:326px; padding:0; width:99.375%; width:-webkit-calc(100% - 2px); width:calc(100% - 2px);\">\n<\/blockquote>\n<p>Nas finais femininas, a carioca Rebeca Lima, atual campe\u00e3 mundial, caiu na final dos 60 kg para a cazaque\u00a0Viktoriya Grafeyeva. J\u00e1 a paulista B\u00e1rbara Santos, a Bynha, foi vice-campe\u00e3 ap\u00f3s rev\u00e9s na luta final dos 75 kg contra a norueguesa Sunniva Hofstad.<\/p>\n<p>Este foi o segundo ano consecutivo que Foz do Igua\u00e7u (PR) sediou a etapa inicial da Copa do Mundo. Organizada pela Federa\u00e7\u00e3o Internacional de Boxe (World Boxing), a competi\u00e7\u00e3o reuniu mais de 400 boxeadores, n\u00famero recorde de participantes em uma s\u00f3 etapa.\u00a0\u00a0A pr\u00f3xima ser\u00e1 em junho em Guiyang (China). O calend\u00e1rio prev\u00ea a realiza\u00e7\u00e3o das finais na cidade de Tashkent (Uzbequist\u00e3o) entre novembro e o in\u00edcio de dezembro.<\/p>\n<p>      <!-- Relacionada --><\/p>\n<p>            <!-- Relacionada -->\n    <\/div>\n<p><script async src=\"\/\/www.instagram.com\/embed.js\"><\/script><br \/>\n<br \/><br \/>\n<br \/><a href=\"https:\/\/agenciabrasil.ebc.com.br\/esportes\/noticia\/2026-04\/brasil-domina-etapa-da-copa-do-mundo-de-boxe-com-4-ouros-e-5-pratas\">Ag\u00eancia Brasil<\/a><\/p>\n","protected":false},"excerpt":{"rendered":"<p>O boxe brasileiro foi o grande vencedor da etapa de abertura da Copa do Mundo de boxe, que chegou ao fim no domingo (26), em Foz do Igua\u00e7u. O pa\u00eds liderou o quadro de medalhas entre 50 na\u00e7\u00f5es participantes, com quatro ouros e cinco pratas. Na segunda posi\u00e7\u00e3o ficou a China (quatro ouros), seguida de [&hellip;]<\/p>\n","protected":false},"author":1,"featured_media":28716,"comment_status":"closed","ping_status":"","sticky":false,"template":"","format":"standard","meta":{"footnotes":""},"categories":[14],"tags":[],"class_list":["post-28715","post","type-post","status-publish","format-standard","has-post-thumbnail","hentry","category-esportes"],"_links":{"self":[{"href":"https:\/\/diarioalagoas.com.br\/index.php?rest_route=\/wp\/v2\/posts\/28715","targetHints":{"allow":["GET"]}}],"collection":[{"href":"https:\/\/diarioalagoas.com.br\/index.php?rest_route=\/wp\/v2\/posts"}],"about":[{"href":"https:\/\/diarioalagoas.com.br\/index.php?rest_route=\/wp\/v2\/types\/post"}],"author":[{"embeddable":true,"href":"https:\/\/diarioalagoas.com.br\/index.php?rest_route=\/wp\/v2\/users\/1"}],"replies":[{"embeddable":true,"href":"https:\/\/diarioalagoas.com.br\/index.php?rest_route=%2Fwp%2Fv2%2Fcomments&post=28715"}],"version-history":[{"count":0,"href":"https:\/\/diarioalagoas.com.br\/index.php?rest_route=\/wp\/v2\/posts\/28715\/revisions"}],"wp:featuredmedia":[{"embeddable":true,"href":"https:\/\/diarioalagoas.com.br\/index.php?rest_route=\/wp\/v2\/media\/28716"}],"wp:attachment":[{"href":"https:\/\/diarioalagoas.com.br\/index.php?rest_route=%2Fwp%2Fv2%2Fmedia&parent=28715"}],"wp:term":[{"taxonomy":"category","embeddable":true,"href":"https:\/\/diarioalagoas.com.br\/index.php?rest_route=%2Fwp%2Fv2%2Fcategories&post=28715"},{"taxonomy":"post_tag","embeddable":true,"href":"https:\/\/diarioalagoas.com.br\/index.php?rest_route=%2Fwp%2Fv2%2Ftags&post=28715"}],"curies":[{"name":"wp","href":"https:\/\/api.w.org\/{rel}","templated":true}]}}