{"id":28719,"date":"2026-04-27T19:18:37","date_gmt":"2026-04-27T22:18:37","guid":{"rendered":"https:\/\/diarioalagoas.com.br\/?p=28719"},"modified":"2026-04-27T19:18:37","modified_gmt":"2026-04-27T22:18:37","slug":"prefeitura-de-maceio-estudantes-participam-de-concerto-interativo","status":"publish","type":"post","link":"https:\/\/diarioalagoas.com.br\/?p=28719","title":{"rendered":"Prefeitura de Macei\u00f3 | Estudantes participam de concerto interativo\u2026"},"content":{"rendered":"<p> <br \/>\n<\/p>\n<div id=\"\">\n<p>A Secretaria de Educa\u00e7\u00e3o de Macei\u00f3 (Semed), em parceria com a Orquestra Sinf\u00f4nica de Lisboa promove, na pr\u00f3xima ter\u00e7a-feira, 28 de abril, a apresenta\u00e7\u00e3o do concerto interativo &#8220;O S\u00edtio da Amizade \u2013 Uma F\u00e1bula Sinf\u00f4nica para Audi\u00e7\u00e3o Participativa&#8221;.<\/p>\n<p>Participar\u00e3o da experi\u00eancia cerca de 1.400 estudantes das s\u00e9ries iniciais do Ensino Fundamental da rede p\u00fablica municipal, sendo 800 alunos no turno da manh\u00e3 e 600 no turno da tarde.<\/p>\n<p>O evento acontece no Teatro Gustavo Leite, localizado no Centro de Conven\u00e7\u00f5es, em duas sess\u00f5es, \u00e0s 8h30 e \u00e0s 14h30, Jaragu\u00e1. O evento ter\u00e1 como respons\u00e1vel pela concep\u00e7\u00e3o art\u00edstica e pedag\u00f3gica da obra, a Orquestra Sinf\u00f4nica de Lisboa.<\/p>\n<p>A proposta do concerto \u00e9 proporcionar uma experi\u00eancia est\u00e9tica diferenciada, baseada na escuta ativa, na participa\u00e7\u00e3o mediada e na aprecia\u00e7\u00e3o musical. Durante a apresenta\u00e7\u00e3o, os estudantes s\u00e3o convidados a interagir com a orquestra, deixando de ser apenas espectadores para se tornarem parte do espet\u00e1culo.<\/p>\n<p>O secret\u00e1rio de Educa\u00e7\u00e3o de Macei\u00f3, Rog\u00e9rio Lima, ressaltou a parceria da Semed junto \u00e0 Orquestra Sinf\u00f4nica de Lisboa. Para ele, a iniciativa visa proporcionar uma atividade cultural, com \u00eanfase na m\u00fasica contempor\u00e2nea, para os jovens estudantes.<\/p>\n<p>\u201cSer\u00e1 um momento importante para que todos ampliem seu vocabul\u00e1rio cultural e art\u00edstico. Essa experi\u00eancia \u00e9 essencial, pois estimula a percep\u00e7\u00e3o e desenvolve o processo de ensino aprendizagem nos alunos. Dessa forma, conseguimos valorizar a cultura permitindo acesso as manifesta\u00e7\u00f5es art\u00edsticas e contribuindo assim para a forma\u00e7\u00e3o da cidadania\u201d, afirmou o secret\u00e1rio.<\/p>\n<p>Para a subsecret\u00e1ria de gest\u00e3o pedag\u00f3gica, T\u00e2nia Almeida, a iniciativa ultrapassa o car\u00e1ter recreativo e se firma como uma relevante a\u00e7\u00e3o educativa no \u00e2mbito da arte e da cultura. \u201cAo promover uma f\u00e1bula sinf\u00f4nica a conex\u00e3o estabelece princ\u00edpios fundamentais, como inclus\u00e3o, respeito e valoriza\u00e7\u00e3o das diferen\u00e7as, estabelecendo um processo educativo e formativo\u201d, ressaltou.<\/p>\n<p>Ela explicou ainda que a atividade contribui para a constru\u00e7\u00e3o de conhecimentos musicais, permitindo que os estudantes reconhe\u00e7am caracter\u00edsticas dos instrumentos e compreendam a organiza\u00e7\u00e3o e os diferentes agrupamentos de uma orquestra.<\/p>\n<p>\u201cTrata-se de uma experi\u00eancia formativa que mobiliza a escuta ativa e promove a participa\u00e7\u00e3o efetiva dos estudantes, fortalecendo o protagonismo estudantil e ampliando o repert\u00f3rio cultural, aproximando os educandos do universo da m\u00fasica de concerto\u201d, destacou T\u00e2nia.<\/p>\n<p>Para o coordenador de Arte e Cultura da Semed, T\u00e9rcio Smith, a presen\u00e7a da Orquestra de Lisboa, sob a reg\u00eancia do maestro Miguel Nabais Pernes, respons\u00e1vel pela dire\u00e7\u00e3o art\u00edstica e supervis\u00e3o pedag\u00f3gica,  refor\u00e7a a qualidade art\u00edstica da a\u00e7\u00e3o e contribui para o fortalecimento do ensino de m\u00fasica na rede p\u00fablica de ensino de Macei\u00f3.<\/p>\n<p>\u201cIniciativas como essa potencializam ainda mais essa viv\u00eancia, agregando qualidade art\u00edstica e contribuindo significativamente para o fortalecimento do ensino de m\u00fasica na rede municipal de Educa\u00e7\u00e3o de Macei\u00f3\u201d, concluiu T\u00e9rcio<\/p>\n<div class=\"gabinate\">\n<a href=\"https:\/\/maceio.al.gov.br\/secretarias-e-orgaos\/semed\">SEMED<\/a><\/p>\n<h2>Secretaria Municipal de Educa\u00e7\u00e3o<\/h2>\n<p><span><\/p>\n<p>Rua General Hermes, 1199 &#8211; Cambona<br \/>CEP 57017-201 \/\/ Telefone: (82) 3312-5608<br \/>Hor\u00e1rio de atendimento: segunda a sexta, de 8h \u00e0s 14h.<\/p>\n<p><\/span><\/div>\n<\/div>\n<p><script async defer crossorigin=\"anonymous\" src=\"https:\/\/connect.facebook.net\/pt_BR\/sdk.js#xfbml=1&#038;version=v12.0\" nonce=\"0pFl3y7T\"><\/script><br \/>\n<br \/><br \/>\n<br \/><a href=\"https:\/\/maceio.al.gov.br\/noticias\/semed\/estudantes-participam-de-concerto-interativo-com-orquestra-sinfonica-de-lisboa-na-terca-28\">Prefeitura de Macei\u00f3 <\/a><\/p>\n","protected":false},"excerpt":{"rendered":"<p>A Secretaria de Educa\u00e7\u00e3o de Macei\u00f3 (Semed), em parceria com a Orquestra Sinf\u00f4nica de Lisboa promove, na pr\u00f3xima ter\u00e7a-feira, 28 de abril, a apresenta\u00e7\u00e3o do concerto interativo &#8220;O S\u00edtio da Amizade \u2013 Uma F\u00e1bula Sinf\u00f4nica para Audi\u00e7\u00e3o Participativa&#8221;. Participar\u00e3o da experi\u00eancia cerca de 1.400 estudantes das s\u00e9ries iniciais do Ensino Fundamental da rede p\u00fablica municipal, [&hellip;]<\/p>\n","protected":false},"author":1,"featured_media":28720,"comment_status":"closed","ping_status":"","sticky":false,"template":"","format":"standard","meta":{"footnotes":""},"categories":[9],"tags":[],"class_list":["post-28719","post","type-post","status-publish","format-standard","has-post-thumbnail","hentry","category-maceio"],"_links":{"self":[{"href":"https:\/\/diarioalagoas.com.br\/index.php?rest_route=\/wp\/v2\/posts\/28719","targetHints":{"allow":["GET"]}}],"collection":[{"href":"https:\/\/diarioalagoas.com.br\/index.php?rest_route=\/wp\/v2\/posts"}],"about":[{"href":"https:\/\/diarioalagoas.com.br\/index.php?rest_route=\/wp\/v2\/types\/post"}],"author":[{"embeddable":true,"href":"https:\/\/diarioalagoas.com.br\/index.php?rest_route=\/wp\/v2\/users\/1"}],"replies":[{"embeddable":true,"href":"https:\/\/diarioalagoas.com.br\/index.php?rest_route=%2Fwp%2Fv2%2Fcomments&post=28719"}],"version-history":[{"count":0,"href":"https:\/\/diarioalagoas.com.br\/index.php?rest_route=\/wp\/v2\/posts\/28719\/revisions"}],"wp:featuredmedia":[{"embeddable":true,"href":"https:\/\/diarioalagoas.com.br\/index.php?rest_route=\/wp\/v2\/media\/28720"}],"wp:attachment":[{"href":"https:\/\/diarioalagoas.com.br\/index.php?rest_route=%2Fwp%2Fv2%2Fmedia&parent=28719"}],"wp:term":[{"taxonomy":"category","embeddable":true,"href":"https:\/\/diarioalagoas.com.br\/index.php?rest_route=%2Fwp%2Fv2%2Fcategories&post=28719"},{"taxonomy":"post_tag","embeddable":true,"href":"https:\/\/diarioalagoas.com.br\/index.php?rest_route=%2Fwp%2Fv2%2Ftags&post=28719"}],"curies":[{"name":"wp","href":"https:\/\/api.w.org\/{rel}","templated":true}]}}