{"id":28723,"date":"2026-04-27T21:04:36","date_gmt":"2026-04-28T00:04:36","guid":{"rendered":"https:\/\/diarioalagoas.com.br\/?p=28723"},"modified":"2026-04-27T21:04:36","modified_gmt":"2026-04-28T00:04:36","slug":"ministerio-da-educacao-inaugura-sede-do-ifsp-em-presidente-prudente","status":"publish","type":"post","link":"https:\/\/diarioalagoas.com.br\/?p=28723","title":{"rendered":"Minist\u00e9rio da Educa\u00e7\u00e3o inaugura sede do IFSP em Presidente Prudente"},"content":{"rendered":"<p> <br \/>\n<\/p>\n<div>\n<p><strong>O Minist\u00e9rio da Educa\u00e7\u00e3o inaugurou nesta segunda-feira (27) a sede pr\u00f3pria do Campus Presidente Prudente do Instituto Federal de S\u00e3o Paulo (IFSP), no munic\u00edpio do oeste paulista. <\/strong>A obra teve investimentos de R$ 14,2 milh\u00f5es, sendo R$ 8,2 milh\u00f5es provenientes do Novo Programa de Acelera\u00e7\u00e3o do Crescimento (Novo PAC), do governo federal.<img decoding=\"async\" src=\"https:\/\/agenciabrasil.ebc.com.br\/ebc.png?id=1687450&amp;o=node\" style=\"width:1px; height:1px; display:inline;\"\/><img decoding=\"async\" src=\"https:\/\/agenciabrasil.ebc.com.br\/ebc.gif?id=1687450&amp;o=node\" style=\"width:1px; height:1px; display:inline;\"\/><\/p>\n<p>A nova sede tem 7,7 mil metros quadrados de \u00e1rea constru\u00edda, com nove salas de aulas, duas salas administrativas destinadas \u00e0 dire\u00e7\u00e3o e \u00e0 secretaria, uma sala de tecnologia da informa\u00e7\u00e3o e laborat\u00f3rios de qu\u00edmica, microbiologia, alimentos e inform\u00e1tica, al\u00e9m de quadra poliesportiva e estacionamento. Antes da sede pr\u00f3pria, a unidade funcionava em espa\u00e7o cedido pela prefeitura do munic\u00edpio.<\/p>\n<p>Segundo o minist\u00e9rio, al\u00e9m dos cursos de capacita\u00e7\u00e3o e de forma\u00e7\u00e3o inicial e continuada j\u00e1 em funcionamento \u2013 como futsal feminino e masculino, inform\u00e1tica, L\u00edngua Brasileira de Sinais (Libras), cuidador infantil, barbeiro, almoxarife e cuidador de idosos \u2013 a nova sede dever\u00e1 ampliar a oferta de qualifica\u00e7\u00e3o profissional e de cursos t\u00e9cnicos e superiores.\u00a0<\/p>\n<p>Entre os cursos previstos est\u00e3o o de forma\u00e7\u00e3o popular em Direitos das Mulheres, em parceria com o Minist\u00e9rio das Mulheres; cursos do Pronatec Empreender; e curso t\u00e9cnico em agroind\u00fastria, t\u00e9cnico integrado ao ensino m\u00e9dio em agroind\u00fastria e t\u00e9cnico integrado em alimentos.\u00a0<\/p>\n<p>Durante a inaugura\u00e7\u00e3o, o ministro da Educa\u00e7\u00e3o, Leonardo Barchini, anunciou novos investimentos na unidade:<\/p>\n<p>\u201cAtualmente, esta unidade oferece apenas 800 vagas, mas n\u00f3s vamos ampliar esse n\u00famero para 1,4 mil oportunidades ap\u00f3s o in\u00edcio das obras do restaurante estudantil, da biblioteca e do novo conjunto de salas de aula, que come\u00e7am em maio deste ano, e a contrata\u00e7\u00e3o de novos professores e t\u00e9cnicos\u201d, disse.\u00a0<\/p>\n<p>De acordo com o minist\u00e9rio, em julho deste ano\u00a0ser\u00e1 feito o processo seletivo para o curso t\u00e9cnico de agroind\u00fastria e, a partir de 2027, os vestibulares para a sele\u00e7\u00e3o de estudantes do ensino m\u00e9dio integrado.<\/p>\n<p>      <!-- Relacionada --><\/p>\n<p>            <!-- Relacionada -->\n    <\/div>\n<p><br \/>\n<br \/><a href=\"https:\/\/agenciabrasil.ebc.com.br\/educacao\/noticia\/2026-04\/ministerio-da-educacao-inaugura-sede-do-ifsp-em-presidente-prudente\">Ag\u00eancia Brasil<\/a><\/p>\n","protected":false},"excerpt":{"rendered":"<p>O Minist\u00e9rio da Educa\u00e7\u00e3o inaugurou nesta segunda-feira (27) a sede pr\u00f3pria do Campus Presidente Prudente do Instituto Federal de S\u00e3o Paulo (IFSP), no munic\u00edpio do oeste paulista. A obra teve investimentos de R$ 14,2 milh\u00f5es, sendo R$ 8,2 milh\u00f5es provenientes do Novo Programa de Acelera\u00e7\u00e3o do Crescimento (Novo PAC), do governo federal. A nova sede [&hellip;]<\/p>\n","protected":false},"author":1,"featured_media":28724,"comment_status":"closed","ping_status":"","sticky":false,"template":"","format":"standard","meta":{"footnotes":""},"categories":[13],"tags":[],"class_list":["post-28723","post","type-post","status-publish","format-standard","has-post-thumbnail","hentry","category-educacao"],"_links":{"self":[{"href":"https:\/\/diarioalagoas.com.br\/index.php?rest_route=\/wp\/v2\/posts\/28723","targetHints":{"allow":["GET"]}}],"collection":[{"href":"https:\/\/diarioalagoas.com.br\/index.php?rest_route=\/wp\/v2\/posts"}],"about":[{"href":"https:\/\/diarioalagoas.com.br\/index.php?rest_route=\/wp\/v2\/types\/post"}],"author":[{"embeddable":true,"href":"https:\/\/diarioalagoas.com.br\/index.php?rest_route=\/wp\/v2\/users\/1"}],"replies":[{"embeddable":true,"href":"https:\/\/diarioalagoas.com.br\/index.php?rest_route=%2Fwp%2Fv2%2Fcomments&post=28723"}],"version-history":[{"count":0,"href":"https:\/\/diarioalagoas.com.br\/index.php?rest_route=\/wp\/v2\/posts\/28723\/revisions"}],"wp:featuredmedia":[{"embeddable":true,"href":"https:\/\/diarioalagoas.com.br\/index.php?rest_route=\/wp\/v2\/media\/28724"}],"wp:attachment":[{"href":"https:\/\/diarioalagoas.com.br\/index.php?rest_route=%2Fwp%2Fv2%2Fmedia&parent=28723"}],"wp:term":[{"taxonomy":"category","embeddable":true,"href":"https:\/\/diarioalagoas.com.br\/index.php?rest_route=%2Fwp%2Fv2%2Fcategories&post=28723"},{"taxonomy":"post_tag","embeddable":true,"href":"https:\/\/diarioalagoas.com.br\/index.php?rest_route=%2Fwp%2Fv2%2Ftags&post=28723"}],"curies":[{"name":"wp","href":"https:\/\/api.w.org\/{rel}","templated":true}]}}