{"id":28725,"date":"2026-04-27T22:41:24","date_gmt":"2026-04-28T01:41:24","guid":{"rendered":"https:\/\/diarioalagoas.com.br\/?p=28725"},"modified":"2026-04-27T22:41:24","modified_gmt":"2026-04-28T01:41:24","slug":"mprj-acompanha-investigacoes-sobre-morte-de-empresario-por-policiais","status":"publish","type":"post","link":"https:\/\/diarioalagoas.com.br\/?p=28725","title":{"rendered":"MPRJ acompanha investiga\u00e7\u00f5es sobre morte de empres\u00e1rio por policiais"},"content":{"rendered":"<p> <br \/>\n<\/p>\n<div>\n<p><strong>O Grupo de Atua\u00e7\u00e3o Especializada em Seguran\u00e7a P\u00fablica do Minist\u00e9rio P\u00fablico do Estado do Rio de Janeiro (GAESP\/MPRJ) acompanha as investiga\u00e7\u00f5es da morte do empres\u00e1rio Daniel Patr\u00edcio Santos de Oliveira, ocorrida na \u00faltima quarta-feira (22), na Pavuna, zona norte do Rio.\u00a0<\/strong><img decoding=\"async\" src=\"https:\/\/agenciabrasil.ebc.com.br\/ebc.png?id=1687464&amp;o=node\" style=\"width:1px; height:1px; display:inline;\"\/><img decoding=\"async\" src=\"https:\/\/agenciabrasil.ebc.com.br\/ebc.gif?id=1687464&amp;o=node\" style=\"width:1px; height:1px; display:inline;\"\/><\/p>\n<p>O caso foi comunicado ao plant\u00e3o de monitoramento, conforme previsto na ADPF 635 [Argui\u00e7\u00e3o de Descumprimento de Preceito Fundamental], conhecida como ADPF das Favelas.<\/p>\n<p>O GAESP\/MPRJ tamb\u00e9m segue acompanhando o andamento das investiga\u00e7\u00f5es conduzidas pela Corregedoria da Pol\u00edcia Militar e pela Delegacia de Homic\u00eddios da Capital para esclarecer as circunst\u00e2ncias da a\u00e7\u00e3o policial, identificar eventuais irregularidades em rela\u00e7\u00e3o aos protocolos operacionais e apurar a responsabilidade de todos os envolvidos, inclusive os que n\u00e3o estavam presentes na cena do crime.<\/p>\n<p><strong>Daniel, de 29 anos, foi morto ap\u00f3s o carro em que estava com dois amigos ser alvo de cerca de 23 tiros, de acordo com testemunhas, durante uma abordagem policial na Pavuna. <\/strong>Daniel chegou a sinalizar com os far\u00f3is do ve\u00edculo, na tentativa de indicar que se tratavam de moradores da regi\u00e3o, mas os disparos n\u00e3o cessaram.<\/p>\n<p>O sargento Rafael Assun\u00e7\u00e3o Marinho e o cabo PM Rodrigo da Silva Alves foram presos em flagrante pela Corregedoria da corpora\u00e7\u00e3o por homic\u00eddio doloso, quando h\u00e1 inten\u00e7\u00e3o de matar. O crime \u00e9 previsto na Justi\u00e7a Militar.\u00a0 O juiz manteve os dois policiais presos,\u00a0 ap\u00f3s passarem por audi\u00eancia de cust\u00f3dia.\u00a0<\/p>\n<h2>Esclarecimentos<\/h2>\n<p>A Comiss\u00e3o de Defesa dos Direitos Humanos e Cidadania (CDDHC) da Assembleia Legislativa do Rio de Janeiro atendeu a vi\u00fava de Daniel Patr\u00edcio Santos de Oliveira, Karina Paes. <strong>A comiss\u00e3o vai oficiar a Corregedoria da Pol\u00edcia Militar e a Secretaria de Seguran\u00e7a P\u00fablica para solicitar esclarecimentos sobre os protocolos adotados na a\u00e7\u00e3o policial e informa\u00e7\u00f5es sobre o uso das c\u00e2meras corporais pelos agentes envolvidos.<\/strong><\/p>\n<p>Para a presidente da CDDHC, deputada Dani Monteiro, o caso evidencia uma l\u00f3gica recorrente de viola\u00e7\u00f5es.\u00a0<\/p>\n<p>\u201cH\u00e1 ind\u00edcios graves de uso desproporcional da for\u00e7a e quebra de protocolos, em um contexto que j\u00e1 vitimou outras pessoas, como a m\u00e9dica Andrea Marins, no m\u00eas passado. Mais uma vez falamos que isso n\u00e3o \u00e9 epis\u00f3dio isolado\u201d.\u00a0<\/p>\n<p>      <!-- Relacionada --><\/p>\n<p>            <!-- Relacionada -->\n    <\/div>\n<p><br \/>\n<br \/><a href=\"https:\/\/agenciabrasil.ebc.com.br\/geral\/noticia\/2026-04\/mprj-acompanha-investigacoes-sobre-morte-de-empresario-por-policiais\">Ag\u00eancia Brasil<\/a><\/p>\n","protected":false},"excerpt":{"rendered":"<p>O Grupo de Atua\u00e7\u00e3o Especializada em Seguran\u00e7a P\u00fablica do Minist\u00e9rio P\u00fablico do Estado do Rio de Janeiro (GAESP\/MPRJ) acompanha as investiga\u00e7\u00f5es da morte do empres\u00e1rio Daniel Patr\u00edcio Santos de Oliveira, ocorrida na \u00faltima quarta-feira (22), na Pavuna, zona norte do Rio.\u00a0 O caso foi comunicado ao plant\u00e3o de monitoramento, conforme previsto na ADPF 635 [Argui\u00e7\u00e3o [&hellip;]<\/p>\n","protected":false},"author":1,"featured_media":28726,"comment_status":"closed","ping_status":"","sticky":false,"template":"","format":"standard","meta":{"footnotes":""},"categories":[15],"tags":[],"class_list":["post-28725","post","type-post","status-publish","format-standard","has-post-thumbnail","hentry","category-geral"],"_links":{"self":[{"href":"https:\/\/diarioalagoas.com.br\/index.php?rest_route=\/wp\/v2\/posts\/28725","targetHints":{"allow":["GET"]}}],"collection":[{"href":"https:\/\/diarioalagoas.com.br\/index.php?rest_route=\/wp\/v2\/posts"}],"about":[{"href":"https:\/\/diarioalagoas.com.br\/index.php?rest_route=\/wp\/v2\/types\/post"}],"author":[{"embeddable":true,"href":"https:\/\/diarioalagoas.com.br\/index.php?rest_route=\/wp\/v2\/users\/1"}],"replies":[{"embeddable":true,"href":"https:\/\/diarioalagoas.com.br\/index.php?rest_route=%2Fwp%2Fv2%2Fcomments&post=28725"}],"version-history":[{"count":0,"href":"https:\/\/diarioalagoas.com.br\/index.php?rest_route=\/wp\/v2\/posts\/28725\/revisions"}],"wp:featuredmedia":[{"embeddable":true,"href":"https:\/\/diarioalagoas.com.br\/index.php?rest_route=\/wp\/v2\/media\/28726"}],"wp:attachment":[{"href":"https:\/\/diarioalagoas.com.br\/index.php?rest_route=%2Fwp%2Fv2%2Fmedia&parent=28725"}],"wp:term":[{"taxonomy":"category","embeddable":true,"href":"https:\/\/diarioalagoas.com.br\/index.php?rest_route=%2Fwp%2Fv2%2Fcategories&post=28725"},{"taxonomy":"post_tag","embeddable":true,"href":"https:\/\/diarioalagoas.com.br\/index.php?rest_route=%2Fwp%2Fv2%2Ftags&post=28725"}],"curies":[{"name":"wp","href":"https:\/\/api.w.org\/{rel}","templated":true}]}}