{"id":28727,"date":"2026-04-27T22:47:51","date_gmt":"2026-04-28T01:47:51","guid":{"rendered":"https:\/\/diarioalagoas.com.br\/?p=28727"},"modified":"2026-04-27T22:47:51","modified_gmt":"2026-04-28T01:47:51","slug":"frente-fria-provoca-chuvas-e-queda-de-temperatura-no-centro-sul","status":"publish","type":"post","link":"https:\/\/diarioalagoas.com.br\/?p=28727","title":{"rendered":"Frente fria provoca chuvas e queda de temperatura no centro-sul"},"content":{"rendered":"<p> <br \/>\n<\/p>\n<div>\n<p><strong>A chegada e perman\u00eancia de uma frente fria desde o domingo (26) trouxe chuvas intensas em todo o centro-sul do pa\u00eds, com presen\u00e7a de ressaca no litoral ga\u00facho e catarinense, al\u00e9m de ventos fortes at\u00e9 o litoral paulista. <\/strong><img decoding=\"async\" src=\"https:\/\/agenciabrasil.ebc.com.br\/ebc.png?id=1687456&amp;o=node\" style=\"width:1px; height:1px; display:inline;\"\/><img decoding=\"async\" src=\"https:\/\/agenciabrasil.ebc.com.br\/ebc.gif?id=1687456&amp;o=node\" style=\"width:1px; height:1px; display:inline;\"\/><\/p>\n<p><strong>O interior paulista e paranaense, al\u00e9m de \u00e1reas do centro-oeste e do sul da regi\u00e3o norte do pa\u00eds, tamb\u00e9m registram presen\u00e7a de chuvas e possibilidade de pancadas, que devem permanecer pelo menos at\u00e9 a ter\u00e7a-feira (28), de acordo com o Instituto Nacional de Meteorologia (Inmet).<\/strong><\/p>\n<p><strong>Em S\u00e3o Paulo, o dia foi marcado por um ac\u00famulo no litoral sul, entre as cidades de Mongagu\u00e1 e Guaruj\u00e1, com pico de 46mm em Praia Grande, concentrados durante a tarde desta segunda-feira (27). <\/strong><\/p>\n<p>Segundo dados do Sistema Integrado de Bacias Hidrogr\u00e1ficas (SIBH), da SP \u00c1guas, o\u00a0Oeste paulista tamb\u00e9m teve registro de chuvas mais volumosas na regi\u00e3o de Presidente Prudente, com valores entre 30 e 35mm distribu\u00eddos ao longo do dia.\u00a0<\/p>\n<p>No norte do estado as regi\u00f5es de Ara\u00e7atuba e Ribeir\u00e3o Preto tiveram precipita\u00e7\u00f5es acima dos 25mm, durante a tarde. N\u00e3o houve registro de grandes impactos pela Defesa Civil ou Corpo de Bombeiros.<\/p>\n<p>A Defesa Civil estadual considerou em alerta todas as regi\u00f5es do oeste do estado e do litoral sul.<\/p>\n<p>&#8220;A tend\u00eancia para os pr\u00f3ximos dias \u00e9 de aumento das chuvas em grande parte do estado, com possibilidade de volumes elevados, especialmente nas regi\u00f5es sul, sudeste e leste. As precipita\u00e7\u00f5es devem ocorrer de forma irregular e, em alguns momentos, podem ser mais intensas, elevando o risco para transtornos&#8221;, destaca o \u00f3rg\u00e3o.<\/p>\n<p><strong>No Rio Grande do Sul, permanece alerta para mau tempo, com destaque para as baixas temperaturas.<\/strong> Na ter\u00e7a-feira (28) as m\u00ednimas devem ficar entre 1\u00b0C e 13\u00b0C, favorecendo a forma\u00e7\u00e3o de geada na Campanha, Sul, Centro, Norte, Serra, Vales e na por\u00e7\u00e3o oeste da Regi\u00e3o Metropolitana de Porto Alegre.\u00a0<\/p>\n<p>As m\u00e1ximas variam entre 15\u00b0C e 22\u00b0C. Segundo informa\u00e7\u00f5es da Marinha, o\u00a0mar segue agitado na costa ga\u00facha, com ressaca e h\u00e1 condi\u00e7\u00f5es para pancadas de chuva de intensidade fraca a moderada nas regi\u00f5es Noroeste, Norte e Nordeste pela noite.<\/p>\n<p><strong>Em Santa Catarina, o frio presente desde domingo se intensifica na ter\u00e7a-feira (28), com m\u00ednimas entre 0\u00b0C e 3\u00b0C no Planalto Sul e nas \u00e1reas mais altas do Meio-Oeste, onde h\u00e1 condi\u00e7\u00f5es para geada. <\/strong>No Grande Oeste, os term\u00f4metros variam entre 4\u00b0C e 7\u00b0C, enquanto no Litoral Sul podem ficar abaixo dos 10\u00b0C.\u00a0<\/p>\n<p>Nas demais regi\u00f5es, as m\u00ednimas ficam entre 12\u00b0C e 16\u00b0C. As condi\u00e7\u00f5es mais preocupantes, segundo a Defesa Civil estadual, ocorrer\u00e3o na quarta-feira (29), quando a instabilidade ganha for\u00e7a, favorecendo chuva intensa e temporais isolados, com presen\u00e7a de raios, rajadas de vento e possibilidade de granizo. No Litoral Norte e no Baixo Vale do Itaja\u00ed h\u00e1 condi\u00e7\u00f5es para chuva persistente, com risco de alagamentos e enxurradas.\u00a0<\/p>\n<p><strong>Para o Paran\u00e1, a previs\u00e3o \u00e9 de frio pela manh\u00e3 de ter\u00e7a-feira, com m\u00ednimas na casa dos 7 graus. <\/strong>A centro e norte paranaenses j\u00e1 est\u00e3o em faixa com previs\u00e3o de chuvas intensas (entre 20 e 50mm) durante todo o dia 28.\u00a0<\/p>\n<p>O alerta inclui S\u00e3o Paulo, Mato Grosso do Sul, oeste e norte do Mato Grosso, Rond\u00f4nia, Acre, Amazonas, Par\u00e1, Maranh\u00e3o e \u00e1reas litor\u00e2neas do litoral norte do pa\u00eds.<\/p>\n<p>      <!-- Relacionada --><\/p>\n<p>            <!-- Relacionada -->\n    <\/div>\n<p><br \/>\n<br \/><a href=\"https:\/\/agenciabrasil.ebc.com.br\/geral\/noticia\/2026-04\/frente-fria-provoca-chuvas-e-queda-de-temperatura-no-centro-sul\">Ag\u00eancia Brasil <\/a><\/p>\n","protected":false},"excerpt":{"rendered":"<p>A chegada e perman\u00eancia de uma frente fria desde o domingo (26) trouxe chuvas intensas em todo o centro-sul do pa\u00eds, com presen\u00e7a de ressaca no litoral ga\u00facho e catarinense, al\u00e9m de ventos fortes at\u00e9 o litoral paulista. O interior paulista e paranaense, al\u00e9m de \u00e1reas do centro-oeste e do sul da regi\u00e3o norte do [&hellip;]<\/p>\n","protected":false},"author":1,"featured_media":28728,"comment_status":"closed","ping_status":"","sticky":false,"template":"","format":"standard","meta":{"footnotes":""},"categories":[16],"tags":[],"class_list":["post-28727","post","type-post","status-publish","format-standard","has-post-thumbnail","hentry","category-internacional"],"_links":{"self":[{"href":"https:\/\/diarioalagoas.com.br\/index.php?rest_route=\/wp\/v2\/posts\/28727","targetHints":{"allow":["GET"]}}],"collection":[{"href":"https:\/\/diarioalagoas.com.br\/index.php?rest_route=\/wp\/v2\/posts"}],"about":[{"href":"https:\/\/diarioalagoas.com.br\/index.php?rest_route=\/wp\/v2\/types\/post"}],"author":[{"embeddable":true,"href":"https:\/\/diarioalagoas.com.br\/index.php?rest_route=\/wp\/v2\/users\/1"}],"replies":[{"embeddable":true,"href":"https:\/\/diarioalagoas.com.br\/index.php?rest_route=%2Fwp%2Fv2%2Fcomments&post=28727"}],"version-history":[{"count":0,"href":"https:\/\/diarioalagoas.com.br\/index.php?rest_route=\/wp\/v2\/posts\/28727\/revisions"}],"wp:featuredmedia":[{"embeddable":true,"href":"https:\/\/diarioalagoas.com.br\/index.php?rest_route=\/wp\/v2\/media\/28728"}],"wp:attachment":[{"href":"https:\/\/diarioalagoas.com.br\/index.php?rest_route=%2Fwp%2Fv2%2Fmedia&parent=28727"}],"wp:term":[{"taxonomy":"category","embeddable":true,"href":"https:\/\/diarioalagoas.com.br\/index.php?rest_route=%2Fwp%2Fv2%2Fcategories&post=28727"},{"taxonomy":"post_tag","embeddable":true,"href":"https:\/\/diarioalagoas.com.br\/index.php?rest_route=%2Fwp%2Fv2%2Ftags&post=28727"}],"curies":[{"name":"wp","href":"https:\/\/api.w.org\/{rel}","templated":true}]}}