{"id":28731,"date":"2026-04-27T23:20:17","date_gmt":"2026-04-28T02:20:17","guid":{"rendered":"https:\/\/diarioalagoas.com.br\/?p=28731"},"modified":"2026-04-27T23:20:17","modified_gmt":"2026-04-28T02:20:17","slug":"prefeitura-de-maceio-afundamento-de-solo-na-vila-saem-foi-causado","status":"publish","type":"post","link":"https:\/\/diarioalagoas.com.br\/?p=28731","title":{"rendered":"Prefeitura de Macei\u00f3 | Afundamento de solo na Vila Saem foi causado\u2026"},"content":{"rendered":"<p> <br \/>\n<\/p>\n<div id=\"\">\n<p>Uma opera\u00e7\u00e3o conjunta entre Defesa Civil de Macei\u00f3, Secretaria Municipal de Infraestrutura (Seminfra) e Instituto de Pesquisa, Planejamento e Licenciamento Urbano e Ambiental (Iplam) foi executada, na manh\u00e3 desta segunda-feira (27), para verificar a causa do afundamento de solo em uma resid\u00eancia na Vila Saem, no bairro do Pinheiro.<\/p>\n<p>Ap\u00f3s escavar a cal\u00e7ada do im\u00f3vel em que o morador apontava um afundamento, a equipe da Seminfra identificou liga\u00e7\u00e3o clandestina na rede de galeria de \u00e1guas pluviais, o que fez o solo ceder e \u00e9 considerado uma irregularidade grave.<\/p>\n<p>A manilha por onde percorre a \u00e1gua foi danificada para a inser\u00e7\u00e3o da liga\u00e7\u00e3o clandestina, o que causou infiltra\u00e7\u00f5es no solo e encharcou o mesmo a ponto de causar o rebaixamento no passeio.<\/p>\n<p>Para identificar se a liga\u00e7\u00e3o clandestina tratava-se de esgoto, havia a necessidade de um teste realizado pela equipe do Iplam na resid\u00eancia do propriet\u00e1rio do im\u00f3vel, que n\u00e3o permitiu a iniciativa.<\/p>\n<p>O morador foi notificado pelas fiscais do Iplam e recebeu um prazo de 15 dias para regularizar a situa\u00e7\u00e3o e, o n\u00e3o cumprimento dentro do per\u00edodo, poder\u00e1 resultar em multa. Outra resid\u00eancia vizinha tamb\u00e9m passou pela inspe\u00e7\u00e3o, mas n\u00e3o foram identificadas irregularidades.<\/p>\n<p>\u201cTomamos conhecimento do caso, ap\u00f3s ampla divulga\u00e7\u00e3o nos ve\u00edculos de imprensa, que foram acionados pelo morador, relacionando a causa do afundamento com a minera\u00e7\u00e3o de sal-gema, visto que a resid\u00eancia se encontra nas proximidades dos bairros afetados, mas n\u00e3o faz parte do Mapa de Linhas de A\u00e7\u00f5es Priorit\u00e1rias. Contudo, uma equipe especializada foi ao local e identificou a causa\u201d, explica o diretor-operacional da Defesa Civil de Macei\u00f3, Matheus Montenegro.<\/p>\n<p>O diretor refor\u00e7a ainda, que a Defesa Civil de Macei\u00f3 funciona 24 horas, todos os dias da semana, e \u00e9 importante que os moradores possam acionar o \u00f3rg\u00e3o para que a solu\u00e7\u00e3o seja dada a cada caso.<\/p>\n<p>\u201cA Defesa Civil, ao ser acionada pela popula\u00e7\u00e3o, vai at\u00e9 o local, verifica se h\u00e1 risco e realiza os encaminhamentos necess\u00e1rios, como neste caso, que acionamos a Seminfra e o Iplam, a fim de identificar a causa e trazer a solu\u00e7\u00e3o para que a situa\u00e7\u00e3o n\u00e3o viesse a piorar\u201d, exp\u00f4s o diretor.<\/p>\n<p><strong>O que s\u00e3o liga\u00e7\u00f5es clandestinas<\/strong><\/p>\n<p>Liga\u00e7\u00f5es clandestinas s\u00e3o conex\u00f5es feitas de forma irregular e sem autoriza\u00e7\u00e3o \u00e0s redes p\u00fablicas, como \u00e1gua, esgoto ou drenagem, geralmente fora dos padr\u00f5es t\u00e9cnicos e sem registro nos \u00f3rg\u00e3os respons\u00e1veis.<\/p>\n<div class=\"gallery-item\">\n<span class=\"gallery-item__legend\">T\u00e9cnicos identificam liga\u00e7\u00e3o clandestina durante inspe\u00e7\u00e3o. Fotos: Itawi Albuquerque\/ Secom Macei\u00f3<\/span><\/div>\n<div class=\"gabinate\">\n<a href=\"https:\/\/maceio.al.gov.br\/secretarias-e-orgaos\/iplam\">IPLAM<\/a><\/p>\n<h2>Instituto de Pesquisa, Planejamento e Licenciamento Urbano e Ambiental<\/h2>\n<p><span><\/p>\n<p>Rua Bar\u00e3o de Jaragu\u00e1, 398, Jaragu\u00e1<br \/>Funcionamento: 9h \u00e0s 17h<\/p>\n<p><\/span><\/div>\n<\/div>\n<p><script async defer crossorigin=\"anonymous\" src=\"https:\/\/connect.facebook.net\/pt_BR\/sdk.js#xfbml=1&#038;version=v12.0\" nonce=\"0pFl3y7T\"><\/script><br \/>\n<br \/><br \/>\n<br \/><a href=\"https:\/\/maceio.al.gov.br\/noticias\/iplam\/afundamento-de-solo-na-vila-saem-foi-causado-por-ligacao-clandestina\">Prefeitura de Macei\u00f3 <\/a><\/p>\n","protected":false},"excerpt":{"rendered":"<p>Uma opera\u00e7\u00e3o conjunta entre Defesa Civil de Macei\u00f3, Secretaria Municipal de Infraestrutura (Seminfra) e Instituto de Pesquisa, Planejamento e Licenciamento Urbano e Ambiental (Iplam) foi executada, na manh\u00e3 desta segunda-feira (27), para verificar a causa do afundamento de solo em uma resid\u00eancia na Vila Saem, no bairro do Pinheiro. Ap\u00f3s escavar a cal\u00e7ada do im\u00f3vel [&hellip;]<\/p>\n","protected":false},"author":1,"featured_media":28732,"comment_status":"closed","ping_status":"","sticky":false,"template":"","format":"standard","meta":{"footnotes":""},"categories":[9],"tags":[],"class_list":["post-28731","post","type-post","status-publish","format-standard","has-post-thumbnail","hentry","category-maceio"],"_links":{"self":[{"href":"https:\/\/diarioalagoas.com.br\/index.php?rest_route=\/wp\/v2\/posts\/28731","targetHints":{"allow":["GET"]}}],"collection":[{"href":"https:\/\/diarioalagoas.com.br\/index.php?rest_route=\/wp\/v2\/posts"}],"about":[{"href":"https:\/\/diarioalagoas.com.br\/index.php?rest_route=\/wp\/v2\/types\/post"}],"author":[{"embeddable":true,"href":"https:\/\/diarioalagoas.com.br\/index.php?rest_route=\/wp\/v2\/users\/1"}],"replies":[{"embeddable":true,"href":"https:\/\/diarioalagoas.com.br\/index.php?rest_route=%2Fwp%2Fv2%2Fcomments&post=28731"}],"version-history":[{"count":0,"href":"https:\/\/diarioalagoas.com.br\/index.php?rest_route=\/wp\/v2\/posts\/28731\/revisions"}],"wp:featuredmedia":[{"embeddable":true,"href":"https:\/\/diarioalagoas.com.br\/index.php?rest_route=\/wp\/v2\/media\/28732"}],"wp:attachment":[{"href":"https:\/\/diarioalagoas.com.br\/index.php?rest_route=%2Fwp%2Fv2%2Fmedia&parent=28731"}],"wp:term":[{"taxonomy":"category","embeddable":true,"href":"https:\/\/diarioalagoas.com.br\/index.php?rest_route=%2Fwp%2Fv2%2Fcategories&post=28731"},{"taxonomy":"post_tag","embeddable":true,"href":"https:\/\/diarioalagoas.com.br\/index.php?rest_route=%2Fwp%2Fv2%2Ftags&post=28731"}],"curies":[{"name":"wp","href":"https:\/\/api.w.org\/{rel}","templated":true}]}}