{"id":28733,"date":"2026-04-28T00:56:52","date_gmt":"2026-04-28T03:56:52","guid":{"rendered":"https:\/\/diarioalagoas.com.br\/?p=28733"},"modified":"2026-04-28T00:56:52","modified_gmt":"2026-04-28T03:56:52","slug":"embraer-registra-aumento-de-22-em-pedidos-no-primeiro-trimestre","status":"publish","type":"post","link":"https:\/\/diarioalagoas.com.br\/?p=28733","title":{"rendered":"Embraer registra aumento de 22% em pedidos no primeiro trimestre"},"content":{"rendered":"<p> <br \/>\n<\/p>\n<div>\n<p><strong>A Embraer divulgou nesta segunda-feira (27) sua carteira de pedidos consolidada no trimestre, indicando crescimento de 22% em rela\u00e7\u00e3o ao primeiro trimestre de 2025.<\/strong> O resultado positivo foi alavancado pelo aumento de pedidos na avia\u00e7\u00e3o comercial, com 50% de aumento e uma carteira de pedidos de 15 bilh\u00f5es de d\u00f3lares.\u00a0<img decoding=\"async\" src=\"https:\/\/agenciabrasil.ebc.com.br\/ebc.png?id=1687462&amp;o=node\" style=\"width:1px; height:1px; display:inline;\"\/><img decoding=\"async\" src=\"https:\/\/agenciabrasil.ebc.com.br\/ebc.gif?id=1687462&amp;o=node\" style=\"width:1px; height:1px; display:inline;\"\/><\/p>\n<p><strong>A carteira de pedidos da Embraer alcan\u00e7ou US$ 32,1 bilh\u00f5es no primeiro trimestre de 2026, sexto recorde hist\u00f3rico da companhia.<\/strong><\/p>\n<p>A empresa entregou 44 aeronaves no per\u00edodo, considerando todas as unidades de neg\u00f3cios. O resultado \u00e9 um aumento de 47% em rela\u00e7\u00e3o \u00e0s 30 entregas no primeiro trimestre de 2025 e totaliza 16% das entregas previstas para o ano de 2026. A estimativa para o ano \u00e9 entre 240 e 255 aeronaves entregues para Avia\u00e7\u00e3o Executiva e Avia\u00e7\u00e3o Comercial combinadas.\u00a0<\/p>\n<p><strong>O destaque foi para as vendas de Avia\u00e7\u00e3o Comercial para a Europa,<\/strong> com a aquisi\u00e7\u00e3o pela a\u00e9rea finlandesa Finnair de um pedido de at\u00e9 46 aeronaves E195\u2011E2, dos quais 18 para esse trimestre, incluindo encomendas firmes, op\u00e7\u00f5es e direitos de compra.<\/p>\n<p>A empresa divulgou, ainda, que as aeronaves da fam\u00edlia Phenom 300 foram reconhecidas como o jato leve mais vendido do mundo pelo 14\u00ba ano consecutivo.<\/p>\n<p>O segmento de Servi\u00e7os &amp; Suporte atingiu n\u00edvel recorde, com valores na casa de US$5,1 bilh\u00f5es e registro de crescimento de 11% em rela\u00e7\u00e3o ao ano anterior.<\/p>\n<p>      <!-- Relacionada --><\/p>\n<p>            <!-- Relacionada -->\n    <\/div>\n<p><br \/>\n<br \/><a href=\"https:\/\/agenciabrasil.ebc.com.br\/economia\/noticia\/2026-04\/embraer-registra-aumento-de-22-em-pedidos-no-primeiro-trimestre\">Ag\u00eancia Brasil<\/a><\/p>\n","protected":false},"excerpt":{"rendered":"<p>A Embraer divulgou nesta segunda-feira (27) sua carteira de pedidos consolidada no trimestre, indicando crescimento de 22% em rela\u00e7\u00e3o ao primeiro trimestre de 2025. O resultado positivo foi alavancado pelo aumento de pedidos na avia\u00e7\u00e3o comercial, com 50% de aumento e uma carteira de pedidos de 15 bilh\u00f5es de d\u00f3lares.\u00a0 A carteira de pedidos da [&hellip;]<\/p>\n","protected":false},"author":1,"featured_media":28734,"comment_status":"closed","ping_status":"","sticky":false,"template":"","format":"standard","meta":{"footnotes":""},"categories":[12],"tags":[],"class_list":["post-28733","post","type-post","status-publish","format-standard","has-post-thumbnail","hentry","category-economia"],"_links":{"self":[{"href":"https:\/\/diarioalagoas.com.br\/index.php?rest_route=\/wp\/v2\/posts\/28733","targetHints":{"allow":["GET"]}}],"collection":[{"href":"https:\/\/diarioalagoas.com.br\/index.php?rest_route=\/wp\/v2\/posts"}],"about":[{"href":"https:\/\/diarioalagoas.com.br\/index.php?rest_route=\/wp\/v2\/types\/post"}],"author":[{"embeddable":true,"href":"https:\/\/diarioalagoas.com.br\/index.php?rest_route=\/wp\/v2\/users\/1"}],"replies":[{"embeddable":true,"href":"https:\/\/diarioalagoas.com.br\/index.php?rest_route=%2Fwp%2Fv2%2Fcomments&post=28733"}],"version-history":[{"count":0,"href":"https:\/\/diarioalagoas.com.br\/index.php?rest_route=\/wp\/v2\/posts\/28733\/revisions"}],"wp:featuredmedia":[{"embeddable":true,"href":"https:\/\/diarioalagoas.com.br\/index.php?rest_route=\/wp\/v2\/media\/28734"}],"wp:attachment":[{"href":"https:\/\/diarioalagoas.com.br\/index.php?rest_route=%2Fwp%2Fv2%2Fmedia&parent=28733"}],"wp:term":[{"taxonomy":"category","embeddable":true,"href":"https:\/\/diarioalagoas.com.br\/index.php?rest_route=%2Fwp%2Fv2%2Fcategories&post=28733"},{"taxonomy":"post_tag","embeddable":true,"href":"https:\/\/diarioalagoas.com.br\/index.php?rest_route=%2Fwp%2Fv2%2Ftags&post=28733"}],"curies":[{"name":"wp","href":"https:\/\/api.w.org\/{rel}","templated":true}]}}