{"id":28735,"date":"2026-04-28T02:42:04","date_gmt":"2026-04-28T05:42:04","guid":{"rendered":"https:\/\/diarioalagoas.com.br\/?p=28735"},"modified":"2026-04-28T02:42:04","modified_gmt":"2026-04-28T05:42:04","slug":"show-da-shakira-crea-rj-vai-autuar-empresa-apos-morte-de-trabalhador","status":"publish","type":"post","link":"https:\/\/diarioalagoas.com.br\/?p=28735","title":{"rendered":"Show da Shakira: Crea-RJ vai autuar empresa ap\u00f3s morte de trabalhador"},"content":{"rendered":"<p> <br \/>\n<\/p>\n<div>\n<p>O Conselho Regional de Engenharia e Agronomia do Rio (Crea-RJ) informou nesta segunda-feira\u00a0(27)\u00a0que vai autuar e multar a empresa MG Coutinho Servi\u00e7os Cenogr\u00e1ficos, ap\u00f3s a morte de um trabalhador durante a montagem do palco para o show da cantora Shakira, na Praia de Copacabana. A apresenta\u00e7\u00e3o est\u00e1 marcada para o pr\u00f3ximo s\u00e1bado (2).<img decoding=\"async\" src=\"https:\/\/agenciabrasil.ebc.com.br\/ebc.png?id=1687451&amp;o=node\" style=\"width:1px; height:1px; display:inline;\"\/><img decoding=\"async\" src=\"https:\/\/agenciabrasil.ebc.com.br\/ebc.gif?id=1687451&amp;o=node\" style=\"width:1px; height:1px; display:inline;\"\/><\/p>\n<p>Os fiscais do CREA-RJ \u201cconstataram que a empresa n\u00e3o tem registro no conselho para exercer atividades de engenharia e muito menos respons\u00e1vel t\u00e9cnico\u201d, informou a nota.<\/p>\n<p><strong>O serralheiro Gabriel de Jesus Firmino, de 28 anos,\u00a0sofreu esmagamento das pernas em um sistema de eleva\u00e7\u00e3o enquanto trabalhava na montagem do palco, na tarde de domingo (26)<\/strong>. Antes da chegada do Corpo de Bombeiros, ele j\u00e1 havia sido retirado do equipamento por outros funcion\u00e1rios.<\/p>\n<p>O homem chegou a ser encaminhado ao Hospital Municipal Miguel Couto, no Leblon, mas n\u00e3o resistiu aos ferimentos.<\/p>\n<p>O Crea-RJ afirmou que seus fiscais\u00a0acompanham a montagem do palco desde o dia 7 de abril e estiveram no local novamente nesta segunda-feira, a fim de levantar informa\u00e7\u00f5es sobre o acidente que matou o oper\u00e1rio.<\/p>\n<p>O conselho tamb\u00e9m oficiou\u00a0a empresa B\u00f4nus Track, produtora do evento, solicitando\u00a0a rela\u00e7\u00e3o de empresas e profissionais que prestam servi\u00e7os t\u00e9cnicos de instala\u00e7\u00e3o e\/ou manuten\u00e7\u00e3o para o show da Shakira, al\u00e9m de documentos como contratos e notas fiscais. O prazo para resposta \u00e9 de quatro dias a partir desta segunda-feira.\u00a0<\/p>\n<p>A <strong>Ag\u00eancia Brasil<\/strong> tentou contato com a\u00a0empresa\u00a0MG Coutinho Servi\u00e7os Cenogr\u00e1ficos, mas n\u00e3o teve retorno at\u00e9 o fechamento dessa reportagem. Em nota sobre a morte do oper\u00e1rio recebida pela <strong>TV Brasil<\/strong>, a empresa B\u00f4nus Track lamentou o ocorrido e disse que est\u00e1 prestando apoio \u00e0 fam\u00edlia da v\u00edtima.<\/p>\n<h2>Investiga\u00e7\u00e3o<\/h2>\n<p><strong>Respons\u00e1vel pela investiga\u00e7\u00e3o do caso, o\u00a0delegado da Pol\u00edcia Civil \u00c2ngelo Lages, titular da Delegacia Policial de Copacabana, disse \u00e0 imprensa que\u00a0trabalha com as hip\u00f3teses de enquadrar a morte como homic\u00eddio culposo ou acidente.<\/strong><\/p>\n<p>&#8220;Vamos trabalhar com as duas possibilidades e concentrar os trabalhos no equipamento\u201d.<\/p>\n<p>O policial disse ainda que a apura\u00e7\u00e3o vai conferir se a morte envolveu neglig\u00eancia, imprud\u00eancia, uma inobserv\u00e2ncia de algum dever de cuidado.<\/p>\n<p>\u201cEm princ\u00edpio, o que a gente entendeu foi que ele [Gabriel] estava soldando uma pe\u00e7a e teria dado um comando para um outro operador baixar o elevador, e ele acabou prensado entre os dois equipamentos\u201d.<\/p>\n<p>A per\u00edcia t\u00e9cnica da Pol\u00edcia Civil voltou nesta segunda-feira\u00a0(27) ao local do acidente, e o delegado disse acreditar que o caso ser\u00e1 esclarecido em um m\u00eas. O laudo da pericia tamb\u00e9m deve ser conclu\u00eddo em 30 dias.\u00a0<\/p>\n<p>      <!-- Relacionada --><\/p>\n<p>            <!-- Relacionada -->\n    <\/div>\n<p><br \/>\n<br \/><a href=\"https:\/\/agenciabrasil.ebc.com.br\/geral\/noticia\/2026-04\/show-da-shakira-crea-rj-vai-autuar-empresa-apos-morte-de-trabalhador\">Ag\u00eancia Brasil<\/a><\/p>\n","protected":false},"excerpt":{"rendered":"<p>O Conselho Regional de Engenharia e Agronomia do Rio (Crea-RJ) informou nesta segunda-feira\u00a0(27)\u00a0que vai autuar e multar a empresa MG Coutinho Servi\u00e7os Cenogr\u00e1ficos, ap\u00f3s a morte de um trabalhador durante a montagem do palco para o show da cantora Shakira, na Praia de Copacabana. A apresenta\u00e7\u00e3o est\u00e1 marcada para o pr\u00f3ximo s\u00e1bado (2). Os fiscais [&hellip;]<\/p>\n","protected":false},"author":1,"featured_media":28736,"comment_status":"closed","ping_status":"","sticky":false,"template":"","format":"standard","meta":{"footnotes":""},"categories":[15],"tags":[],"class_list":["post-28735","post","type-post","status-publish","format-standard","has-post-thumbnail","hentry","category-geral"],"_links":{"self":[{"href":"https:\/\/diarioalagoas.com.br\/index.php?rest_route=\/wp\/v2\/posts\/28735","targetHints":{"allow":["GET"]}}],"collection":[{"href":"https:\/\/diarioalagoas.com.br\/index.php?rest_route=\/wp\/v2\/posts"}],"about":[{"href":"https:\/\/diarioalagoas.com.br\/index.php?rest_route=\/wp\/v2\/types\/post"}],"author":[{"embeddable":true,"href":"https:\/\/diarioalagoas.com.br\/index.php?rest_route=\/wp\/v2\/users\/1"}],"replies":[{"embeddable":true,"href":"https:\/\/diarioalagoas.com.br\/index.php?rest_route=%2Fwp%2Fv2%2Fcomments&post=28735"}],"version-history":[{"count":0,"href":"https:\/\/diarioalagoas.com.br\/index.php?rest_route=\/wp\/v2\/posts\/28735\/revisions"}],"wp:featuredmedia":[{"embeddable":true,"href":"https:\/\/diarioalagoas.com.br\/index.php?rest_route=\/wp\/v2\/media\/28736"}],"wp:attachment":[{"href":"https:\/\/diarioalagoas.com.br\/index.php?rest_route=%2Fwp%2Fv2%2Fmedia&parent=28735"}],"wp:term":[{"taxonomy":"category","embeddable":true,"href":"https:\/\/diarioalagoas.com.br\/index.php?rest_route=%2Fwp%2Fv2%2Fcategories&post=28735"},{"taxonomy":"post_tag","embeddable":true,"href":"https:\/\/diarioalagoas.com.br\/index.php?rest_route=%2Fwp%2Fv2%2Ftags&post=28735"}],"curies":[{"name":"wp","href":"https:\/\/api.w.org\/{rel}","templated":true}]}}