{"id":28769,"date":"2026-04-28T18:36:01","date_gmt":"2026-04-28T21:36:01","guid":{"rendered":"https:\/\/diarioalagoas.com.br\/?p=28769"},"modified":"2026-04-28T18:36:01","modified_gmt":"2026-04-28T21:36:01","slug":"morre-moncho-monsalve-ex-tecnico-da-selecao-brasileira-de-basquete","status":"publish","type":"post","link":"https:\/\/diarioalagoas.com.br\/?p=28769","title":{"rendered":"Morre Moncho Monsalve, ex-t\u00e9cnico da sele\u00e7\u00e3o brasileira de basquete"},"content":{"rendered":"<p> <br \/>\n<\/p>\n<div>\n<p>Ex-t\u00e9cnico da sele\u00e7\u00e3o brasileira e refer\u00eancia\u00a0do basquete espanhol, Moncho Monsalve morreu nesta ter\u00e7a-feira (28), aos 81 anos. Sob comando dele, a sele\u00e7\u00e3o masculina conquistou a Copa Am\u00e9rica de 2009, assegurando vaga no Mundial do ano seguinte. Na \u00e9poca, o time era repleto de talentos como Anderson Varej\u00e3o, Leandrinho Barbosa, Marcelinho Huertas, Marcelinho Machado e Tiago Splitter, que atualmente treina o Portland Trail Blazers, da NBA.\u00a0<img decoding=\"async\" src=\"https:\/\/agenciabrasil.ebc.com.br\/ebc.png?id=1687532&amp;o=node\" style=\"width:1px; height:1px; display:inline;\"\/><img decoding=\"async\" src=\"https:\/\/agenciabrasil.ebc.com.br\/ebc.gif?id=1687532&amp;o=node\" style=\"width:1px; height:1px; display:inline;\"\/><\/p>\n<blockquote class=\"twitter-tweet\">\n<p dir=\"ltr\" lang=\"pt\" xml:lang=\"pt\">O basquete brasileiro lamenta a partida de Moncho Monsalve, lenda do basquete espanhol e t\u00e9cnico da Sele\u00e7\u00e3o Brasileira masculina entre 2008 e 2010.<\/p>\n<p>No momento em que nos solidarizamos com familiares e amigos, destacamos a trajet\u00f3ria incr\u00edvel de Moncho, campe\u00e3o da Copa Am\u00e9rica\u2026 <a href=\"https:\/\/t.co\/qW8BRzLHep\">pic.twitter.com\/qW8BRzLHep<\/a><\/p>\n<p>\u2014 Basquete Brasil &#8211; CBB (@basquetebrasil) <a href=\"https:\/\/twitter.com\/basquetebrasil\/status\/2049082391768043899?ref_src=twsrc%5Etfw\">April 28, 2026<\/a><\/p><\/blockquote>\n<p>Em 2004, Monsalve entrou no Hall da Fama da Federa\u00e7\u00e3o Espanhola de Basquete. Antes de abra\u00e7ar a carreira de treinador, Monsalve se destacou nas quadras como jogador. O \u00e1pice da trajet\u00f3ria foi no Real Madrid: durante quatro temporadas \u2013 de 1963 a 1967 \u2013 faturou nove t\u00edtulos (tr\u00eas Copas da Europa, tr\u00eas Ligas e tr\u00eas Copas da Espanha. Em <a href=\"https:\/\/www.realmadrid.com\/es-ES\/noticias\/club\/comunicados\/comunicado-oficial-monsalve-28-04-2026\"><strong>comunicado oficial<\/strong><\/a>, o clube madrileno manifestou pesar pela morte do ex-atleta.<\/p>\n<p>&#8220;O Real Madrid CF, seu presidente e sua Diretoria lamentam profundamente o falecimento de Moncho Monsalve, uma das grandes lendas do Real Madrid e do basquete espanhol&#8221;, afirmou a nota.<\/p>\n<blockquote class=\"twitter-tweet\">\n<p dir=\"ltr\" lang=\"es\" xml:lang=\"es\">La FEB muestra sus condolencias por el fallecimiento de Moncho Monsalve.<\/p>\n<p>\ud83d\udc49 61 partidos con <a href=\"https:\/\/twitter.com\/hashtag\/LaFamilia?src=hash&amp;ref_src=twsrc%5Etfw\">#LaFamilia<\/a><br \/>\ud83d\udc49 Miembro del <a href=\"https:\/\/twitter.com\/hashtag\/HoFBaloncestoEspa%C3%B1a?src=hash&amp;ref_src=twsrc%5Etfw\">#HoFBaloncestoEspa\u00f1a<\/a> por su labor como entrenador<\/p>\n<p>\ud83d\udcdd M\u00e1s INFO \u2b07\ufe0f<a href=\"https:\/\/t.co\/fxIvngmLTl\">https:\/\/t.co\/fxIvngmLTl<\/a><a href=\"https:\/\/twitter.com\/hashtag\/SomosEquipo?src=hash&amp;ref_src=twsrc%5Etfw\">#SomosEquipo<\/a> <a href=\"https:\/\/t.co\/DIcQiz7csn\">pic.twitter.com\/DIcQiz7csn<\/a><\/p>\n<p>\u2014 Baloncesto Espa\u00f1a (@BaloncestoESP) <a href=\"https:\/\/twitter.com\/BaloncestoESP\/status\/2049072433747960256?ref_src=twsrc%5Etfw\">April 28, 2026<\/a><\/p><\/blockquote>\n<p>Monsalve tamb\u00e9m defendeu a sele\u00e7\u00e3o espanhola, vice-campe\u00e3 dos Jogos do Mediterr\u00e2neo de 1963. Em 1971, aos 26 anos, ele encerrou precocemente a trajet\u00f3ria de\u00a0atleta, ap\u00f3s uma severa les\u00e3o no joelho.<\/p>\n<p><span style=\"font-family: sans-serif, Arial, Verdana, &quot;Trebuchet MS&quot;;\">Ap\u00f3s a aposentadoria, o treinador esteve \u00e0 frente de clubes espanh\u00f3is (Barcelona, Zaragoza, M\u00farcia e M\u00e1laga). Al\u00e9m da sele\u00e7\u00e3o brasileira, tamb\u00e9m as sele\u00e7\u00f5es de\u00a0Marrocos e Rep\u00fablica Dominicana.\u00a0<\/span><\/p>\n<p>      <!-- Relacionada --><\/p>\n<p>            <!-- Relacionada -->\n    <\/div>\n<p><script async src=\"\/\/platform.twitter.com\/widgets.js\" charset=\"utf-8\"><\/script><br \/>\n<br \/><br \/>\n<br \/><a href=\"https:\/\/agenciabrasil.ebc.com.br\/esportes\/noticia\/2026-04\/morre-moncho-monsalve-ex-tecnico-da-selecao-brasileira-de-basquete\">Ag\u00eancia Brasil<\/a><\/p>\n","protected":false},"excerpt":{"rendered":"<p>Ex-t\u00e9cnico da sele\u00e7\u00e3o brasileira e refer\u00eancia\u00a0do basquete espanhol, Moncho Monsalve morreu nesta ter\u00e7a-feira (28), aos 81 anos. Sob comando dele, a sele\u00e7\u00e3o masculina conquistou a Copa Am\u00e9rica de 2009, assegurando vaga no Mundial do ano seguinte. Na \u00e9poca, o time era repleto de talentos como Anderson Varej\u00e3o, Leandrinho Barbosa, Marcelinho Huertas, Marcelinho Machado e Tiago [&hellip;]<\/p>\n","protected":false},"author":1,"featured_media":28770,"comment_status":"closed","ping_status":"","sticky":false,"template":"","format":"standard","meta":{"footnotes":""},"categories":[14],"tags":[],"class_list":["post-28769","post","type-post","status-publish","format-standard","has-post-thumbnail","hentry","category-esportes"],"_links":{"self":[{"href":"https:\/\/diarioalagoas.com.br\/index.php?rest_route=\/wp\/v2\/posts\/28769","targetHints":{"allow":["GET"]}}],"collection":[{"href":"https:\/\/diarioalagoas.com.br\/index.php?rest_route=\/wp\/v2\/posts"}],"about":[{"href":"https:\/\/diarioalagoas.com.br\/index.php?rest_route=\/wp\/v2\/types\/post"}],"author":[{"embeddable":true,"href":"https:\/\/diarioalagoas.com.br\/index.php?rest_route=\/wp\/v2\/users\/1"}],"replies":[{"embeddable":true,"href":"https:\/\/diarioalagoas.com.br\/index.php?rest_route=%2Fwp%2Fv2%2Fcomments&post=28769"}],"version-history":[{"count":0,"href":"https:\/\/diarioalagoas.com.br\/index.php?rest_route=\/wp\/v2\/posts\/28769\/revisions"}],"wp:featuredmedia":[{"embeddable":true,"href":"https:\/\/diarioalagoas.com.br\/index.php?rest_route=\/wp\/v2\/media\/28770"}],"wp:attachment":[{"href":"https:\/\/diarioalagoas.com.br\/index.php?rest_route=%2Fwp%2Fv2%2Fmedia&parent=28769"}],"wp:term":[{"taxonomy":"category","embeddable":true,"href":"https:\/\/diarioalagoas.com.br\/index.php?rest_route=%2Fwp%2Fv2%2Fcategories&post=28769"},{"taxonomy":"post_tag","embeddable":true,"href":"https:\/\/diarioalagoas.com.br\/index.php?rest_route=%2Fwp%2Fv2%2Ftags&post=28769"}],"curies":[{"name":"wp","href":"https:\/\/api.w.org\/{rel}","templated":true}]}}