{"id":28775,"date":"2026-04-28T19:26:31","date_gmt":"2026-04-28T22:26:31","guid":{"rendered":"https:\/\/diarioalagoas.com.br\/?p=28775"},"modified":"2026-04-28T19:26:31","modified_gmt":"2026-04-28T22:26:31","slug":"prefeitura-de-maceio-parceria-visa-qualificar-trabalhadores-de","status":"publish","type":"post","link":"https:\/\/diarioalagoas.com.br\/?p=28775","title":{"rendered":"Prefeitura de Macei\u00f3 | Parceria visa qualificar trabalhadores de\u2026"},"content":{"rendered":"<p> <br \/>\n<\/p>\n<div id=\"\">\n<p>A Secretaria Municipal do Trabalho, Emprego e Economia Solid\u00e1ria (Semtes) se reuniu com a diretora-executiva da Associa\u00e7\u00e3o Brasileira de Bares e Restaurantes (Abrasel), Vega Vergetti, com o objetivo de fortalecer a qualifica\u00e7\u00e3o profissional e ampliar a empregabilidade em Macei\u00f3.<\/p>\n<p>A iniciativa ocorre em um cen\u00e1rio de crescimento do turismo na capital alagoana, que tem ampliado a demanda por m\u00e3o de obra qualificada nos setores de bares, restaurantes e hotelaria.<\/p>\n<p>A proposta prev\u00ea a oferta de capacita\u00e7\u00f5es alinhadas \u00e0s necessidades reais do mercado, preparando trabalhadores para atuar com mais efici\u00eancia e qualidade no atendimento ao p\u00fablico. A a\u00e7\u00e3o visa facilitar o acesso ao emprego, promover a gera\u00e7\u00e3o de renda e contribuir para o desenvolvimento econ\u00f4mico local.<\/p>\n<p>\u201cEssa iniciativa \u00e9 fundamental para capacitar e tamb\u00e9m captar profissionais para os bares e restaurantes da capital. Sabemos da dificuldade de m\u00e3o de obra qualificada, e a Semtes atua justamente nesse ponto. A expectativa \u00e9 ampliar as oportunidades de emprego e atender \u00e0s demandas do setor\u201d, destacou o secret\u00e1rio da Semtes, Jarbinhas Barros.<\/p>\n<p>A parceria fortalece a integra\u00e7\u00e3o entre o poder p\u00fablico e o setor produtivo, ampliando oportunidades para a popula\u00e7\u00e3o, incentivando o empreendedorismo e contribuindo para a melhoria dos servi\u00e7os oferecidos em Macei\u00f3.<\/p>\n<div class=\"gabinate\">\n<a href=\"https:\/\/maceio.al.gov.br\/secretarias-e-orgaos\/semtes\">SEMTES<\/a><\/p>\n<h2>Secretaria Municipal de Trabalho, Emprego e Economia Solid\u00e1ria<\/h2>\n<p><span><\/p>\n<p><strong>Secretaria Municipal do Trabalho, Emprego e Economia Solid\u00e1ria<\/strong><br \/>Rua do Livramento, 468 &#8211; Centro (Shopping Popular). CEP: 57020-030<\/p>\n<p><\/span><\/div>\n<\/div>\n<p><script async defer crossorigin=\"anonymous\" src=\"https:\/\/connect.facebook.net\/pt_BR\/sdk.js#xfbml=1&#038;version=v12.0\" nonce=\"0pFl3y7T\"><\/script><br \/>\n<br \/><br \/>\n<br \/><a href=\"https:\/\/maceio.al.gov.br\/noticias\/semtes\/parceria-visa-qualificar-trabalhadores-de-bares-e-restaurantes-de-maceio\">Prefeitura de Macei\u00f3 <\/a><\/p>\n","protected":false},"excerpt":{"rendered":"<p>A Secretaria Municipal do Trabalho, Emprego e Economia Solid\u00e1ria (Semtes) se reuniu com a diretora-executiva da Associa\u00e7\u00e3o Brasileira de Bares e Restaurantes (Abrasel), Vega Vergetti, com o objetivo de fortalecer a qualifica\u00e7\u00e3o profissional e ampliar a empregabilidade em Macei\u00f3. A iniciativa ocorre em um cen\u00e1rio de crescimento do turismo na capital alagoana, que tem ampliado [&hellip;]<\/p>\n","protected":false},"author":1,"featured_media":28776,"comment_status":"closed","ping_status":"","sticky":false,"template":"","format":"standard","meta":{"footnotes":""},"categories":[9],"tags":[],"class_list":["post-28775","post","type-post","status-publish","format-standard","has-post-thumbnail","hentry","category-maceio"],"_links":{"self":[{"href":"https:\/\/diarioalagoas.com.br\/index.php?rest_route=\/wp\/v2\/posts\/28775","targetHints":{"allow":["GET"]}}],"collection":[{"href":"https:\/\/diarioalagoas.com.br\/index.php?rest_route=\/wp\/v2\/posts"}],"about":[{"href":"https:\/\/diarioalagoas.com.br\/index.php?rest_route=\/wp\/v2\/types\/post"}],"author":[{"embeddable":true,"href":"https:\/\/diarioalagoas.com.br\/index.php?rest_route=\/wp\/v2\/users\/1"}],"replies":[{"embeddable":true,"href":"https:\/\/diarioalagoas.com.br\/index.php?rest_route=%2Fwp%2Fv2%2Fcomments&post=28775"}],"version-history":[{"count":0,"href":"https:\/\/diarioalagoas.com.br\/index.php?rest_route=\/wp\/v2\/posts\/28775\/revisions"}],"wp:featuredmedia":[{"embeddable":true,"href":"https:\/\/diarioalagoas.com.br\/index.php?rest_route=\/wp\/v2\/media\/28776"}],"wp:attachment":[{"href":"https:\/\/diarioalagoas.com.br\/index.php?rest_route=%2Fwp%2Fv2%2Fmedia&parent=28775"}],"wp:term":[{"taxonomy":"category","embeddable":true,"href":"https:\/\/diarioalagoas.com.br\/index.php?rest_route=%2Fwp%2Fv2%2Fcategories&post=28775"},{"taxonomy":"post_tag","embeddable":true,"href":"https:\/\/diarioalagoas.com.br\/index.php?rest_route=%2Fwp%2Fv2%2Ftags&post=28775"}],"curies":[{"name":"wp","href":"https:\/\/api.w.org\/{rel}","templated":true}]}}