{"id":28783,"date":"2026-04-28T22:53:19","date_gmt":"2026-04-29T01:53:19","guid":{"rendered":"https:\/\/diarioalagoas.com.br\/?p=28783"},"modified":"2026-04-28T22:53:19","modified_gmt":"2026-04-29T01:53:19","slug":"pf-prende-suspeito-de-distribuir-imagens-de-abuso-sexual-infantil","status":"publish","type":"post","link":"https:\/\/diarioalagoas.com.br\/?p=28783","title":{"rendered":"PF prende suspeito de distribuir imagens de abuso sexual infantil"},"content":{"rendered":"<p> <br \/>\n<\/p>\n<div>\n<p>Agentes da Pol\u00edcia Federal prenderam nesta ter\u00e7a-feira (28), em Concei\u00e7\u00e3o da Barra, no Esp\u00edrito Santo, um homem suspeito\u00a0de aliciar crian\u00e7as para adquirir, armazenar e compartilhar imagens de abuso sexual infantojuvenil.<img decoding=\"async\" src=\"https:\/\/agenciabrasil.ebc.com.br\/ebc.png?id=1687569&amp;o=node\" style=\"width:1px; height:1px; display:inline;\"\/><img decoding=\"async\" src=\"https:\/\/agenciabrasil.ebc.com.br\/ebc.gif?id=1687569&amp;o=node\" style=\"width:1px; height:1px; display:inline;\"\/><\/p>\n<p>O suspeito foi detido pela Opera\u00e7\u00e3o Anjo Mal, em que agentes\u00a0da Delegacia de Pol\u00edcia Federal em S\u00e3o Matheus cumpriram um mandado de pris\u00e3o preventiva e um de busca e apreens\u00e3o em endere\u00e7o ligado ao investigado.<\/p>\n<p><strong>Segundo a PF, este mesmo homem j\u00e1 era investigado pela Pol\u00edcia Civil do Estado do Rio de Janeiro pela pr\u00e1tica de estupro de vulner\u00e1vel.<\/strong><\/p>\n<p>Nas buscas, foram apreendidos dois celulares e um pendrive, que ser\u00e3o submetidos \u00e0 per\u00edcia t\u00e9cnica criminal. No endere\u00e7o, ainda havia roupas infantis, que, de acordo com\u00a0a PF,\u00a0ajudam a corroborar as suspeitas de abuso.<\/p>\n<p>O preso foi encaminhado \u00e0 Delegacia da PF em S\u00e3o Matheus, onde foi autuado em flagrante e, em seguida, encaminhado ao sistema prisional capixaba.<\/p>\n<p>      <!-- Relacionada --><\/p>\n<p>            <!-- Relacionada -->\n    <\/div>\n<p><br \/>\n<br \/><a href=\"https:\/\/agenciabrasil.ebc.com.br\/geral\/noticia\/2026-04\/pf-prende-suspeito-de-distribuir-imagens-de-abuso-sexual-infantil\">Ag\u00eancia Brasil <\/a><\/p>\n","protected":false},"excerpt":{"rendered":"<p>Agentes da Pol\u00edcia Federal prenderam nesta ter\u00e7a-feira (28), em Concei\u00e7\u00e3o da Barra, no Esp\u00edrito Santo, um homem suspeito\u00a0de aliciar crian\u00e7as para adquirir, armazenar e compartilhar imagens de abuso sexual infantojuvenil. O suspeito foi detido pela Opera\u00e7\u00e3o Anjo Mal, em que agentes\u00a0da Delegacia de Pol\u00edcia Federal em S\u00e3o Matheus cumpriram um mandado de pris\u00e3o preventiva e [&hellip;]<\/p>\n","protected":false},"author":1,"featured_media":28784,"comment_status":"closed","ping_status":"","sticky":false,"template":"","format":"standard","meta":{"footnotes":""},"categories":[16],"tags":[],"class_list":["post-28783","post","type-post","status-publish","format-standard","has-post-thumbnail","hentry","category-internacional"],"_links":{"self":[{"href":"https:\/\/diarioalagoas.com.br\/index.php?rest_route=\/wp\/v2\/posts\/28783","targetHints":{"allow":["GET"]}}],"collection":[{"href":"https:\/\/diarioalagoas.com.br\/index.php?rest_route=\/wp\/v2\/posts"}],"about":[{"href":"https:\/\/diarioalagoas.com.br\/index.php?rest_route=\/wp\/v2\/types\/post"}],"author":[{"embeddable":true,"href":"https:\/\/diarioalagoas.com.br\/index.php?rest_route=\/wp\/v2\/users\/1"}],"replies":[{"embeddable":true,"href":"https:\/\/diarioalagoas.com.br\/index.php?rest_route=%2Fwp%2Fv2%2Fcomments&post=28783"}],"version-history":[{"count":0,"href":"https:\/\/diarioalagoas.com.br\/index.php?rest_route=\/wp\/v2\/posts\/28783\/revisions"}],"wp:featuredmedia":[{"embeddable":true,"href":"https:\/\/diarioalagoas.com.br\/index.php?rest_route=\/wp\/v2\/media\/28784"}],"wp:attachment":[{"href":"https:\/\/diarioalagoas.com.br\/index.php?rest_route=%2Fwp%2Fv2%2Fmedia&parent=28783"}],"wp:term":[{"taxonomy":"category","embeddable":true,"href":"https:\/\/diarioalagoas.com.br\/index.php?rest_route=%2Fwp%2Fv2%2Fcategories&post=28783"},{"taxonomy":"post_tag","embeddable":true,"href":"https:\/\/diarioalagoas.com.br\/index.php?rest_route=%2Fwp%2Fv2%2Ftags&post=28783"}],"curies":[{"name":"wp","href":"https:\/\/api.w.org\/{rel}","templated":true}]}}