{"id":28785,"date":"2026-04-28T23:23:55","date_gmt":"2026-04-29T02:23:55","guid":{"rendered":"https:\/\/diarioalagoas.com.br\/?p=28785"},"modified":"2026-04-28T23:23:55","modified_gmt":"2026-04-29T02:23:55","slug":"conselho-de-etica-adia-analise-contra-deputados-por-quebra-de-decoro-agencia-brasil","status":"publish","type":"post","link":"https:\/\/diarioalagoas.com.br\/?p=28785","title":{"rendered":"Conselho de \u00c9tica adia an\u00e1lise contra deputados por quebra de decoro| Ag\u00eancia Brasil"},"content":{"rendered":"<p> <br \/>\n<\/p>\n<div>\n<p>Um pedido de vista adiou a an\u00e1lise da\u00a0representa\u00e7\u00e3o\u00a0contra os deputados Marcos Pollon (PL-MS), Z\u00e9 Trov\u00e3o (PL-SC)\u00a0e Marcel Van Hattem (Novo-RS)\u00a0 no Conselho de \u00c9tica da C\u00e2mara dos Deputados por quebra de decoro. Os deputados s\u00e3o investigados pelo colegiado no epis\u00f3dio da invas\u00e3o da mesa diretora da C\u00e2mara em agosto do no ano passado.\u00a0<img decoding=\"async\" src=\"https:\/\/agenciabrasil.ebc.com.br\/ebc.png?id=1687592&amp;o=node\" style=\"width:1px; height:1px; display:inline;\"\/><img decoding=\"async\" src=\"https:\/\/agenciabrasil.ebc.com.br\/ebc.gif?id=1687592&amp;o=node\" style=\"width:1px; height:1px; display:inline;\"\/><\/p>\n<p>Na ocasi\u00e3o, os deputados impediram o presidente da Casa, Hugo Motta de ocupar sua cadeira no plen\u00e1rio.<\/p>\n<p><strong>O relator do processo, deputado Moses Rodrigues (Uni\u00e3o Brasil-CE) votou por suspender por dois meses o mandato tr\u00eas parlamentares que participaram do ato em protesto contra a pris\u00e3o do ex-presidente Jair Bolsonaro e pela vota\u00e7\u00e3o da anistia a atos golpistas do 8 de Janeiro.<\/strong><\/p>\n<blockquote>\n<p>&#8220;Esta Casa deve impor reprimenda severa, para que fique claro que este Parlamento n\u00e3o tolera o cometimento de infra\u00e7\u00f5es dessa natureza&#8221;, defendeu o deputado Moses Rodrigues.<\/p>\n<\/blockquote>\n<p><strong>&#8220;N\u00e3o se pode admitir que um grupo de parlamentares, qualquer que seja sua ideologia pol\u00edtica, tente impor a pauta de seu interesse mediante chantagem pela ocupa\u00e7\u00e3o f\u00edsica dos espa\u00e7os de delibera\u00e7\u00e3o&#8221;, acrescentou.<\/strong><\/p>\n<p>Pollon responde ainda a outro processo relacionado ao mesmo epis\u00f3dio. O relat\u00f3rio da representa\u00e7\u00e3o, deputado Ricardo Maia (MDB-BA) apresentou documento em que recomenda a suspens\u00e3o do mandato de Marcos Pollon por 90 dias.\u00a0<\/p>\n<p><strong>Em outra representa\u00e7\u00e3o da Mesa Diretora, Marcos Pollon \u00e9 acusado de proferir ofensas de car\u00e1ter pessoal contra Hugo Motta, tamb\u00e9m durante a ocupa\u00e7\u00e3o do Plen\u00e1rio.<\/strong><\/p>\n<p>O pedido de vista foi feito pelo l\u00edder da oposi\u00e7\u00e3o, deputado Cabo Gilberto Silva (PL-PB). Com isso, o <strong>colegiado dever\u00e1 deliberar sobre as puni\u00e7\u00f5es na pr\u00f3xima semana.<\/strong><\/p>\n<p>\u00a0<\/p>\n<p>      <!-- Relacionada --><\/p>\n<p>            <!-- Relacionada -->\n    <\/div>\n<p><br \/>\n<br \/><a href=\"https:\/\/agenciabrasil.ebc.com.br\/politica\/noticia\/2026-04\/conselho-de-etica-adia-analise-contra-deputados-por-quebra-de-decoro\">Ag\u00eancia Brasil <\/a><\/p>\n","protected":false},"excerpt":{"rendered":"<p>Um pedido de vista adiou a an\u00e1lise da\u00a0representa\u00e7\u00e3o\u00a0contra os deputados Marcos Pollon (PL-MS), Z\u00e9 Trov\u00e3o (PL-SC)\u00a0e Marcel Van Hattem (Novo-RS)\u00a0 no Conselho de \u00c9tica da C\u00e2mara dos Deputados por quebra de decoro. Os deputados s\u00e3o investigados pelo colegiado no epis\u00f3dio da invas\u00e3o da mesa diretora da C\u00e2mara em agosto do no ano passado.\u00a0 Na ocasi\u00e3o, [&hellip;]<\/p>\n","protected":false},"author":1,"featured_media":28786,"comment_status":"closed","ping_status":"","sticky":false,"template":"","format":"standard","meta":{"footnotes":""},"categories":[10],"tags":[],"class_list":["post-28785","post","type-post","status-publish","format-standard","has-post-thumbnail","hentry","category-politica"],"_links":{"self":[{"href":"https:\/\/diarioalagoas.com.br\/index.php?rest_route=\/wp\/v2\/posts\/28785","targetHints":{"allow":["GET"]}}],"collection":[{"href":"https:\/\/diarioalagoas.com.br\/index.php?rest_route=\/wp\/v2\/posts"}],"about":[{"href":"https:\/\/diarioalagoas.com.br\/index.php?rest_route=\/wp\/v2\/types\/post"}],"author":[{"embeddable":true,"href":"https:\/\/diarioalagoas.com.br\/index.php?rest_route=\/wp\/v2\/users\/1"}],"replies":[{"embeddable":true,"href":"https:\/\/diarioalagoas.com.br\/index.php?rest_route=%2Fwp%2Fv2%2Fcomments&post=28785"}],"version-history":[{"count":0,"href":"https:\/\/diarioalagoas.com.br\/index.php?rest_route=\/wp\/v2\/posts\/28785\/revisions"}],"wp:featuredmedia":[{"embeddable":true,"href":"https:\/\/diarioalagoas.com.br\/index.php?rest_route=\/wp\/v2\/media\/28786"}],"wp:attachment":[{"href":"https:\/\/diarioalagoas.com.br\/index.php?rest_route=%2Fwp%2Fv2%2Fmedia&parent=28785"}],"wp:term":[{"taxonomy":"category","embeddable":true,"href":"https:\/\/diarioalagoas.com.br\/index.php?rest_route=%2Fwp%2Fv2%2Fcategories&post=28785"},{"taxonomy":"post_tag","embeddable":true,"href":"https:\/\/diarioalagoas.com.br\/index.php?rest_route=%2Fwp%2Fv2%2Ftags&post=28785"}],"curies":[{"name":"wp","href":"https:\/\/api.w.org\/{rel}","templated":true}]}}