{"id":28787,"date":"2026-04-28T23:27:05","date_gmt":"2026-04-29T02:27:05","guid":{"rendered":"https:\/\/diarioalagoas.com.br\/?p=28787"},"modified":"2026-04-28T23:27:05","modified_gmt":"2026-04-29T02:27:05","slug":"prefeitura-de-maceio-novos-agentes-de-transito-recebem-formacao","status":"publish","type":"post","link":"https:\/\/diarioalagoas.com.br\/?p=28787","title":{"rendered":"Prefeitura de Macei\u00f3 | Novos agentes de tr\u00e2nsito recebem forma\u00e7\u00e3o\u2026"},"content":{"rendered":"<p> <br \/>\n<\/p>\n<div id=\"\">\n<p>O Departamento Municipal de Transportes e Tr\u00e2nsito (DMTT) realizou, nesta ter\u00e7a-feira (28), a solenidade de abertura do Curso de Forma\u00e7\u00e3o de Agente de Tr\u00e2nsito 2026. O evento ocorreu no audit\u00f3rio da Superintend\u00eancia Regional da Pol\u00edcia Federal em Alagoas, no bairro Jaragu\u00e1.<\/p>\n<p>A iniciativa marca o in\u00edcio de mais uma etapa de qualifica\u00e7\u00e3o, voltada ao fortalecimento da mobilidade urbana e da seguran\u00e7a vi\u00e1ria na capital alagoana.<\/p>\n<p>Nesta edi\u00e7\u00e3o, a forma\u00e7\u00e3o conta com a participa\u00e7\u00e3o de 15 novos agentes, al\u00e9m da atualiza\u00e7\u00e3o de dois profissionais que estavam em licen\u00e7a e retornam \u00e0s atividades operacionais, refor\u00e7ando a pol\u00edtica de qualifica\u00e7\u00e3o cont\u00ednua das equipes.<\/p>\n<p>Do total, 10 participantes s\u00e3o agentes de tr\u00e2nsito do munic\u00edpio de Rio Largo, iniciativa que fortalece a integra\u00e7\u00e3o regional e contribui para a padroniza\u00e7\u00e3o das a\u00e7\u00f5es de tr\u00e2nsito entre cidades vizinhas.<\/p>\n<p>O agente de tr\u00e2nsito em forma\u00e7\u00e3o, Acassio Bento, destacou a import\u00e2ncia do curso para a prepara\u00e7\u00e3o dos novos profissionais. Segundo ele, a capacita\u00e7\u00e3o \u00e9 fundamental para a atua\u00e7\u00e3o em campo, contribuindo para um servi\u00e7o mais qualificado \u00e0 popula\u00e7\u00e3o e promovendo uma troca enriquecedora de conhecimentos. \u201cA expectativa \u00e9 que a gente v\u00e1 para as ruas realmente preparado para servir a popula\u00e7\u00e3o da melhor forma poss\u00edvel\u201d, afirmou.<\/p>\n<p>Com carga hor\u00e1ria total de 212 horas, o curso integra conte\u00fados te\u00f3ricos e pr\u00e1ticos voltados \u00e0 forma\u00e7\u00e3o t\u00e9cnica, \u00e0 abordagem cidad\u00e3 e \u00e0 atua\u00e7\u00e3o estrat\u00e9gica no ordenamento do tr\u00e2nsito.<\/p>\n<p>A iniciativa refor\u00e7a o compromisso da gest\u00e3o municipal com a qualifica\u00e7\u00e3o de profissionais preparados para atuar com efici\u00eancia, responsabilidade e foco na preserva\u00e7\u00e3o da vida.<\/p>\n<p>Embora a legisla\u00e7\u00e3o estabele\u00e7a uma carga m\u00ednima de 200 horas, o DMTT ampliou a forma\u00e7\u00e3o com a inclus\u00e3o de dois m\u00f3dulos complementares, voltados a no\u00e7\u00f5es b\u00e1sicas de transporte urbano e aos sistemas informatizados do munic\u00edpio de Macei\u00f3.<\/p>\n<p>Outro destaque \u00e9 que todo o corpo de instrutores \u00e9 composto por servidores do pr\u00f3prio DMTT, com experi\u00eancia pr\u00e1tica e conhecimento consolidado nas diversas \u00e1reas da mobilidade e da seguran\u00e7a vi\u00e1ria.<\/p>\n<p>A iniciativa \u00e9 organizada pelo Programa Continuado de Atualiza\u00e7\u00e3o e Capacita\u00e7\u00e3o (CPCAC), o que valoriza a qualifica\u00e7\u00e3o interna, fortalece o capital humano e assegura uma forma\u00e7\u00e3o alinhada \u00e0 realidade do tr\u00e2nsito em Macei\u00f3.<\/p>\n<p>Durante a aula inaugural do curso de forma\u00e7\u00e3o de agentes de tr\u00e2nsito, o diretor-presidente do DMTT, Andr\u00e9 Costa, destacou a parceria in\u00e9dita na capacita\u00e7\u00e3o. \u201cAl\u00e9m de ser a primeira turma ministrada pelo pr\u00f3prio DMTT, o curso tamb\u00e9m conta com agentes da SMTT de Rio Largo, o que permite formar profissionais com o mesmo padr\u00e3o de conhecimento e atua\u00e7\u00e3o. Nosso foco \u00e9 sempre a qualifica\u00e7\u00e3o, com instrutores experientes, para garantir um servi\u00e7o cada vez melhor \u00e0 popula\u00e7\u00e3o\u201d, afirmou.<\/p>\n<p>Ele tamb\u00e9m enfatizou a qualidade do corpo docente, formado por profissionais experientes e especializados.<\/p>\n<p>A grade curricular \u00e9 estruturada de forma multidisciplinar, reunindo conte\u00fados essenciais \u00e0 atua\u00e7\u00e3o dos agentes, como legisla\u00e7\u00e3o de tr\u00e2nsito, engenharia de tr\u00e1fego e sinaliza\u00e7\u00e3o, \u00e9tica e cidadania, psicologia aplicada e o papel educativo do agente.<\/p>\n<p>A forma\u00e7\u00e3o tamb\u00e9m contempla comunica\u00e7\u00e3o em l\u00edngua portuguesa, t\u00e9cnicas de opera\u00e7\u00e3o e fiscaliza\u00e7\u00e3o, pr\u00e1tica supervisionada, no\u00e7\u00f5es de transporte urbano e uso de sistemas informatizados, garantindo uma prepara\u00e7\u00e3o completa e alinhada \u00e0s demandas da mobilidade urbana.<\/p>\n<p>A solenidade foi conduzida pelo diretor-presidente do DMTT, Andr\u00e9 Santos de Alc\u00e2ntara Costa, e reuniu vereadores e representantes de diversas institui\u00e7\u00f5es, como o Sindicato dos Agentes de Tr\u00e2nsito no Estado de Alagoas, a Pol\u00edcia Rodovi\u00e1ria Federal em Alagoas e a SMTT de Rio Largo.<\/p>\n<div class=\"gallery-item\">\n<span class=\"gallery-item__legend\">Fotos: Jader Ulisses\/ Ascom DMTT<\/span><\/div>\n<div class=\"gabinate\">\n<a href=\"https:\/\/maceio.al.gov.br\/secretarias-e-orgaos\/dmtt\">DMTT<\/a><\/p>\n<h2>Departamento Municipal de Transportes e Tr\u00e2nsito<\/h2>\n<p><span><\/p>\n<p>Avenida Durval de G\u00f3es Monteiro, 829 &#8211; Tabuleiro do Martins<br \/>CEP 57061-000 \/\/ Telefone: (82) 3312-5330.<br \/>Hor\u00e1rio de atendimento: segunda a sexta, de 8h \u00e0s 14h.<br \/>Disque DMTT: 118<br \/>Hor\u00e1rio de atendimento: segunda a sexta, de 7h \u00e0s 19h<\/p>\n<p>Para an\u00e1lise de implanta\u00e7\u00e3o ou modifica\u00e7\u00e3o de sinaliza\u00e7\u00e3o vi\u00e1ria, instala\u00e7\u00e3o ou reprograma\u00e7\u00e3o de sem\u00e1foros, demandas de engenharia de tr\u00e1fego, recursos de multa e abertura de protocolos em geral: <a href=\"http:\/\/maceio.al.gov.br\/cdn-cgi\/l\/email-protection#d7f2e5e7b6a3b2b9b3bebab2b9a3b897b3baa3a3f9bab6b4b2beb8f9b6bbf9b0b8a1f9b5a5\" target=\"_blank\" rel=\"noreferrer noopener\"><span class=\"__cf_email__\" data-cfemail=\"d9b8adbcb7bdb0b4bcb7adb699bdb4adadf7b4b8babcb0b6f7b8b5f7beb6aff7bbab\">[email\u00a0protected]<\/span><\/a><\/p>\n<p><\/span><\/div>\n<\/div>\n<p><script async defer crossorigin=\"anonymous\" src=\"https:\/\/connect.facebook.net\/pt_BR\/sdk.js#xfbml=1&#038;version=v12.0\" nonce=\"0pFl3y7T\"><\/script><br \/>\n<br \/><br \/>\n<br \/><a href=\"https:\/\/maceio.al.gov.br\/noticias\/dmtt\/novos-agentes-de-transito-recebem-formacao-sobre-mobilidade-urbana-e-reforco-da-seguranca-viaria\">Prefeitura de Macei\u00f3 <\/a><\/p>\n","protected":false},"excerpt":{"rendered":"<p>O Departamento Municipal de Transportes e Tr\u00e2nsito (DMTT) realizou, nesta ter\u00e7a-feira (28), a solenidade de abertura do Curso de Forma\u00e7\u00e3o de Agente de Tr\u00e2nsito 2026. O evento ocorreu no audit\u00f3rio da Superintend\u00eancia Regional da Pol\u00edcia Federal em Alagoas, no bairro Jaragu\u00e1. A iniciativa marca o in\u00edcio de mais uma etapa de qualifica\u00e7\u00e3o, voltada ao fortalecimento [&hellip;]<\/p>\n","protected":false},"author":1,"featured_media":28788,"comment_status":"closed","ping_status":"","sticky":false,"template":"","format":"standard","meta":{"footnotes":""},"categories":[9],"tags":[],"class_list":["post-28787","post","type-post","status-publish","format-standard","has-post-thumbnail","hentry","category-maceio"],"_links":{"self":[{"href":"https:\/\/diarioalagoas.com.br\/index.php?rest_route=\/wp\/v2\/posts\/28787","targetHints":{"allow":["GET"]}}],"collection":[{"href":"https:\/\/diarioalagoas.com.br\/index.php?rest_route=\/wp\/v2\/posts"}],"about":[{"href":"https:\/\/diarioalagoas.com.br\/index.php?rest_route=\/wp\/v2\/types\/post"}],"author":[{"embeddable":true,"href":"https:\/\/diarioalagoas.com.br\/index.php?rest_route=\/wp\/v2\/users\/1"}],"replies":[{"embeddable":true,"href":"https:\/\/diarioalagoas.com.br\/index.php?rest_route=%2Fwp%2Fv2%2Fcomments&post=28787"}],"version-history":[{"count":0,"href":"https:\/\/diarioalagoas.com.br\/index.php?rest_route=\/wp\/v2\/posts\/28787\/revisions"}],"wp:featuredmedia":[{"embeddable":true,"href":"https:\/\/diarioalagoas.com.br\/index.php?rest_route=\/wp\/v2\/media\/28788"}],"wp:attachment":[{"href":"https:\/\/diarioalagoas.com.br\/index.php?rest_route=%2Fwp%2Fv2%2Fmedia&parent=28787"}],"wp:term":[{"taxonomy":"category","embeddable":true,"href":"https:\/\/diarioalagoas.com.br\/index.php?rest_route=%2Fwp%2Fv2%2Fcategories&post=28787"},{"taxonomy":"post_tag","embeddable":true,"href":"https:\/\/diarioalagoas.com.br\/index.php?rest_route=%2Fwp%2Fv2%2Ftags&post=28787"}],"curies":[{"name":"wp","href":"https:\/\/api.w.org\/{rel}","templated":true}]}}