{"id":28795,"date":"2026-04-29T03:27:53","date_gmt":"2026-04-29T06:27:53","guid":{"rendered":"https:\/\/diarioalagoas.com.br\/?p=28795"},"modified":"2026-04-29T03:27:53","modified_gmt":"2026-04-29T06:27:53","slug":"prefeitura-de-maceio-hospital-da-cidade-mobiliza-equipes-em","status":"publish","type":"post","link":"https:\/\/diarioalagoas.com.br\/?p=28795","title":{"rendered":"Prefeitura de Macei\u00f3 | Hospital da Cidade mobiliza equipes em\u2026"},"content":{"rendered":"<p> <br \/>\n<\/p>\n<div id=\"\">\n<p>O Hospital da Cidade (HC) promoveu nesta ter\u00e7a-feira (28) uma mobiliza\u00e7\u00e3o interna para refor\u00e7ar a import\u00e2ncia da imuniza\u00e7\u00e3o entre seus colaboradores, destacando que a seguran\u00e7a do paciente passa tamb\u00e9m pela prote\u00e7\u00e3o dos profissionais que atuam diariamente na linha de frente da assist\u00eancia. Com o tema \u201cQuando cuido de mim, cuido de voc\u00ea\u201d, a campanha interna de vacina\u00e7\u00e3o contra a influenza integra as a\u00e7\u00f5es da Semana da Imuniza\u00e7\u00e3o e amplia a cobertura vacinal entre trabalhadores da unidade.<\/p>\n<p>A iniciativa foi voltada para todos os colaboradores, com a proposta de facilitar o acesso \u00e0 vacina dentro do ambiente de trabalho e conscientizar sobre a responsabilidade coletiva no enfrentamento de doen\u00e7as respirat\u00f3rias. A vacina\u00e7\u00e3o aconteceu na pr\u00f3pria unidade, permitindo que os profissionais se imunizassem sem precisar se deslocar para outros pontos de campanha.<\/p>\n<p>La\u00eds Brito, enfermeira do Setor de Epidemiologia Hospitalar e Imuniza\u00e7\u00e3o do HC, disse que a a\u00e7\u00e3o refor\u00e7a a import\u00e2ncia da preven\u00e7\u00e3o para toda a sociedade. \u201cA vacina contra a influenza salva vidas para a popula\u00e7\u00e3o em geral, ela reduz os riscos de interna\u00e7\u00f5es, as complica\u00e7\u00f5es e, especialmente, protege as popula\u00e7\u00f5es mais vulner\u00e1veis\u201d, frisou.<\/p>\n<div class=\"single-section-box single-section-img single-box-full\">\n<figure>\n<a href=\"https:\/\/cdnpm.dhost.cloud\/imagens\/17774071125259.JPG\" data-fancybox=\"images\"><br \/>\n<img decoding=\"async\" src=\"https:\/\/maceio.al.gov.br\/transform\/imagens\/_845x560_crop_center-center_none\/877666\/17774071125259.jpg\" alt=\"Equipe do Hospital da Cidade mobilizada durante a a\u00e7\u00e3o de imuniza\u00e7\u00e3o, que destaca a import\u00e2ncia de cuidar de quem est\u00e1 na linha de frente da assist\u00eancia. Foto: David Silas\/Ascom Macei\u00f3 Sa\u00fade\"\/><br \/>\n<\/a><figcaption><small class=\"img-credits\">Equipe do Hospital da Cidade mobilizada durante a a\u00e7\u00e3o de imuniza\u00e7\u00e3o, que destaca a import\u00e2ncia de cuidar de quem est\u00e1 na linha de frente da assist\u00eancia. Foto: David Silas\/Ascom Macei\u00f3 Sa\u00fade<\/small><\/figcaption><\/figure>\n<\/div>\n<p>A enfermeira lembra que, dentro do ambiente hospitalar, a imuniza\u00e7\u00e3o tem impacto ainda maior. \u201cPara n\u00f3s, profissionais do HC, ela \u00e9 ainda mais importante, porque evita complica\u00e7\u00f5es em pacientes que j\u00e1 est\u00e3o fragilizados. Cuidar de quem cuida tamb\u00e9m \u00e9 um ato de responsabilidade\u201d, afirmou.<\/p>\n<p>A a\u00e7\u00e3o do HC acompanha o movimento nacional e local de incentivo \u00e0 vacina\u00e7\u00e3o dos grupos priorit\u00e1rios. \u201cEstamos na semana da imuniza\u00e7\u00e3o e tamb\u00e9m o Estado e o Munic\u00edpio est\u00e3o em campanha durante todo este m\u00eas para o p\u00fablico de risco, como crian\u00e7as, idosos, imunocomprometidos e profissionais de sa\u00fade. Aqui no Hospital da Cidade, promovemos essa a\u00e7\u00e3o porque muitos colaboradores ainda n\u00e3o tinham conseguido se vacinar e eles lidam diariamente com pacientes, especialmente os mais fragilizados\u201d, explicou La\u00eds Brito.<\/p>\n<p>Inicialmente, o Programa Nacional de Imuniza\u00e7\u00f5es (PNI) disponibilizou 300 doses para a a\u00e7\u00e3o interna. A expectativa \u00e9 ampliar esse quantitativo conforme a demanda. \u201cHoje foi o Dia D, mas enquanto houver doses e colaboradores para vacinar, vamos continuar. Depois dessa etapa, a vacina\u00e7\u00e3o ser\u00e1 ampliada tamb\u00e9m para os profissionais terceirizados\u201d, complementou a enfermeira.<\/p>\n<p>Para a diretora-presidente do Macei\u00f3 Sa\u00fade, Camila Porciuncula, investir no cuidado com os trabalhadores reflete diretamente na qualidade da assist\u00eancia oferecida \u00e0 popula\u00e7\u00e3o. \u201cQuando fortalecemos a sa\u00fade e a prote\u00e7\u00e3o das equipes, fortalecemos tamb\u00e9m o atendimento prestado ao cidad\u00e3o. A imuniza\u00e7\u00e3o dos profissionais \u00e9 uma medida estrat\u00e9gica de seguran\u00e7a, efici\u00eancia e valoriza\u00e7\u00e3o de quem faz o hospital funcionar todos os dias\u201d, ressaltou.<\/p>\n<p>A diretora-geral do Hospital da Cidade, dra. C\u00e9lia Fernandes, destacou o compromisso permanente da unidade com a excel\u00eancia assistencial. \u201cNosso hospital trabalha diariamente para oferecer um cuidado seguro e humanizado. Garantir que nossos profissionais estejam protegidos \u00e9 parte essencial desse processo, porque equipes saud\u00e1veis significam mais seguran\u00e7a para pacientes e acompanhantes\u201d, completou.<\/p>\n<p>Administrado pelo Macei\u00f3 Sa\u00fade, organiza\u00e7\u00e3o social sem fins lucrativos voltada \u00e0 moderniza\u00e7\u00e3o e \u00e0 efici\u00eancia na gest\u00e3o das unidades municipais de sa\u00fade, o Hospital da Cidade vem consolidando processos voltados \u00e0 inova\u00e7\u00e3o, ao fortalecimento das equipes e \u00e0 seguran\u00e7a do paciente.<\/p>\n<div class=\"gabinate\">\n<a href=\"https:\/\/maceio.al.gov.br\/secretarias-e-orgaos\/sms\">SMS<\/a><\/p>\n<h2>Secretaria Municipal de Sa\u00fade<\/h2>\n<p><span><\/p>\n<p>Rua Dias Cabral, 569 &#8211; Centro<br \/>CEP 57020-250 \/\/ Telefone: 82 3312-5400<br \/>Hor\u00e1rio de atendimento: segunda a sexta, de 8h \u00e0s 14h.<\/p>\n<p><\/span><\/div>\n<\/div>\n<p><script async defer crossorigin=\"anonymous\" src=\"https:\/\/connect.facebook.net\/pt_BR\/sdk.js#xfbml=1&#038;version=v12.0\" nonce=\"0pFl3y7T\"><\/script><br \/>\n<br \/><br \/>\n<br \/><a href=\"https:\/\/maceio.al.gov.br\/noticias\/sms\/hospital-da-cidade-mobiliza-equipes-em-campanha-interna-de-vacinacao-e-reforca-cuidado-com-quem-cuida\">Prefeitura de Macei\u00f3 <\/a><\/p>\n","protected":false},"excerpt":{"rendered":"<p>O Hospital da Cidade (HC) promoveu nesta ter\u00e7a-feira (28) uma mobiliza\u00e7\u00e3o interna para refor\u00e7ar a import\u00e2ncia da imuniza\u00e7\u00e3o entre seus colaboradores, destacando que a seguran\u00e7a do paciente passa tamb\u00e9m pela prote\u00e7\u00e3o dos profissionais que atuam diariamente na linha de frente da assist\u00eancia. Com o tema \u201cQuando cuido de mim, cuido de voc\u00ea\u201d, a campanha interna [&hellip;]<\/p>\n","protected":false},"author":1,"featured_media":28796,"comment_status":"closed","ping_status":"","sticky":false,"template":"","format":"standard","meta":{"footnotes":""},"categories":[9],"tags":[],"class_list":["post-28795","post","type-post","status-publish","format-standard","has-post-thumbnail","hentry","category-maceio"],"_links":{"self":[{"href":"https:\/\/diarioalagoas.com.br\/index.php?rest_route=\/wp\/v2\/posts\/28795","targetHints":{"allow":["GET"]}}],"collection":[{"href":"https:\/\/diarioalagoas.com.br\/index.php?rest_route=\/wp\/v2\/posts"}],"about":[{"href":"https:\/\/diarioalagoas.com.br\/index.php?rest_route=\/wp\/v2\/types\/post"}],"author":[{"embeddable":true,"href":"https:\/\/diarioalagoas.com.br\/index.php?rest_route=\/wp\/v2\/users\/1"}],"replies":[{"embeddable":true,"href":"https:\/\/diarioalagoas.com.br\/index.php?rest_route=%2Fwp%2Fv2%2Fcomments&post=28795"}],"version-history":[{"count":0,"href":"https:\/\/diarioalagoas.com.br\/index.php?rest_route=\/wp\/v2\/posts\/28795\/revisions"}],"wp:featuredmedia":[{"embeddable":true,"href":"https:\/\/diarioalagoas.com.br\/index.php?rest_route=\/wp\/v2\/media\/28796"}],"wp:attachment":[{"href":"https:\/\/diarioalagoas.com.br\/index.php?rest_route=%2Fwp%2Fv2%2Fmedia&parent=28795"}],"wp:term":[{"taxonomy":"category","embeddable":true,"href":"https:\/\/diarioalagoas.com.br\/index.php?rest_route=%2Fwp%2Fv2%2Fcategories&post=28795"},{"taxonomy":"post_tag","embeddable":true,"href":"https:\/\/diarioalagoas.com.br\/index.php?rest_route=%2Fwp%2Fv2%2Ftags&post=28795"}],"curies":[{"name":"wp","href":"https:\/\/api.w.org\/{rel}","templated":true}]}}