{"id":28797,"date":"2026-04-29T05:03:54","date_gmt":"2026-04-29T08:03:54","guid":{"rendered":"https:\/\/diarioalagoas.com.br\/?p=28797"},"modified":"2026-04-29T05:03:54","modified_gmt":"2026-04-29T08:03:54","slug":"cade-investiga-possivel-alinhamento-de-precos-entre-latam-e-gol","status":"publish","type":"post","link":"https:\/\/diarioalagoas.com.br\/?p=28797","title":{"rendered":"Cade investiga poss\u00edvel alinhamento de pre\u00e7os entre Latam e Gol"},"content":{"rendered":"<p> <br \/>\n<\/p>\n<div>\n<p><strong>O Conselho Administrativo de Defesa Econ\u00f4mica (Cade) vai apurar poss\u00edveis condutas anticoncorrenciais no mercado brasileiro de transporte a\u00e9reo dom\u00e9stico de passageiros, envolvendo as empresas a\u00e9reas Gol e Latam. <\/strong>O processo administrativo examina ind\u00edcios de um poss\u00edvel alinhamento de pre\u00e7os em rotas de elevada relev\u00e2ncia comercial.\u00a0\u00a0<img decoding=\"async\" src=\"https:\/\/agenciabrasil.ebc.com.br\/ebc.png?id=1687583&amp;o=node\" style=\"width:1px; height:1px; display:inline;\"\/><img decoding=\"async\" src=\"https:\/\/agenciabrasil.ebc.com.br\/ebc.gif?id=1687583&amp;o=node\" style=\"width:1px; height:1px; display:inline;\"\/><\/p>\n<p>As duas empresas ser\u00e3o notificadas para apresentar suas defesa. A decis\u00e3o final caber\u00e1 ao Tribunal do Cade.\u00a0<\/p>\n<p><strong>Segundo o Cade, a abertura do processo n\u00e3o representa julgamento definitivo e tem por finalidade aprofundar a apura\u00e7\u00e3o, assegurar o contradit\u00f3rio e permitir o exame completo do conjunto de evid\u00eancias.\u00a0<\/strong><\/p>\n<p>A investiga\u00e7\u00e3o do Cade foi iniciada em 2023 e analisou o uso de ferramentas de precifica\u00e7\u00e3o e de bases de dados de mercado. <strong>As apura\u00e7\u00f5es indicam a exist\u00eancia de padr\u00e3o persistente de interdepend\u00eancia entre os movimentos de pre\u00e7os das empresas.<\/strong>\u00a0<\/p>\n<blockquote>\n<p>\u201cA an\u00e1lise buscou verificar se esse comportamento era compat\u00edvel com din\u00e2mica concorrencial independente ou refletia mecanismos de colus\u00e3o t\u00e1cita facilitada pelo uso de algoritmos e compartilhamento de dados&#8221;, diz o Cade.<\/p>\n<\/blockquote>\n<p>Tamb\u00e9m foram analisados os contratos firmados por Latam e Gol com empresas fornecedoras de servi\u00e7os de intelig\u00eancia tarif\u00e1ria, distribui\u00e7\u00e3o de conte\u00fado e solu\u00e7\u00f5es de precifica\u00e7\u00e3o din\u00e2mica.\u00a0<\/p>\n<p>O Cade identificou que \u201cessas ferramentas trazem riscos de troca de informa\u00e7\u00f5es comercialmente sens\u00edveis, reduzindo a incerteza concorrencial e ampliando a capacidade coordena\u00e7\u00e3o\u201d.\u00a0<\/p>\n<p>\u201cEm mercados concentrados e com alta transpar\u00eancia informacional, o uso convergente de ferramentas algor\u00edtmicas e de infraestruturas comuns de dados pode aumentar riscos concorrenciais\u201d, diz o Conselho.\u00a0<\/p>\n<h2>Outro lado<\/h2>\n<p><strong>A Gol informou que apresentou todas as informa\u00e7\u00f5es solicitadas pelo Cade e que continua \u00e0 disposi\u00e7\u00e3o do \u00f3rg\u00e3o.\u00a0<\/strong><\/p>\n<p>\u201cA Companhia reitera que sempre defendeu a livre concorr\u00eancia e a liberdade tarif\u00e1ria entre todos os competidores. A GOL nega e repudia qualquer pr\u00e1tica que fira tais princ\u00edpios\u201d, diz a empresa.<\/p>\n<p><strong>A Latam disse que sempre atua em conformidade com as melhores pr\u00e1ticas de <em>compliance<\/em>, transpar\u00eancia e integridade.<\/strong><\/p>\n<p>&#8220;A Latam repudia categoricamente qualquer hip\u00f3tese de postura contr\u00e1ria \u00e0 livre concorr\u00eancia, valor inegoci\u00e1vel para a companhia&#8221;, informou.\u00a0<\/p>\n<p>      <!-- Relacionada --><\/p>\n<p>            <!-- Relacionada -->\n    <\/div>\n<p><br \/>\n<br \/><a href=\"https:\/\/agenciabrasil.ebc.com.br\/economia\/noticia\/2026-04\/cade-investiga-possivel-alinhamento-de-precos-entre-latam-e-gol\">Ag\u00eancia Brasil<\/a><\/p>\n","protected":false},"excerpt":{"rendered":"<p>O Conselho Administrativo de Defesa Econ\u00f4mica (Cade) vai apurar poss\u00edveis condutas anticoncorrenciais no mercado brasileiro de transporte a\u00e9reo dom\u00e9stico de passageiros, envolvendo as empresas a\u00e9reas Gol e Latam. O processo administrativo examina ind\u00edcios de um poss\u00edvel alinhamento de pre\u00e7os em rotas de elevada relev\u00e2ncia comercial.\u00a0\u00a0 As duas empresas ser\u00e3o notificadas para apresentar suas defesa. A [&hellip;]<\/p>\n","protected":false},"author":1,"featured_media":28798,"comment_status":"closed","ping_status":"","sticky":false,"template":"","format":"standard","meta":{"footnotes":""},"categories":[12],"tags":[],"class_list":["post-28797","post","type-post","status-publish","format-standard","has-post-thumbnail","hentry","category-economia"],"_links":{"self":[{"href":"https:\/\/diarioalagoas.com.br\/index.php?rest_route=\/wp\/v2\/posts\/28797","targetHints":{"allow":["GET"]}}],"collection":[{"href":"https:\/\/diarioalagoas.com.br\/index.php?rest_route=\/wp\/v2\/posts"}],"about":[{"href":"https:\/\/diarioalagoas.com.br\/index.php?rest_route=\/wp\/v2\/types\/post"}],"author":[{"embeddable":true,"href":"https:\/\/diarioalagoas.com.br\/index.php?rest_route=\/wp\/v2\/users\/1"}],"replies":[{"embeddable":true,"href":"https:\/\/diarioalagoas.com.br\/index.php?rest_route=%2Fwp%2Fv2%2Fcomments&post=28797"}],"version-history":[{"count":0,"href":"https:\/\/diarioalagoas.com.br\/index.php?rest_route=\/wp\/v2\/posts\/28797\/revisions"}],"wp:featuredmedia":[{"embeddable":true,"href":"https:\/\/diarioalagoas.com.br\/index.php?rest_route=\/wp\/v2\/media\/28798"}],"wp:attachment":[{"href":"https:\/\/diarioalagoas.com.br\/index.php?rest_route=%2Fwp%2Fv2%2Fmedia&parent=28797"}],"wp:term":[{"taxonomy":"category","embeddable":true,"href":"https:\/\/diarioalagoas.com.br\/index.php?rest_route=%2Fwp%2Fv2%2Fcategories&post=28797"},{"taxonomy":"post_tag","embeddable":true,"href":"https:\/\/diarioalagoas.com.br\/index.php?rest_route=%2Fwp%2Fv2%2Ftags&post=28797"}],"curies":[{"name":"wp","href":"https:\/\/api.w.org\/{rel}","templated":true}]}}