{"id":28839,"date":"2026-04-29T19:29:35","date_gmt":"2026-04-29T22:29:35","guid":{"rendered":"https:\/\/diarioalagoas.com.br\/?p=28839"},"modified":"2026-04-29T19:29:35","modified_gmt":"2026-04-29T22:29:35","slug":"senado-rejeita-indicacao-de-messias-para-stf","status":"publish","type":"post","link":"https:\/\/diarioalagoas.com.br\/?p=28839","title":{"rendered":"Senado rejeita indica\u00e7\u00e3o de Messias para STF"},"content":{"rendered":"<p> <br \/>\n<\/p>\n<div>\n<p><strong>O plen\u00e1rio do Senado rejeitou a indica\u00e7\u00e3o de Jorge Messias para a vaga de ministro do Supremo Tribunal Federal (STF). Foram 42 votos contr\u00e1rios e 34 favor\u00e1veis.<\/strong><img decoding=\"async\" src=\"https:\/\/agenciabrasil.ebc.com.br\/ebc.png?id=1687729&amp;o=node\" style=\"width:1px; height:1px; display:inline;\"\/><img decoding=\"async\" src=\"https:\/\/agenciabrasil.ebc.com.br\/ebc.gif?id=1687729&amp;o=node\" style=\"width:1px; height:1px; display:inline;\"\/><\/p>\n<p>Mais cedo, o nome de Messias havia sido aprovado pela Comiss\u00e3o de Constitui\u00e7\u00e3o e Justi\u00e7a (CCJ) do Senado com 16 votos favor\u00e1veis e 11 contr\u00e1rios.\u00a0<\/p>\n<p>A indica\u00e7\u00e3o de Jorge Messias foi anunciada pelo presidente Luiz In\u00e1cio Lula da Silva\u00a0h\u00e1 cerca de cinco meses, mas a mensagem oficial com a indica\u00e7\u00e3o (MSF 7\/2026) s\u00f3\u00a0chegou ao Senado no in\u00edcio de abril.<\/p>\n<p>Ele foi indicado pelo governo federal\u00a0para assumir a vaga deixada pelo ministro Lu\u00eds Roberto Barroso, que anunciou\u00a0aposentadoria\u00a0antecipada da Corte e deixou o tribunal em outubro de 2025.\u00a0<\/p>\n<p>\u00a0<\/p>\n<p><em>Em atualiza\u00e7\u00e3o<\/em><\/p>\n<p>      <!-- Relacionada --><br \/>\n            <!-- Relacionada -->\n    <\/div>\n<p><br \/>\n<br \/><a href=\"https:\/\/agenciabrasil.ebc.com.br\/politica\/noticia\/2026-04\/senado-rejeita-indicacao-de-messias-para-stf\">Ag\u00eancia Brasil <\/a><\/p>\n","protected":false},"excerpt":{"rendered":"<p>O plen\u00e1rio do Senado rejeitou a indica\u00e7\u00e3o de Jorge Messias para a vaga de ministro do Supremo Tribunal Federal (STF). Foram 42 votos contr\u00e1rios e 34 favor\u00e1veis. Mais cedo, o nome de Messias havia sido aprovado pela Comiss\u00e3o de Constitui\u00e7\u00e3o e Justi\u00e7a (CCJ) do Senado com 16 votos favor\u00e1veis e 11 contr\u00e1rios.\u00a0 A indica\u00e7\u00e3o de [&hellip;]<\/p>\n","protected":false},"author":1,"featured_media":28840,"comment_status":"closed","ping_status":"","sticky":false,"template":"","format":"standard","meta":{"footnotes":""},"categories":[10],"tags":[],"class_list":["post-28839","post","type-post","status-publish","format-standard","has-post-thumbnail","hentry","category-politica"],"_links":{"self":[{"href":"https:\/\/diarioalagoas.com.br\/index.php?rest_route=\/wp\/v2\/posts\/28839","targetHints":{"allow":["GET"]}}],"collection":[{"href":"https:\/\/diarioalagoas.com.br\/index.php?rest_route=\/wp\/v2\/posts"}],"about":[{"href":"https:\/\/diarioalagoas.com.br\/index.php?rest_route=\/wp\/v2\/types\/post"}],"author":[{"embeddable":true,"href":"https:\/\/diarioalagoas.com.br\/index.php?rest_route=\/wp\/v2\/users\/1"}],"replies":[{"embeddable":true,"href":"https:\/\/diarioalagoas.com.br\/index.php?rest_route=%2Fwp%2Fv2%2Fcomments&post=28839"}],"version-history":[{"count":0,"href":"https:\/\/diarioalagoas.com.br\/index.php?rest_route=\/wp\/v2\/posts\/28839\/revisions"}],"wp:featuredmedia":[{"embeddable":true,"href":"https:\/\/diarioalagoas.com.br\/index.php?rest_route=\/wp\/v2\/media\/28840"}],"wp:attachment":[{"href":"https:\/\/diarioalagoas.com.br\/index.php?rest_route=%2Fwp%2Fv2%2Fmedia&parent=28839"}],"wp:term":[{"taxonomy":"category","embeddable":true,"href":"https:\/\/diarioalagoas.com.br\/index.php?rest_route=%2Fwp%2Fv2%2Fcategories&post=28839"},{"taxonomy":"post_tag","embeddable":true,"href":"https:\/\/diarioalagoas.com.br\/index.php?rest_route=%2Fwp%2Fv2%2Ftags&post=28839"}],"curies":[{"name":"wp","href":"https:\/\/api.w.org\/{rel}","templated":true}]}}