{"id":28841,"date":"2026-04-29T19:33:37","date_gmt":"2026-04-29T22:33:37","guid":{"rendered":"https:\/\/diarioalagoas.com.br\/?p=28841"},"modified":"2026-04-29T19:33:37","modified_gmt":"2026-04-29T22:33:37","slug":"prefeitura-de-maceio-prefeito-rodrigo-cunha-acompanha-inicio-das","status":"publish","type":"post","link":"https:\/\/diarioalagoas.com.br\/?p=28841","title":{"rendered":"Prefeitura de Macei\u00f3 | Prefeito Rodrigo Cunha acompanha in\u00edcio das\u2026"},"content":{"rendered":"<p> <br \/>\n<\/p>\n<div id=\"\">\n<p>O prefeito Rodrigo Cunha acompanhou, nesta quarta-feira (29), o in\u00edcio das atividades no Gigant\u00e3o Vila Ol\u00edmpica, novo espa\u00e7o voltado \u00e0 educa\u00e7\u00e3o integral e ao desenvolvimento esportivo de estudantes da rede p\u00fablica de Macei\u00f3. A iniciativa marca o come\u00e7o de uma nova fase para o equipamento, que ter\u00e1 capacidade para atender at\u00e9 3.400 alunos no contraturno escolar.<\/p>\n<p>Durante a visita, o prefeito destacou o impacto do projeto na forma\u00e7\u00e3o das crian\u00e7as e adolescentes. \u201cEsse \u00e9 um espa\u00e7o que vai muito al\u00e9m do esporte. Aqui, a gente est\u00e1 investindo no presente e no futuro das nossas crian\u00e7as, oferecendo oportunidades, descobrindo talentos e garantindo um ambiente seguro para aprender, crescer e se exercitar\u201d, afirmou.<\/p>\n<p>Nesta primeira etapa, 700 estudantes de sete escolas municipais participaram das atividades, entre elas Pompeu Sarmento, Arnon de Mello, Padre Pinho, Higino Belo, Rui Palmeira, Dom H\u00e9lder C\u00e2mara e Ant\u00eddio Vieira. O p\u00fablico inclui alunos do 3\u00ba ao 5\u00ba ano do Ensino Fundamental e tamb\u00e9m do 6\u00ba ao 9\u00ba ano, com prioridade para turmas do tempo integral.<\/p>\n<div class=\"single-section-box single-section-img single-box-center\">\n<figure>\n<a href=\"https:\/\/cdnpm.dhost.cloud\/imagens\/29-04-26-Primeiro-Dia-de-Atividades-Gigantao-SEMED-Rodrigo-Cunha-Foto-Felipe-Sostenes-71.jpg\" data-fancybox=\"images\"><br \/>\n<img decoding=\"async\" src=\"https:\/\/maceio.al.gov.br\/transform\/imagens\/_845xAUTO_crop_center-center_none\/29-04-26-Primeiro-Dia-de-Atividades-Gigantao-SEMED-Rodrigo-Cunha-Foto-Felipe-Sostenes-71.jpg\" alt=\"Prefeito Rodrigo Cunha na roda de Capoeira com estudantes. Foto: Felipe S\u00f3stenes\/ Secom Macei\u00f3\"\/><br \/>\n<\/a><figcaption><small class=\"img-credits\">Prefeito Rodrigo Cunha na roda de Capoeira com estudantes. Foto: Felipe S\u00f3stenes\/ Secom Macei\u00f3<\/small><\/figcaption><\/figure>\n<\/div>\n<p>As atividades acontecem nos turnos da manh\u00e3, das 8h \u00e0s 11h30, e da tarde, das 13h \u00e0s 16h30, com programa\u00e7\u00e3o diversificada que inclui capoeira, dan\u00e7a, teatro, m\u00fasica e modalidades esportivas como futebol, futsal, voleibol e queimado.<\/p>\n<p>A estudante Ana Alice, 11 anos, da Escola Municipal Arnon de Mello, comemorou a oportunidade de participar das atividades do Gigant\u00e3o. \u201cEstou gostando muito e estou muito feliz em praticar v\u00e1rios esportes aqui. Estou fazendo gin\u00e1stica e v\u00f4lei, mas quero conhecer outros esportes\u201d, contou.<\/p>\n<p>De acordo com o secret\u00e1rio de Educa\u00e7\u00e3o, Rog\u00e9rio Lima, os estudantes ser\u00e3o direcionados para diferentes atividades, como capoeira, dan\u00e7a e diversas modalidades esportivas, sempre acompanhados por professores e outros profissionais. \u201cA proposta \u00e9 garantir que, ao longo da semana, os estudantes tenham acesso a diferentes experi\u00eancias. Ou seja, a expectativa \u00e9 a melhor poss\u00edvel. Tudo foi planejado para que funcione bem\u201d, destacou.<\/p>\n<p>Al\u00e9m de um centro esportivo, o Gigant\u00e3o Vila Ol\u00edmpica se consolida como um espa\u00e7o de desenvolvimento integral, unindo pr\u00e1ticas corporais, culturais e pedag\u00f3gicas. A iniciativa tamb\u00e9m fortalece a pol\u00edtica de educa\u00e7\u00e3o em tempo integral no munic\u00edpio de Macei\u00f3, ampliando o tempo de perman\u00eancia dos estudantes em atividades educativas e inclusivas.<\/p>\n<p>Com estrutura ampla e proposta inovadora, o Gigant\u00e3o tamb\u00e9m deve contribuir para a forma\u00e7\u00e3o de novos talentos esportivos, projetando estudantes para competi\u00e7\u00f5es locais, nacionais e at\u00e9 internacionais.<\/p>\n<div class=\"gallery-item\">\n<span class=\"gallery-item__legend\">Abertura das atividades do Gigant\u00e3o Vila Ol\u00edmpica. Fotos: Felipe S\u00f3stenes\/ Secom Macei\u00f3<\/span><\/div>\n<div class=\"gabinate\">\n<a href=\"https:\/\/maceio.al.gov.br\/secretarias-e-orgaos\/gvp\">GVP<\/a><\/p>\n<h2>Gabinete Vice-Prefeito<\/h2>\n<p><span><\/p>\n<p>Rua Bar\u00e3o de Jaragu\u00e1, n\u00ba 195, 1\u00ba andar.<br \/>CEP 57025-690 \/\/ Telefone: (82) 3312-5870<\/p>\n<p><\/span><\/div>\n<\/div>\n<p><script async defer crossorigin=\"anonymous\" src=\"https:\/\/connect.facebook.net\/pt_BR\/sdk.js#xfbml=1&#038;version=v12.0\" nonce=\"0pFl3y7T\"><\/script><br \/>\n<br \/><br \/>\n<br \/><a href=\"https:\/\/maceio.al.gov.br\/noticias\/gvp\/prefeito-rodrigo-cunha-acompanha-inicio-das-atividades-do-gigantao-e-reforca-importancia-da-educacao-integral\">Prefeitura de Macei\u00f3 <\/a><\/p>\n","protected":false},"excerpt":{"rendered":"<p>O prefeito Rodrigo Cunha acompanhou, nesta quarta-feira (29), o in\u00edcio das atividades no Gigant\u00e3o Vila Ol\u00edmpica, novo espa\u00e7o voltado \u00e0 educa\u00e7\u00e3o integral e ao desenvolvimento esportivo de estudantes da rede p\u00fablica de Macei\u00f3. A iniciativa marca o come\u00e7o de uma nova fase para o equipamento, que ter\u00e1 capacidade para atender at\u00e9 3.400 alunos no contraturno [&hellip;]<\/p>\n","protected":false},"author":1,"featured_media":28842,"comment_status":"closed","ping_status":"","sticky":false,"template":"","format":"standard","meta":{"footnotes":""},"categories":[9],"tags":[],"class_list":["post-28841","post","type-post","status-publish","format-standard","has-post-thumbnail","hentry","category-maceio"],"_links":{"self":[{"href":"https:\/\/diarioalagoas.com.br\/index.php?rest_route=\/wp\/v2\/posts\/28841","targetHints":{"allow":["GET"]}}],"collection":[{"href":"https:\/\/diarioalagoas.com.br\/index.php?rest_route=\/wp\/v2\/posts"}],"about":[{"href":"https:\/\/diarioalagoas.com.br\/index.php?rest_route=\/wp\/v2\/types\/post"}],"author":[{"embeddable":true,"href":"https:\/\/diarioalagoas.com.br\/index.php?rest_route=\/wp\/v2\/users\/1"}],"replies":[{"embeddable":true,"href":"https:\/\/diarioalagoas.com.br\/index.php?rest_route=%2Fwp%2Fv2%2Fcomments&post=28841"}],"version-history":[{"count":0,"href":"https:\/\/diarioalagoas.com.br\/index.php?rest_route=\/wp\/v2\/posts\/28841\/revisions"}],"wp:featuredmedia":[{"embeddable":true,"href":"https:\/\/diarioalagoas.com.br\/index.php?rest_route=\/wp\/v2\/media\/28842"}],"wp:attachment":[{"href":"https:\/\/diarioalagoas.com.br\/index.php?rest_route=%2Fwp%2Fv2%2Fmedia&parent=28841"}],"wp:term":[{"taxonomy":"category","embeddable":true,"href":"https:\/\/diarioalagoas.com.br\/index.php?rest_route=%2Fwp%2Fv2%2Fcategories&post=28841"},{"taxonomy":"post_tag","embeddable":true,"href":"https:\/\/diarioalagoas.com.br\/index.php?rest_route=%2Fwp%2Fv2%2Ftags&post=28841"}],"curies":[{"name":"wp","href":"https:\/\/api.w.org\/{rel}","templated":true}]}}