{"id":28847,"date":"2026-04-29T23:33:18","date_gmt":"2026-04-30T02:33:18","guid":{"rendered":"https:\/\/diarioalagoas.com.br\/?p=28847"},"modified":"2026-04-29T23:33:18","modified_gmt":"2026-04-30T02:33:18","slug":"celso-de-mello-diz-que-senado-cometeu-grave-equivoco-institucional","status":"publish","type":"post","link":"https:\/\/diarioalagoas.com.br\/?p=28847","title":{"rendered":"Celso de Mello diz que Senado cometeu grave equ\u00edvoco institucional"},"content":{"rendered":"<p> <br \/>\n<\/p>\n<div>\n<p><strong>O ministro aposentado do Supremo Tribunal Federal (STF) Celso de Mello afirmou nesta quarta-feira (29) que o Senado cometeu um \u201cgrave equ\u00edvoco institucional\u201d ao <a href=\"https:\/\/agenciabrasil.ebc.com.br\/politica\/noticia\/2026-04\/senado-rejeita-indicacao-de-messias-para-stf\">rejeitar a indica\u00e7\u00e3o<\/a> do advogado-geral da Uni\u00e3o, Jorge Messias, para uma ocupar uma vaga na Corte.<\/strong><img decoding=\"async\" src=\"https:\/\/agenciabrasil.ebc.com.br\/ebc.png?id=1687765&amp;o=node\" style=\"width:1px; height:1px; display:inline;\"\/><img decoding=\"async\" src=\"https:\/\/agenciabrasil.ebc.com.br\/ebc.gif?id=1687765&amp;o=node\" style=\"width:1px; height:1px; display:inline;\"\/><\/p>\n<p>Em nota \u00e0 imprensa, Mello, que ficou no tribunal entre 1989 e 2020, classificou a vota\u00e7\u00e3o como injustific\u00e1vel e disse que o entendimento n\u00e3o est\u00e1 de acordo com a trajet\u00f3ria profissional do advogado-geral.<\/p>\n<blockquote>\n<p>\u201cTrata-se de grave equ\u00edvoco institucional, pois o Dr. Jorge Messias re\u00fane, de modo pleno, os requisitos que a Constitui\u00e7\u00e3o da Rep\u00fablica exige para a leg\u00edtima investidura no cargo de ministro da Suprema Corte\u201d, disse Mello.<\/p>\n<\/blockquote>\n<p><strong>O ministro aposentado tamb\u00e9m ressaltou que n\u00e3o h\u00e1 causa legitima para o Senado rejeitar a indica\u00e7\u00e3o do presidente Luiz In\u00e1cio Lula da Silva para a Suprema Corte.\u00a0<\/strong><\/p>\n<p>\u201cConsidero profundamente infeliz a decis\u00e3o do Senado Federal. Perdeu-se a oportunidade de incorporar ao Supremo Tribunal Federal um jurista s\u00e9rio, preparado, experiente e comprometido com os valores superiores do Estado Democr\u00e1tico de Direito\u201d, completou.<\/p>\n<p>No in\u00edcio da noite, o plen\u00e1rio do Senado rejeitou a indica\u00e7\u00e3o feita pelo presidente Lula para que Messias assuma a vaga deixada pela aposentadoria do ministro Lu\u00eds Roberto Barroso. \u00a0<\/p>\n<p>      <!-- Relacionada --><\/p>\n<p>            <!-- Relacionada -->\n    <\/div>\n<p><br \/>\n<br \/><a href=\"https:\/\/agenciabrasil.ebc.com.br\/politica\/noticia\/2026-04\/celso-de-mello-diz-que-senado-cometeu-grave-equivoco-institucional\">Ag\u00eancia Brasil <\/a><\/p>\n","protected":false},"excerpt":{"rendered":"<p>O ministro aposentado do Supremo Tribunal Federal (STF) Celso de Mello afirmou nesta quarta-feira (29) que o Senado cometeu um \u201cgrave equ\u00edvoco institucional\u201d ao rejeitar a indica\u00e7\u00e3o do advogado-geral da Uni\u00e3o, Jorge Messias, para uma ocupar uma vaga na Corte. Em nota \u00e0 imprensa, Mello, que ficou no tribunal entre 1989 e 2020, classificou a [&hellip;]<\/p>\n","protected":false},"author":1,"featured_media":28848,"comment_status":"closed","ping_status":"","sticky":false,"template":"","format":"standard","meta":{"footnotes":""},"categories":[10],"tags":[],"class_list":["post-28847","post","type-post","status-publish","format-standard","has-post-thumbnail","hentry","category-politica"],"_links":{"self":[{"href":"https:\/\/diarioalagoas.com.br\/index.php?rest_route=\/wp\/v2\/posts\/28847","targetHints":{"allow":["GET"]}}],"collection":[{"href":"https:\/\/diarioalagoas.com.br\/index.php?rest_route=\/wp\/v2\/posts"}],"about":[{"href":"https:\/\/diarioalagoas.com.br\/index.php?rest_route=\/wp\/v2\/types\/post"}],"author":[{"embeddable":true,"href":"https:\/\/diarioalagoas.com.br\/index.php?rest_route=\/wp\/v2\/users\/1"}],"replies":[{"embeddable":true,"href":"https:\/\/diarioalagoas.com.br\/index.php?rest_route=%2Fwp%2Fv2%2Fcomments&post=28847"}],"version-history":[{"count":0,"href":"https:\/\/diarioalagoas.com.br\/index.php?rest_route=\/wp\/v2\/posts\/28847\/revisions"}],"wp:featuredmedia":[{"embeddable":true,"href":"https:\/\/diarioalagoas.com.br\/index.php?rest_route=\/wp\/v2\/media\/28848"}],"wp:attachment":[{"href":"https:\/\/diarioalagoas.com.br\/index.php?rest_route=%2Fwp%2Fv2%2Fmedia&parent=28847"}],"wp:term":[{"taxonomy":"category","embeddable":true,"href":"https:\/\/diarioalagoas.com.br\/index.php?rest_route=%2Fwp%2Fv2%2Fcategories&post=28847"},{"taxonomy":"post_tag","embeddable":true,"href":"https:\/\/diarioalagoas.com.br\/index.php?rest_route=%2Fwp%2Fv2%2Ftags&post=28847"}],"curies":[{"name":"wp","href":"https:\/\/api.w.org\/{rel}","templated":true}]}}