{"id":28849,"date":"2026-04-29T23:34:55","date_gmt":"2026-04-30T02:34:55","guid":{"rendered":"https:\/\/diarioalagoas.com.br\/?p=28849"},"modified":"2026-04-29T23:34:55","modified_gmt":"2026-04-30T02:34:55","slug":"prefeitura-de-maceio-prevenir-e-o-que-salva-vidas-diz-prefeito","status":"publish","type":"post","link":"https:\/\/diarioalagoas.com.br\/?p=28849","title":{"rendered":"Prefeitura de Macei\u00f3 | \u201cPrevenir \u00e9 o que salva vidas\u201d, diz prefeito\u2026"},"content":{"rendered":"<p> <br \/>\n<\/p>\n<div id=\"\">\n<p>O prefeito Rodrigo Cunha esteve, nesta semana, na encosta de Fern\u00e3o Velho, acompanhado da equipe da Defesa Civil de Macei\u00f3, para vistoriar \u00e1reas j\u00e1 contempladas com obras de conten\u00e7\u00e3o e apresentar o uso de um novo aliado no monitoramento: o drone equipado com tecnologia LiDAR.<\/p>\n<p>Durante a visita, o gestor destacou a import\u00e2ncia de aliar investimento em infraestrutura com acompanhamento cont\u00ednuo das \u00e1reas de risco. \u201cEstamos aqui em uma obra que foi entregue em 2023. Al\u00e9m de novas obras por toda a cidade, estamos voltando \u00e0s encostas j\u00e1 entregues, avaliando, monitorando e, se necess\u00e1rio, agindo antes que o problema apare\u00e7a. \u00c9 tecnologia protegendo as pessoas\u201d, afirmou.<\/p>\n<div class=\"single-section-box single-section-img single-box-center\">\n<figure>\n<a href=\"https:\/\/cdnpm.dhost.cloud\/imagens\/28-04-26-Visita-Encostas-Fernao-Velho-Defesa-Civil-Rodrigo-Cunha-Foto-Felipe-Sostenes-5.jpg\" data-fancybox=\"images\"><br \/>\n<img decoding=\"async\" src=\"https:\/\/maceio.al.gov.br\/transform\/imagens\/_845xAUTO_crop_center-center_none\/28-04-26-Visita-Encostas-Fernao-Velho-Defesa-Civil-Rodrigo-Cunha-Foto-Felipe-Sostenes-5.jpg\" alt=\"Prefeito Rodrigo Cunha opera drone com tecnologia de ponta. Foto: Felipe S\u00f3stenes\/ Secom Macei\u00f3\"\/><br \/>\n<\/a><figcaption><small class=\"img-credits\">Prefeito Rodrigo Cunha opera drone com tecnologia de ponta. Foto: Felipe S\u00f3stenes\/ Secom Macei\u00f3<\/small><\/figcaption><\/figure>\n<\/div>\n<p>Ao todo, foram executados cerca de 1.500 m\u00b2 de prote\u00e7\u00e3o de encostas em tr\u00eas pontos da ladeira de Fern\u00e3o Velho, garantindo mais estabilidade ao solo e seguran\u00e7a para os moradores da regi\u00e3o.<\/p>\n<p>A principal novidade apresentada foi o uso do LiDAR (Light Detection and Ranging), uma tecnologia de sensoriamento remoto que utiliza pulsos de laser para medir dist\u00e2ncias com alt\u00edssima precis\u00e3o, permitindo a cria\u00e7\u00e3o de mapas tridimensionais do terreno.<\/p>\n<p>\u201cEstamos utilizando um sistema que faz um mapeamento 3D de alta precis\u00e3o. Na pr\u00e1tica, isso permite identificar movimenta\u00e7\u00f5es do solo, poss\u00edveis riscos de deslizamento e mudan\u00e7as na encosta ao longo do tempo\u201d, explicou o prefeito.<\/p>\n<p>O monitoramento ocorre em etapas. A equipe realiza uma coleta inicial de dados e, ap\u00f3s alguns dias, retorna ao local para uma nova capta\u00e7\u00e3o, possibilitando o cruzamento das informa\u00e7\u00f5es e a an\u00e1lise da evolu\u00e7\u00e3o do terreno.<\/p>\n<p>\u201cEsse monitoramento n\u00e3o \u00e9 imediato. A gente coleta os dados, volta depois e compara tudo com muita precis\u00e3o. E por que isso \u00e9 importante? Porque, principalmente no per\u00edodo de chuvas, prevenir \u00e9 o que salva vidas\u201d, destacou Cunha.<\/p>\n<p>A utiliza\u00e7\u00e3o do LiDAR representa um avan\u00e7o significativo na atua\u00e7\u00e3o da Defesa Civil, especialmente em \u00e1reas de dif\u00edcil acesso ou com alto risco geot\u00e9cnico. A tecnologia permite gerar modelos digitais do terreno que auxiliam em an\u00e1lises mais detalhadas e no planejamento de interven\u00e7\u00f5es mais eficazes.<\/p>\n<p>A tecnologia j\u00e1 foi aplicada em miss\u00f5es em outras cidades brasileiras, como Juiz de Fora (MG), e agora passa a integrar as estrat\u00e9gias de preven\u00e7\u00e3o e resposta da capital alagoana.<\/p>\n<div class=\"gallery-item\">\n<div class=\"gallery-block masonry\">\n<div class=\"masonry-brick\">\n<a data-fancybox=\"gallery\" href=\"https:\/\/cdnpm.dhost.cloud\/imagens\/28-04-26-Visita-Encostas-Fernao-Velho-Defesa-Civil-Rodrigo-Cunha-Foto-Felipe-Sostenes-12.jpg\" class=\"masonry-content\"><br \/>\n<img decoding=\"async\" src=\"https:\/\/maceio.al.gov.br\/transform\/imagens\/_206x160_crop_center-center_none\/28-04-26-Visita-Encostas-Fernao-Velho-Defesa-Civil-Rodrigo-Cunha-Foto-Felipe-Sostenes-12.jpg\" alt=\"\"\/><br \/>\n<\/a><\/div>\n<div class=\"masonry-brick\">\n<a data-fancybox=\"gallery\" href=\"https:\/\/cdnpm.dhost.cloud\/imagens\/28-04-26-Visita-Encostas-Fernao-Velho-Defesa-Civil-Rodrigo-Cunha-Foto-Felipe-Sostenes-30.jpg\" class=\"masonry-content\"><br \/>\n<img decoding=\"async\" src=\"https:\/\/maceio.al.gov.br\/transform\/imagens\/_206x160_crop_center-center_none\/28-04-26-Visita-Encostas-Fernao-Velho-Defesa-Civil-Rodrigo-Cunha-Foto-Felipe-Sostenes-30.jpg\" alt=\"\"\/><br \/>\n<\/a><\/div>\n<\/div>\n<p><span class=\"gallery-item__legend\">Encostas receberam obras definitivas de conten\u00e7\u00e3o. Fotos: Felipe S\u00f3stenes\/ Secom Macei\u00f3<\/span><\/div>\n<div class=\"gabinate\">\n<a href=\"https:\/\/maceio.al.gov.br\/secretarias-e-orgaos\/defesa-civil\">Defesa Civil<\/a><\/p>\n<h2>Coordenadoria Especial Municipal de Prote\u00e7\u00e3o e Defesa Civil<\/h2>\n<p><span><\/p>\n<p>Rua C\u00f4nego Jo\u00e3o Barros Pinho, 107 &#8211; Pinheiro<br \/>CEP 57055-640 \/\/ Telefone: (82) 3312-5890 \/ 199 \/ 0800 030 6205<br \/>Hor\u00e1rio de atendimento: segunda a sexta, de 8h \u00e0s 14h<\/p>\n<p><\/span><\/div>\n<\/div>\n<p><script async defer crossorigin=\"anonymous\" src=\"https:\/\/connect.facebook.net\/pt_BR\/sdk.js#xfbml=1&#038;version=v12.0\" nonce=\"0pFl3y7T\"><\/script><br \/>\n<br \/><br \/>\n<br \/><a href=\"https:\/\/maceio.al.gov.br\/noticias\/defesa-civil\/prevenir-e-o-que-salva-vidas-diz-prefeito-rodrigo-cunha-ao-vistoriar-encostas-com-tecnologia-de-ponta-em-maceio\">Prefeitura de Macei\u00f3 <\/a><\/p>\n","protected":false},"excerpt":{"rendered":"<p>O prefeito Rodrigo Cunha esteve, nesta semana, na encosta de Fern\u00e3o Velho, acompanhado da equipe da Defesa Civil de Macei\u00f3, para vistoriar \u00e1reas j\u00e1 contempladas com obras de conten\u00e7\u00e3o e apresentar o uso de um novo aliado no monitoramento: o drone equipado com tecnologia LiDAR. Durante a visita, o gestor destacou a import\u00e2ncia de aliar [&hellip;]<\/p>\n","protected":false},"author":1,"featured_media":28850,"comment_status":"closed","ping_status":"","sticky":false,"template":"","format":"standard","meta":{"footnotes":""},"categories":[9],"tags":[],"class_list":["post-28849","post","type-post","status-publish","format-standard","has-post-thumbnail","hentry","category-maceio"],"_links":{"self":[{"href":"https:\/\/diarioalagoas.com.br\/index.php?rest_route=\/wp\/v2\/posts\/28849","targetHints":{"allow":["GET"]}}],"collection":[{"href":"https:\/\/diarioalagoas.com.br\/index.php?rest_route=\/wp\/v2\/posts"}],"about":[{"href":"https:\/\/diarioalagoas.com.br\/index.php?rest_route=\/wp\/v2\/types\/post"}],"author":[{"embeddable":true,"href":"https:\/\/diarioalagoas.com.br\/index.php?rest_route=\/wp\/v2\/users\/1"}],"replies":[{"embeddable":true,"href":"https:\/\/diarioalagoas.com.br\/index.php?rest_route=%2Fwp%2Fv2%2Fcomments&post=28849"}],"version-history":[{"count":0,"href":"https:\/\/diarioalagoas.com.br\/index.php?rest_route=\/wp\/v2\/posts\/28849\/revisions"}],"wp:featuredmedia":[{"embeddable":true,"href":"https:\/\/diarioalagoas.com.br\/index.php?rest_route=\/wp\/v2\/media\/28850"}],"wp:attachment":[{"href":"https:\/\/diarioalagoas.com.br\/index.php?rest_route=%2Fwp%2Fv2%2Fmedia&parent=28849"}],"wp:term":[{"taxonomy":"category","embeddable":true,"href":"https:\/\/diarioalagoas.com.br\/index.php?rest_route=%2Fwp%2Fv2%2Fcategories&post=28849"},{"taxonomy":"post_tag","embeddable":true,"href":"https:\/\/diarioalagoas.com.br\/index.php?rest_route=%2Fwp%2Fv2%2Ftags&post=28849"}],"curies":[{"name":"wp","href":"https:\/\/api.w.org\/{rel}","templated":true}]}}