{"id":28851,"date":"2026-04-30T01:16:52","date_gmt":"2026-04-30T04:16:52","guid":{"rendered":"https:\/\/diarioalagoas.com.br\/?p=28851"},"modified":"2026-04-30T01:16:52","modified_gmt":"2026-04-30T04:16:52","slug":"dolar-sobe-a-r-5-e-bolsa-cai-2-em-dia-de-tensao-global","status":"publish","type":"post","link":"https:\/\/diarioalagoas.com.br\/?p=28851","title":{"rendered":"D\u00f3lar sobe a R$ 5 e bolsa cai 2% em dia de tens\u00e3o global"},"content":{"rendered":"<p> <br \/>\n<\/p>\n<div>\n<p>O d\u00f3lar fechou acima de R$ 5\u00a0e a bolsa brasileira caiu mais de 2% nesta quarta-feira (29), em um dia marcado por cautela nos mercados globais. As negocia\u00e7\u00f5es foram influenciadas pelas tens\u00f5es no Oriente M\u00e9dio, pela reuni\u00e3o do Banco Central estadunidense e pela expectativa pela defini\u00e7\u00e3o de juros no Brasil.<img decoding=\"async\" src=\"https:\/\/agenciabrasil.ebc.com.br\/ebc.png?id=1687748&amp;o=node\" style=\"width:1px; height:1px; display:inline;\"\/><img decoding=\"async\" src=\"https:\/\/agenciabrasil.ebc.com.br\/ebc.gif?id=1687748&amp;o=node\" style=\"width:1px; height:1px; display:inline;\"\/><\/p>\n<p><strong>O d\u00f3lar comercial encerrou o dia vendido a R$ 5,001, com alta de R$ 0,019 (+0,4%). <\/strong>A cota\u00e7\u00e3o come\u00e7ou o dia est\u00e1vel, em torno de R$ 4,98, mas subiu ap\u00f3s a abertura dos mercados nos Estados Unidos. Na m\u00e1xima do dia, por volta das 16h, chegou a R$ 5,01.<\/p>\n<p>A moeda estadunidense subiu perante as principais moedas do planeta. O movimento refletiu um cen\u00e1rio externo mais incerto, com impacto das tens\u00f5es geopol\u00edticas e da decis\u00e3o do Federal Reserve (Fed), que manteve os juros nos Estados Unidos na faixa entre 3,50% e 3,75% ao ano.<\/p>\n<h2>Ibovespa<\/h2>\n<p><strong>A Bolsa brasileira teve forte queda e atingiu o menor n\u00edvel desde 30 de mar\u00e7o, ampliando a sequ\u00eancia negativa recente. O Ibovespa encerrou o dia aos 184.750 pontos, com recuo de 2,05%. Durante a sess\u00e3o, o \u00edndice oscilou entre a m\u00ednima de 184.504 pontos e a m\u00e1xima de 188.709 pontos, em um intervalo superior a 4 mil pontos.<\/strong><\/p>\n<p>O\u00a0\u00edndice acumula queda de 3,14% na semana e de 1,45% no m\u00eas, mas sobe 14,66% no ano. <strong>Desde a m\u00e1xima hist\u00f3rica registrada em abril, o Ibovespa j\u00e1 recuou cerca de 14 mil pontos, sendo que a perda desta sess\u00e3o foi a mais intensa desde 20 de mar\u00e7o.<\/strong><\/p>\n<h2>Petr\u00f3leo<\/h2>\n<p><strong>Os pre\u00e7os do petr\u00f3leo dispararam no mercado internacional, impulsionados pela escalada das <a href=\"https:\/\/agenciabrasil.ebc.com.br\/tags\/conflito-no-oriente-medio\" target=\"_blank\">tens\u00f5es entre Estados Unidos e Ir\u00e3<\/a>. O barril do tipo WTI, refer\u00eancia nos Estados Unidos, fechou cotado a US$ 106,88, com alta de 6,95%. J\u00e1 o Brent, usado nas negocia\u00e7\u00f5es da Petrobras, encerrou a US$ 110,44, avan\u00e7ando 5,78%.<\/strong><\/p>\n<p>A valoriza\u00e7\u00e3o ocorre em meio a incertezas sobre o fornecimento global da <em>commodity<\/em>, especialmente diante do risco de interrup\u00e7\u00f5es no fluxo pelo Estreito de Ormuz, uma das principais rotas de transporte de petr\u00f3leo no mundo.<\/p>\n<h2>Contexto global<\/h2>\n<p>O cen\u00e1rio externo concentrou a aten\u00e7\u00e3o dos investidores ao longo do dia. O Federal Reserve manteve a taxa de juros e sinalizou preocupa\u00e7\u00e3o com a infla\u00e7\u00e3o e com o aumento das incertezas globais. Ao mesmo tempo, a intensifica\u00e7\u00e3o do conflito no Oriente M\u00e9dio elevou a volatilidade nos mercados internacionais. A alta do petr\u00f3leo, acima de US$ 100 por barril, tamb\u00e9m refor\u00e7ou as press\u00f5es inflacion\u00e1rias.<\/p>\n<p>No Brasil, o mercado acompanhava ainda a expectativa pela decis\u00e3o do Comit\u00ea de Pol\u00edtica Monet\u00e1ria (Copom). O corte de 0,25 ponto percentual nos juros b\u00e1sicos, <a href=\"https:\/\/agenciabrasil.ebc.com.br\/economia\/noticia\/2026-04\/banco-central-reduz-juros-basicos-para-145-ao-ano\" target=\"_blank\">para 14,5% ao ano<\/a>, s\u00f3 foi divulgado ap\u00f3s o fechamento das negocia\u00e7\u00f5es.<\/p>\n<p>*com informa\u00e7\u00f5es da Reuters<\/p>\n<p>      <!-- Relacionada --><\/p>\n<p>            <!-- Relacionada -->\n    <\/div>\n<p><br \/>\n<br \/><a href=\"https:\/\/agenciabrasil.ebc.com.br\/economia\/noticia\/2026-04\/dolar-sobe-r-5-e-bolsa-cai-2-em-dia-de-tensao-global\">Ag\u00eancia Brasil<\/a><\/p>\n","protected":false},"excerpt":{"rendered":"<p>O d\u00f3lar fechou acima de R$ 5\u00a0e a bolsa brasileira caiu mais de 2% nesta quarta-feira (29), em um dia marcado por cautela nos mercados globais. As negocia\u00e7\u00f5es foram influenciadas pelas tens\u00f5es no Oriente M\u00e9dio, pela reuni\u00e3o do Banco Central estadunidense e pela expectativa pela defini\u00e7\u00e3o de juros no Brasil. O d\u00f3lar comercial encerrou o [&hellip;]<\/p>\n","protected":false},"author":1,"featured_media":28852,"comment_status":"closed","ping_status":"","sticky":false,"template":"","format":"standard","meta":{"footnotes":""},"categories":[12],"tags":[],"class_list":["post-28851","post","type-post","status-publish","format-standard","has-post-thumbnail","hentry","category-economia"],"_links":{"self":[{"href":"https:\/\/diarioalagoas.com.br\/index.php?rest_route=\/wp\/v2\/posts\/28851","targetHints":{"allow":["GET"]}}],"collection":[{"href":"https:\/\/diarioalagoas.com.br\/index.php?rest_route=\/wp\/v2\/posts"}],"about":[{"href":"https:\/\/diarioalagoas.com.br\/index.php?rest_route=\/wp\/v2\/types\/post"}],"author":[{"embeddable":true,"href":"https:\/\/diarioalagoas.com.br\/index.php?rest_route=\/wp\/v2\/users\/1"}],"replies":[{"embeddable":true,"href":"https:\/\/diarioalagoas.com.br\/index.php?rest_route=%2Fwp%2Fv2%2Fcomments&post=28851"}],"version-history":[{"count":0,"href":"https:\/\/diarioalagoas.com.br\/index.php?rest_route=\/wp\/v2\/posts\/28851\/revisions"}],"wp:featuredmedia":[{"embeddable":true,"href":"https:\/\/diarioalagoas.com.br\/index.php?rest_route=\/wp\/v2\/media\/28852"}],"wp:attachment":[{"href":"https:\/\/diarioalagoas.com.br\/index.php?rest_route=%2Fwp%2Fv2%2Fmedia&parent=28851"}],"wp:term":[{"taxonomy":"category","embeddable":true,"href":"https:\/\/diarioalagoas.com.br\/index.php?rest_route=%2Fwp%2Fv2%2Fcategories&post=28851"},{"taxonomy":"post_tag","embeddable":true,"href":"https:\/\/diarioalagoas.com.br\/index.php?rest_route=%2Fwp%2Fv2%2Ftags&post=28851"}],"curies":[{"name":"wp","href":"https:\/\/api.w.org\/{rel}","templated":true}]}}