{"id":28855,"date":"2026-04-30T03:33:56","date_gmt":"2026-04-30T06:33:56","guid":{"rendered":"https:\/\/diarioalagoas.com.br\/?p=28855"},"modified":"2026-04-30T03:33:56","modified_gmt":"2026-04-30T06:33:56","slug":"nao-e-simples-mas-senado-e-soberano-diz-messias-apos-rejeicao","status":"publish","type":"post","link":"https:\/\/diarioalagoas.com.br\/?p=28855","title":{"rendered":"\u201cN\u00e3o \u00e9 simples, mas Senado \u00e9 soberano\u201d, diz Messias ap\u00f3s rejei\u00e7\u00e3o"},"content":{"rendered":"<p> <br \/>\n<\/p>\n<div>\n<p><strong>Em sua primeira manifesta\u00e7\u00e3o ap\u00f3s <a href=\"https:\/\/agenciabrasil.ebc.com.br\/politica\/noticia\/2026-04\/senado-rejeita-indicacao-de-messias-para-stf\">ter o nome rejeitado para o Supremo Tribunal Federal<\/a> (STF), o advogado-geral da Uni\u00e3o, Jorge Messias, afirmou nesta quarta-feira (29) que participou de forma &#8220;\u00edntegra&#8221; e &#8220;franca&#8221; de todo o processo de indica\u00e7\u00e3o. Ele agradeceu os votos recebidos e disse aceitar o resultado.<\/strong><img decoding=\"async\" src=\"https:\/\/agenciabrasil.ebc.com.br\/ebc.png?id=1687762&amp;o=node\" style=\"width:1px; height:1px; display:inline;\"\/><img decoding=\"async\" src=\"https:\/\/agenciabrasil.ebc.com.br\/ebc.gif?id=1687762&amp;o=node\" style=\"width:1px; height:1px; display:inline;\"\/><\/p>\n<blockquote>\n<p>&#8220;Me submeti a uma sabatina de cora\u00e7\u00e3o aberto, de alma leve, esp\u00edrito franco. Falei a verdade, falei o que penso, falei o que sinto, demonstrei o que sinto. Agora, a vida \u00e9 assim, tem dias de vit\u00f3rias e dias de derrotas. Temos que aceitar, o Senado \u00e9 soberano, o plen\u00e1rio do Senado \u00e9 soberano. O plen\u00e1rio falou. Agrade\u00e7o os votos que recebi, faz parte do processo democr\u00e1tico saber ganhar, saber perder&#8221;, disse o ministro da AGU em declara\u00e7\u00e3o a jornalistas, ap\u00f3s o resultado.\u00a0\u00a0<\/p>\n<\/blockquote>\n<p><strong>O nome indicado pelo presidente Luiz In\u00e1cio Lula da Silva recebeu 42 votos contr\u00e1rios e 34 favor\u00e1veis. <\/strong>Para que a indica\u00e7\u00e3o de Messias fosse aprovada eram necess\u00e1rios pelo menos 41 votos dos 81 senadores. Com a rejei\u00e7\u00e3o, a indica\u00e7\u00e3o foi arquivada.<\/p>\n<p>Esta \u00e9 a primeira vez em mais de 130 anos que o nome de um indicado a ministro do STF \u00e9 rejeitado.<\/p>\n<p>&#8220;N\u00e3o \u00e9 simples algu\u00e9m com a minha trajet\u00f3ria passar por uma reprova\u00e7\u00e3o. Mas eu quero dizer algo muito importante, eu aprendi que a minha est\u00e1 nas m\u00e3os de Deus, e Deus sabe de todas as coisas. Deus tem um plano para a nossa vida, para a vida de cada um de n\u00f3s. Lutei o bom combate, como todo crist\u00e3o e preciso aceitar o plano de Deus na minha vida&#8221;, prosseguiu Jorge Messias, que \u00e9 evang\u00e9lico e tinha apoio de segmentos religiosos.<\/p>\n<p>A indica\u00e7\u00e3o de Jorge Messias <a href=\"https:\/\/agenciabrasil.ebc.com.br\/justica\/noticia\/2025-11\/lula-indica-messias-para-vaga-de-barroso-no-stf\">foi anunciada pelo presidente Luiz In\u00e1cio Lula da Silva<\/a> h\u00e1 cerca de cinco meses, mas a mensagem oficial com a indica\u00e7\u00e3o (MSF 7\/2026) s\u00f3 chegou ao Senado no in\u00edcio de abril.<\/p>\n<p>Ele foi indicado pelo governo federal para assumir a vaga deixada pelo ministro Lu\u00eds Roberto Barroso, que anunciou aposentadoria antecipada da Corte e deixou o tribunal em outubro de 2025.<\/p>\n<p>Ainda na declara\u00e7\u00e3o a jornalistas, Messias afirmou que passou por cinco meses de um processo de desconstru\u00e7\u00e3o de sua imagem, afirmou ter &#8220;vida limpa&#8221; e agradeceu ao presidente Lula pela indica\u00e7\u00e3o.<\/p>\n<blockquote>\n<p>&#8220;O presidente Lula me deu uma grande honra de ter participado desse processo e agrade\u00e7o a ele pela oportunidade. Eu n\u00e3o encaro isso aqui como um fim, isso aqui \u00e9 uma etapa do processo da minha vida&#8221;, acrescentou.<\/p>\n<\/blockquote>\n<p><strong>Messias disse que \u00e9 servidor p\u00fablico de carreira e que n\u00e3o precisava de um cargo p\u00fablico para prosseguir sua trajet\u00f3ria profissional.<\/strong><\/p>\n<p>      <!-- Relacionada --><\/p>\n<p>            <!-- Relacionada -->\n    <\/div>\n<p><br \/>\n<br \/><a href=\"https:\/\/agenciabrasil.ebc.com.br\/politica\/noticia\/2026-04\/nao-e-simples-mas-senado-e-soberano-diz-messias-apos-rejeicao\">Ag\u00eancia Brasil <\/a><\/p>\n","protected":false},"excerpt":{"rendered":"<p>Em sua primeira manifesta\u00e7\u00e3o ap\u00f3s ter o nome rejeitado para o Supremo Tribunal Federal (STF), o advogado-geral da Uni\u00e3o, Jorge Messias, afirmou nesta quarta-feira (29) que participou de forma &#8220;\u00edntegra&#8221; e &#8220;franca&#8221; de todo o processo de indica\u00e7\u00e3o. Ele agradeceu os votos recebidos e disse aceitar o resultado. &#8220;Me submeti a uma sabatina de cora\u00e7\u00e3o [&hellip;]<\/p>\n","protected":false},"author":1,"featured_media":28856,"comment_status":"closed","ping_status":"","sticky":false,"template":"","format":"standard","meta":{"footnotes":""},"categories":[10],"tags":[],"class_list":["post-28855","post","type-post","status-publish","format-standard","has-post-thumbnail","hentry","category-politica"],"_links":{"self":[{"href":"https:\/\/diarioalagoas.com.br\/index.php?rest_route=\/wp\/v2\/posts\/28855","targetHints":{"allow":["GET"]}}],"collection":[{"href":"https:\/\/diarioalagoas.com.br\/index.php?rest_route=\/wp\/v2\/posts"}],"about":[{"href":"https:\/\/diarioalagoas.com.br\/index.php?rest_route=\/wp\/v2\/types\/post"}],"author":[{"embeddable":true,"href":"https:\/\/diarioalagoas.com.br\/index.php?rest_route=\/wp\/v2\/users\/1"}],"replies":[{"embeddable":true,"href":"https:\/\/diarioalagoas.com.br\/index.php?rest_route=%2Fwp%2Fv2%2Fcomments&post=28855"}],"version-history":[{"count":0,"href":"https:\/\/diarioalagoas.com.br\/index.php?rest_route=\/wp\/v2\/posts\/28855\/revisions"}],"wp:featuredmedia":[{"embeddable":true,"href":"https:\/\/diarioalagoas.com.br\/index.php?rest_route=\/wp\/v2\/media\/28856"}],"wp:attachment":[{"href":"https:\/\/diarioalagoas.com.br\/index.php?rest_route=%2Fwp%2Fv2%2Fmedia&parent=28855"}],"wp:term":[{"taxonomy":"category","embeddable":true,"href":"https:\/\/diarioalagoas.com.br\/index.php?rest_route=%2Fwp%2Fv2%2Fcategories&post=28855"},{"taxonomy":"post_tag","embeddable":true,"href":"https:\/\/diarioalagoas.com.br\/index.php?rest_route=%2Fwp%2Fv2%2Ftags&post=28855"}],"curies":[{"name":"wp","href":"https:\/\/api.w.org\/{rel}","templated":true}]}}