{"id":28885,"date":"2026-04-30T15:39:06","date_gmt":"2026-04-30T18:39:06","guid":{"rendered":"https:\/\/diarioalagoas.com.br\/?p=28885"},"modified":"2026-04-30T15:39:06","modified_gmt":"2026-04-30T18:39:06","slug":"camara-vota-para-derrubar-veto-ao-pl-da-dosimetria-falta-o-senado","status":"publish","type":"post","link":"https:\/\/diarioalagoas.com.br\/?p=28885","title":{"rendered":"C\u00e2mara vota para derrubar veto ao PL da Dosimetria; falta o Senado"},"content":{"rendered":"<p> <br \/>\n<\/p>\n<div>\n<p><strong>O plen\u00e1rio da C\u00e2mara dos Deputados votou, nesta quinta-feira (30), pela derrubada do veto integral do presidente Luiz In\u00e1cio Lula da Silva ao projeto de lei da Dosimetria, <\/strong>que reduz a pena dos condenados por tentativa de golpe de Estado, em 8 de janeiro de 2023, incluindo o ex-presidente Jair Bolsonaro.<img decoding=\"async\" src=\"https:\/\/agenciabrasil.ebc.com.br\/ebc.png?id=1687958&amp;o=node\" style=\"width:1px; height:1px; display:inline;\"\/><img decoding=\"async\" src=\"https:\/\/agenciabrasil.ebc.com.br\/ebc.gif?id=1687958&amp;o=node\" style=\"width:1px; height:1px; display:inline;\"\/><\/p>\n<p><strong>Na C\u00e2mara, 318 parlamentares votaram a favor do benef\u00edcio aos condenados, enquanto 144 deputados votaram contra.<\/strong> Para derrubar o veto, \u00e9 necess\u00e1ria ainda a an\u00e1lise do Senado, que discute, neste momento, o veto presidencial.<\/p>\n<p>A l\u00edder do PCdoB na C\u00e2mara, deputada Jandira Feghali (PCdoB-RJ), lamentou que a resposta do Congresso tenha sido \u201ccontra a democracia e contra o nosso povo\u201d.<\/p>\n<p>\u201cCrime contra a democracia n\u00e3o \u00e9 um crime menor. A democracia \u00e9 o guarda-chuva da liberdade de express\u00e3o, liberdade de organiza\u00e7\u00e3o, direito de ir e vir. N\u00f3s n\u00e3o estamos aqui brincando quando se penaliza e se criminaliza o comandante da tentativa de um golpe de Estado, como o senhor Jair Bolsonaro. Ele \u00e9 o l\u00edder maior\u201d, afirmou a parlamentar.<\/p>\n<p>Antes da vota\u00e7\u00e3o, o presidente do Congresso, Davi Alcolumbre (Uni\u00e3o-AP), <a href=\"https:\/\/agenciabrasil.ebc.com.br\/politica\/noticia\/2026-04\/alcolumbre-fatia-votacao-do-pl-da-dosimetria-governo-denuncia-manobra\" target=\"_blank\">fatiou o projeto<\/a>, excluindo os trechos que beneficiariam criminosos comuns ao reduzir o tempo para progress\u00e3o de pena, mudan\u00e7a prevista no texto aprovado em dezembro de 2025.<\/p>\n<p>O deputado do PL do Distrito Federal Alberto Fraga agradeceu Alcolumbre pela condu\u00e7\u00e3o da vota\u00e7\u00e3o, alegando que teria sido injusto o julgamento da trama golpista pelo Supremo Tribunal Federal (STF).\u00a0<\/p>\n<p>\u201cContinua com essa narrativa de golpe, de tentativa de golpe. N\u00e3o existiu absolutamente nada disso. N\u00f3s, aqui hoje, vamos restaurar a verdade\u201d, disse o parlamentar.<\/p>\n<h2>Raz\u00e3o do veto<\/h2>\n<p><strong>O presidente Luiz In\u00e1cio Lula da Silva <a href=\"https:\/\/agenciabrasil.ebc.com.br\/politica\/noticia\/2026-01\/lula-veta-integralmente-pl-da-dosimetria\" target=\"_blank\">vetou o chamado PL da Dosimetria<\/a> por entender que a proposta \u00e9 inconstitucional e viola o interesse p\u00fablico ao reduzir penas de crimes contra a democracia.<\/strong><\/p>\n<p>\u201c[O PL] daria o cond\u00e3o de aumentar a incid\u00eancia de crimes contra a ordem democr\u00e1tica e indicaria retrocesso no processo hist\u00f3rico de redemocratiza\u00e7\u00e3o que originou a Nova Rep\u00fablica\u201d, justificou o Pal\u00e1cio do Planalto.<\/p>\n<h2>Entenda<\/h2>\n<p><strong>O PL da Dosimetria determina que os crimes de tentativa de acabar com o Estado Democr\u00e1tico de Direito e de golpe de Estado, quando praticados no mesmo contexto, implicar\u00e3o no uso da pena mais grave em vez da soma de ambas as penas.<\/strong><\/p>\n<p>O foco do <a href=\"https:\/\/agenciabrasil.ebc.com.br\/politica\/noticia\/2025-12\/camara-aprova-projeto-que-reduz-penas-dos-condenados-pelo-8-de-janeiro\" target=\"_blank\">projeto \u00e9 uma mudan\u00e7a no c\u00e1lculo<\/a> das penas, \u201ccalibrando a pena m\u00ednima e a pena m\u00e1xima de cada tipo penal, bem como a forma geral de c\u00e1lculo das penas\u201d.<\/p>\n<p>Tais mudan\u00e7as devem beneficiar condenados pelo 8 de janeiro, como o ex-presidente Jair Bolsonaro, al\u00e9m dos militares Almir Garnier, ex-comandante da Marinha; Paulo S\u00e9rgio Nogueira, ex-ministro da Defesa; Walter Braga Netto, ex-ministro da Casa Civil; e Augusto Heleno, ex-chefe do Gabinete de Seguran\u00e7a Institucional (GSI).<\/p>\n<p>      <!-- Relacionada --><\/p>\n<p>            <!-- Relacionada -->\n    <\/div>\n<p><br \/>\n<br \/><a href=\"https:\/\/agenciabrasil.ebc.com.br\/politica\/noticia\/2026-04\/camara-vota-para-derrubar-veto-ao-pl-da-dosimetria-falta-o-senado\">Ag\u00eancia Brasil <\/a><\/p>\n","protected":false},"excerpt":{"rendered":"<p>O plen\u00e1rio da C\u00e2mara dos Deputados votou, nesta quinta-feira (30), pela derrubada do veto integral do presidente Luiz In\u00e1cio Lula da Silva ao projeto de lei da Dosimetria, que reduz a pena dos condenados por tentativa de golpe de Estado, em 8 de janeiro de 2023, incluindo o ex-presidente Jair Bolsonaro. Na C\u00e2mara, 318 parlamentares [&hellip;]<\/p>\n","protected":false},"author":1,"featured_media":28886,"comment_status":"closed","ping_status":"","sticky":false,"template":"","format":"standard","meta":{"footnotes":""},"categories":[10],"tags":[],"class_list":["post-28885","post","type-post","status-publish","format-standard","has-post-thumbnail","hentry","category-politica"],"_links":{"self":[{"href":"https:\/\/diarioalagoas.com.br\/index.php?rest_route=\/wp\/v2\/posts\/28885","targetHints":{"allow":["GET"]}}],"collection":[{"href":"https:\/\/diarioalagoas.com.br\/index.php?rest_route=\/wp\/v2\/posts"}],"about":[{"href":"https:\/\/diarioalagoas.com.br\/index.php?rest_route=\/wp\/v2\/types\/post"}],"author":[{"embeddable":true,"href":"https:\/\/diarioalagoas.com.br\/index.php?rest_route=\/wp\/v2\/users\/1"}],"replies":[{"embeddable":true,"href":"https:\/\/diarioalagoas.com.br\/index.php?rest_route=%2Fwp%2Fv2%2Fcomments&post=28885"}],"version-history":[{"count":0,"href":"https:\/\/diarioalagoas.com.br\/index.php?rest_route=\/wp\/v2\/posts\/28885\/revisions"}],"wp:featuredmedia":[{"embeddable":true,"href":"https:\/\/diarioalagoas.com.br\/index.php?rest_route=\/wp\/v2\/media\/28886"}],"wp:attachment":[{"href":"https:\/\/diarioalagoas.com.br\/index.php?rest_route=%2Fwp%2Fv2%2Fmedia&parent=28885"}],"wp:term":[{"taxonomy":"category","embeddable":true,"href":"https:\/\/diarioalagoas.com.br\/index.php?rest_route=%2Fwp%2Fv2%2Fcategories&post=28885"},{"taxonomy":"post_tag","embeddable":true,"href":"https:\/\/diarioalagoas.com.br\/index.php?rest_route=%2Fwp%2Fv2%2Ftags&post=28885"}],"curies":[{"name":"wp","href":"https:\/\/api.w.org\/{rel}","templated":true}]}}