{"id":28887,"date":"2026-04-30T15:42:49","date_gmt":"2026-04-30T18:42:49","guid":{"rendered":"https:\/\/diarioalagoas.com.br\/?p=28887"},"modified":"2026-04-30T15:42:49","modified_gmt":"2026-04-30T18:42:49","slug":"prefeitura-de-maceio-hospital-da-cidade-reforca-cultura-de","status":"publish","type":"post","link":"https:\/\/diarioalagoas.com.br\/?p=28887","title":{"rendered":"Prefeitura de Macei\u00f3 | Hospital da Cidade refor\u00e7a cultura de\u2026"},"content":{"rendered":"<p> <br \/>\n<\/p>\n<div id=\"\">\n<p>Ao longo do m\u00eas de abril, o Hospital da Cidade (HC) promoveu uma ampla mobiliza\u00e7\u00e3o interna em torno da campanha nacional Abril pela Seguran\u00e7a do Paciente, fortalecendo pr\u00e1ticas assistenciais e o compromisso institucional com a qualidade do cuidado.<\/p>\n<p>Alinhada ao tema de 2026, \u201cQualidade, seguran\u00e7a e vidas protegidas: um compromisso permanente do SUS\u201d, a iniciativa reuniu a\u00e7\u00f5es educativas, treinamentos e atividades de conscientiza\u00e7\u00e3o voltadas a profissionais de sa\u00fade, pacientes e acompanhantes.<\/p>\n<p>A programa\u00e7\u00e3o incluiu atividades dedicadas ao di\u00e1logo direto com pacientes e seus familiares, com orienta\u00e7\u00f5es sobre a import\u00e2ncia da participa\u00e7\u00e3o ativa no processo de cuidado. A mobiliza\u00e7\u00e3o interna aconteceu para ampliar a compreens\u00e3o sobre medidas de seguran\u00e7a e incentivar uma atua\u00e7\u00e3o colaborativa, capaz de fortalecer as barreiras que reduzem riscos no ambiente hospitalar.<\/p>\n<p>\u201cAo longo do m\u00eas de abril, o HC se engajou ativamente na mobiliza\u00e7\u00e3o nacional do Abril pela Seguran\u00e7a do Paciente, refor\u00e7ando seu compromisso com a qualidade assistencial. Foram realizadas diversas a\u00e7\u00f5es educativas, treinamentos internos e iniciativas de conscientiza\u00e7\u00e3o voltadas a profissionais, pacientes e acompanhantes\u201d, destacou Renata Schneider, coordenadora do N\u00facleo de Qualidade do hospital.<\/p>\n<div class=\"single-section-box single-section-img single-box-center\">\n<figure>\n<a href=\"https:\/\/cdnpm.dhost.cloud\/imagens\/DSC_0560.jpg.jpeg\" data-fancybox=\"images\"><br \/>\n<img decoding=\"async\" src=\"https:\/\/maceio.al.gov.br\/transform\/imagens\/_845xAUTO_crop_center-center_none\/DSC_0560.jpg.jpeg\" alt=\"Renata Schneider, coordenadora do N\u00facleo de Qualidade do hospital, durante atividade do Abril pela Seguran\u00e7a do Paciente. Foto: David Silas\/ Ascom Macei\u00f3 Sa\u00fade\"\/><br \/>\n<\/a><figcaption><small class=\"img-credits\">Renata Schneider, coordenadora do N\u00facleo de Qualidade do hospital, durante atividade do Abril pela Seguran\u00e7a do Paciente. Foto: David Silas\/ Ascom Macei\u00f3 Sa\u00fade<\/small><\/figcaption><\/figure>\n<\/div>\n<p>Como parte das estrat\u00e9gias permanentes, o hospital tamb\u00e9m intensificou a realiza\u00e7\u00e3o dos chamados Safety Huddles, reuni\u00f5es di\u00e1rias de seguran\u00e7a que acontecem tanto nas \u00e1reas assistenciais quanto nos n\u00edveis de gest\u00e3o. Esses encontros t\u00eam como objetivo antecipar riscos, alinhar equipes e garantir uma resposta mais \u00e1gil e coordenada \u00e0s demandas do dia a dia.<\/p>\n<p>\u201c\u00c9 parte da nossa estrat\u00e9gia cont\u00ednua, uma ferramenta proativa de gest\u00e3o de riscos organizacionais, promovendo alinhamento das equipes logo no in\u00edcio do dia. Essas iniciativas refletem o fortalecimento da cultura de seguran\u00e7a no hospital, com o envolvimento multiprofissional e o apoio da gest\u00e3o\u201d, complementou Renata.<\/p>\n<p>A campanha Abril pela Seguran\u00e7a do Paciente \u00e9 estruturada em quatro eixos principais, sendo a qualidade e a seguran\u00e7a como diretrizes do SUS; o acesso ao cuidado seguro em diferentes realidades; a promo\u00e7\u00e3o de ambientes de trabalho seguros para os profissionais; e a melhoria cont\u00ednua dos servi\u00e7os de sa\u00fade. A mobiliza\u00e7\u00e3o visa ampliar o debate e incentivar pr\u00e1ticas seguras em todos os n\u00edveis de aten\u00e7\u00e3o.<\/p>\n<div class=\"single-section-box single-section-img single-box-right\">\n<figure>\n<a href=\"https:\/\/cdnpm.dhost.cloud\/imagens\/WhatsApp-Image-2026-04-30-at-15.12.12.jpeg\" data-fancybox=\"images\"><br \/>\n<img decoding=\"async\" src=\"https:\/\/maceio.al.gov.br\/transform\/imagens\/_300xAUTO_crop_center-center_none\/WhatsApp-Image-2026-04-30-at-15.12.12.jpeg\" alt=\"Iniciativa reuniu a\u00e7\u00f5es educativas, treinamentos e atividades de conscientiza\u00e7\u00e3o. Foto: Hospital da Cidade\"\/><br \/>\n<\/a><figcaption><small class=\"img-credits\">Iniciativa reuniu a\u00e7\u00f5es educativas, treinamentos e atividades de conscientiza\u00e7\u00e3o. Foto: Hospital da Cidade<\/small><\/figcaption><\/figure>\n<\/div>\n<p>\u201cEncerramos o m\u00eas com a convic\u00e7\u00e3o de que a seguran\u00e7a do paciente \u00e9 um compromisso cont\u00ednuo, que vai al\u00e9m de campanhas pontuais, sendo parte integrante do cuidado di\u00e1rio. O HC reafirma, assim, seu papel na promo\u00e7\u00e3o de uma assist\u00eancia cada vez mais segura, qualificada e centrada nas necessidades do paciente\u201d, concluiu Renata Schneider.<\/p>\n<p>Para a diretora-presidente do Macei\u00f3 Sa\u00fade, Camila Porci\u00fancula, a mobiliza\u00e7\u00e3o refor\u00e7a o papel estrat\u00e9gico da gest\u00e3o na consolida\u00e7\u00e3o de uma assist\u00eancia mais qualificada. \u201cNosso trabalho fez do Hospital da Cidade uma refer\u00eancia regional em qualidade assistencial, com processos cada vez mais padronizados, uso eficiente dos recursos e uma cultura institucional s\u00f3lida voltada \u00e0 seguran\u00e7a do paciente e ao fortalecimento das equipes\u201d, pontuou.<\/p>\n<p>A diretora-geral do Hospital da Cidade, dra. C\u00e9lia Fernandes, destacou que a seguran\u00e7a do paciente \u00e9 um princ\u00edpio que orienta todas as pr\u00e1ticas da unidade. \u201cMais do que uma campanha, estamos falando de um compromisso di\u00e1rio com a vida. Cada protocolo seguido, cada comunica\u00e7\u00e3o clara entre as equipes e cada paciente bem orientado representam avan\u00e7os concretos na constru\u00e7\u00e3o de um cuidado mais seguro e humano\u201d, disse.<\/p>\n<p>Administrado pelo Macei\u00f3 Sa\u00fade, organiza\u00e7\u00e3o social sem fins lucrativos voltada \u00e0 moderniza\u00e7\u00e3o da gest\u00e3o das unidades municipais, o Hospital da Cidade vem investindo na integra\u00e7\u00e3o entre inova\u00e7\u00e3o, governan\u00e7a e qualidade assistencial. A proposta da institui\u00e7\u00e3o \u00e9 consolidar um modelo de atendimento que una efici\u00eancia e acolhimento, com foco nas necessidades da popula\u00e7\u00e3o.<\/p>\n<div class=\"gabinate\">\n<a href=\"https:\/\/maceio.al.gov.br\/secretarias-e-orgaos\/sms\">SMS<\/a><\/p>\n<h2>Secretaria Municipal de Sa\u00fade<\/h2>\n<p><span><\/p>\n<p>Rua Dias Cabral, 569 &#8211; Centro<br \/>CEP 57020-250 \/\/ Telefone: 82 3312-5400<br \/>Hor\u00e1rio de atendimento: segunda a sexta, de 8h \u00e0s 14h.<\/p>\n<p><\/span><\/div>\n<\/div>\n<p><script async defer crossorigin=\"anonymous\" src=\"https:\/\/connect.facebook.net\/pt_BR\/sdk.js#xfbml=1&#038;version=v12.0\" nonce=\"0pFl3y7T\"><\/script><br \/>\n<br \/><br \/>\n<br \/><a href=\"https:\/\/maceio.al.gov.br\/noticias\/sms\/hospital-da-cidade-reforca-cultura-de-seguranca-do-paciente-com-mobilizacao-ao-longo-de-abril\">Prefeitura de Macei\u00f3 <\/a><\/p>\n","protected":false},"excerpt":{"rendered":"<p>Ao longo do m\u00eas de abril, o Hospital da Cidade (HC) promoveu uma ampla mobiliza\u00e7\u00e3o interna em torno da campanha nacional Abril pela Seguran\u00e7a do Paciente, fortalecendo pr\u00e1ticas assistenciais e o compromisso institucional com a qualidade do cuidado. Alinhada ao tema de 2026, \u201cQualidade, seguran\u00e7a e vidas protegidas: um compromisso permanente do SUS\u201d, a iniciativa [&hellip;]<\/p>\n","protected":false},"author":1,"featured_media":28888,"comment_status":"closed","ping_status":"","sticky":false,"template":"","format":"standard","meta":{"footnotes":""},"categories":[9],"tags":[],"class_list":["post-28887","post","type-post","status-publish","format-standard","has-post-thumbnail","hentry","category-maceio"],"_links":{"self":[{"href":"https:\/\/diarioalagoas.com.br\/index.php?rest_route=\/wp\/v2\/posts\/28887","targetHints":{"allow":["GET"]}}],"collection":[{"href":"https:\/\/diarioalagoas.com.br\/index.php?rest_route=\/wp\/v2\/posts"}],"about":[{"href":"https:\/\/diarioalagoas.com.br\/index.php?rest_route=\/wp\/v2\/types\/post"}],"author":[{"embeddable":true,"href":"https:\/\/diarioalagoas.com.br\/index.php?rest_route=\/wp\/v2\/users\/1"}],"replies":[{"embeddable":true,"href":"https:\/\/diarioalagoas.com.br\/index.php?rest_route=%2Fwp%2Fv2%2Fcomments&post=28887"}],"version-history":[{"count":0,"href":"https:\/\/diarioalagoas.com.br\/index.php?rest_route=\/wp\/v2\/posts\/28887\/revisions"}],"wp:featuredmedia":[{"embeddable":true,"href":"https:\/\/diarioalagoas.com.br\/index.php?rest_route=\/wp\/v2\/media\/28888"}],"wp:attachment":[{"href":"https:\/\/diarioalagoas.com.br\/index.php?rest_route=%2Fwp%2Fv2%2Fmedia&parent=28887"}],"wp:term":[{"taxonomy":"category","embeddable":true,"href":"https:\/\/diarioalagoas.com.br\/index.php?rest_route=%2Fwp%2Fv2%2Fcategories&post=28887"},{"taxonomy":"post_tag","embeddable":true,"href":"https:\/\/diarioalagoas.com.br\/index.php?rest_route=%2Fwp%2Fv2%2Ftags&post=28887"}],"curies":[{"name":"wp","href":"https:\/\/api.w.org\/{rel}","templated":true}]}}