{"id":28891,"date":"2026-04-30T19:06:38","date_gmt":"2026-04-30T22:06:38","guid":{"rendered":"https:\/\/diarioalagoas.com.br\/?p=28891"},"modified":"2026-04-30T19:06:38","modified_gmt":"2026-04-30T22:06:38","slug":"prefeitura-descarta-produtos-que-seriam-vendidos-no-show-da-shakira","status":"publish","type":"post","link":"https:\/\/diarioalagoas.com.br\/?p=28891","title":{"rendered":"Prefeitura descarta produtos que seriam vendidos no show da Shakira"},"content":{"rendered":"<p> <br \/>\n<\/p>\n<div>\n<p><strong>A Secretaria Municipal de Ordem P\u00fablica (Seop) apreendeu, na madrugada desta quinta-feira, (30), 80 kg de materiais perec\u00edveis enterrados na areia da Praia de Copacabana, zona sul do Rio, que seriam vendidos ao p\u00fablico durante o<em> show<\/em> da cantora Shakira, neste s\u00e1bado (2).<\/strong> A a\u00e7\u00e3o foi iniciada ainda na noite de ontem (29) e contou com apoio da Companhia de Limpeza Urbana (Comlurb).<img decoding=\"async\" src=\"https:\/\/agenciabrasil.ebc.com.br\/ebc.png?id=1688035&amp;o=node\" style=\"width:1px; height:1px; display:inline;\"\/><img decoding=\"async\" src=\"https:\/\/agenciabrasil.ebc.com.br\/ebc.gif?id=1688035&amp;o=node\" style=\"width:1px; height:1px; display:inline;\"\/><\/p>\n<p>Os agentes apreenderam uma carrocinha, um carrinho com mercadorias e diversos bancos pl\u00e1sticos j\u00e1 posicionados em pontos estrat\u00e9gicos da Praia de Copacabana. <strong>Os alimentos perec\u00edveis foram descartados.<\/strong><\/p>\n<p>As a\u00e7\u00f5es se concentraram na faixa de areia, principalmente na altura da Rua Rodolfo Dantas, onde foi montado o palco para o <em>show<\/em> da Shakira, atra\u00e7\u00e3o do evento \u201cTodo Mundo no Rio\u201d. <strong>A a\u00e7\u00e3o teve como objetivo encontrar materiais e produtos enterrados ou posicionados estrategicamente na areia, de forma irregular, principalmente por vendedores ambulantes e barraqueiros. <\/strong>A iniciativa visa tamb\u00e9m deixar a orla mais limpa e ordenada, al\u00e9m de evitar acidentes com garrafas de vidro.<\/p>\n<p>As a\u00e7\u00f5es contaram com o aux\u00edlio de agentes da Guarda Municipal. Durante a a\u00e7\u00e3o, acampamentos foram desmontados, j\u00e1 que muitas pessoas armam grandes barracas para reservar espa\u00e7o na faixa de areia para o<em> show<\/em>.<\/p>\n<p>Um decreto de maio de 2025 imp\u00f4s novas regras para organizar a orla carioca, proibindo itens como garrafas de vidro e cercadinhos, regulamentando m\u00fasica (com volumes e hor\u00e1rios espec\u00edficos), padronizando barracas com nomes\/n\u00fameros e visando coibir irregularidades, visando um uso mais democr\u00e1tico e organizado do espa\u00e7o p\u00fablico.<\/p>\n<p>      <!-- Relacionada --><\/p>\n<p>            <!-- Relacionada -->\n    <\/div>\n<p><br \/>\n<br \/><a href=\"https:\/\/agenciabrasil.ebc.com.br\/geral\/noticia\/2026-04\/prefeitura-descarta-produtos-que-seriam-vendidos-no-show-da-shakira\">Ag\u00eancia Brasil<\/a><\/p>\n","protected":false},"excerpt":{"rendered":"<p>A Secretaria Municipal de Ordem P\u00fablica (Seop) apreendeu, na madrugada desta quinta-feira, (30), 80 kg de materiais perec\u00edveis enterrados na areia da Praia de Copacabana, zona sul do Rio, que seriam vendidos ao p\u00fablico durante o show da cantora Shakira, neste s\u00e1bado (2). A a\u00e7\u00e3o foi iniciada ainda na noite de ontem (29) e contou [&hellip;]<\/p>\n","protected":false},"author":1,"featured_media":28892,"comment_status":"closed","ping_status":"","sticky":false,"template":"","format":"standard","meta":{"footnotes":""},"categories":[15],"tags":[],"class_list":["post-28891","post","type-post","status-publish","format-standard","has-post-thumbnail","hentry","category-geral"],"_links":{"self":[{"href":"https:\/\/diarioalagoas.com.br\/index.php?rest_route=\/wp\/v2\/posts\/28891","targetHints":{"allow":["GET"]}}],"collection":[{"href":"https:\/\/diarioalagoas.com.br\/index.php?rest_route=\/wp\/v2\/posts"}],"about":[{"href":"https:\/\/diarioalagoas.com.br\/index.php?rest_route=\/wp\/v2\/types\/post"}],"author":[{"embeddable":true,"href":"https:\/\/diarioalagoas.com.br\/index.php?rest_route=\/wp\/v2\/users\/1"}],"replies":[{"embeddable":true,"href":"https:\/\/diarioalagoas.com.br\/index.php?rest_route=%2Fwp%2Fv2%2Fcomments&post=28891"}],"version-history":[{"count":0,"href":"https:\/\/diarioalagoas.com.br\/index.php?rest_route=\/wp\/v2\/posts\/28891\/revisions"}],"wp:featuredmedia":[{"embeddable":true,"href":"https:\/\/diarioalagoas.com.br\/index.php?rest_route=\/wp\/v2\/media\/28892"}],"wp:attachment":[{"href":"https:\/\/diarioalagoas.com.br\/index.php?rest_route=%2Fwp%2Fv2%2Fmedia&parent=28891"}],"wp:term":[{"taxonomy":"category","embeddable":true,"href":"https:\/\/diarioalagoas.com.br\/index.php?rest_route=%2Fwp%2Fv2%2Fcategories&post=28891"},{"taxonomy":"post_tag","embeddable":true,"href":"https:\/\/diarioalagoas.com.br\/index.php?rest_route=%2Fwp%2Fv2%2Ftags&post=28891"}],"curies":[{"name":"wp","href":"https:\/\/api.w.org\/{rel}","templated":true}]}}