{"id":28893,"date":"2026-04-30T19:09:33","date_gmt":"2026-04-30T22:09:33","guid":{"rendered":"https:\/\/diarioalagoas.com.br\/?p=28893"},"modified":"2026-04-30T19:09:33","modified_gmt":"2026-04-30T22:09:33","slug":"numero-de-roubos-e-furtos-de-veiculos-em-sp-cai-373-no-1o-trimestre","status":"publish","type":"post","link":"https:\/\/diarioalagoas.com.br\/?p=28893","title":{"rendered":"N\u00famero de roubos e furtos de ve\u00edculos em SP cai 37,3% no 1\u00ba trimestre"},"content":{"rendered":"<p> <br \/>\n<\/p>\n<div>\n<p><strong>Os roubos de ve\u00edculos no estado de S\u00e3o Paulo tiveram queda de 37,3% no primeiro trimestre do ano, na compara\u00e7\u00e3o com o mesmo per\u00edodo de 2025. De janeiro a mar\u00e7o foram 4.355 casos.<\/strong><img decoding=\"async\" src=\"https:\/\/agenciabrasil.ebc.com.br\/ebc.png?id=1687797&amp;o=node\" style=\"width:1px; height:1px; display:inline;\"\/><img decoding=\"async\" src=\"https:\/\/agenciabrasil.ebc.com.br\/ebc.gif?id=1687797&amp;o=node\" style=\"width:1px; height:1px; display:inline;\"\/><\/p>\n<p>Quando analisados s\u00f3 os furtos, a <strong>queda foi\u00a0de 11,3%<\/strong>, na compara\u00e7\u00e3o com o mesmo trimestre do ano passado, totalizando <strong>19.998 registros<\/strong>. Os dados s\u00e3o da Secretaria Estadual de Seguran\u00e7a P\u00fablica do estado de S\u00e3o Paulo (SSP-SP).<\/p>\n<p>Segundo o delegado da Divis\u00e3o de Investiga\u00e7\u00f5es sobre Crimes contra o Patrim\u00f4nio (Divecar), do Deic, Paul Verduraz, os resultados s\u00e3o consequ\u00eancia de\u00a0trabalho planejado e integrado entre Pol\u00edcia Civil e Pol\u00edcia Militar, al\u00e9m de outros \u00f3rg\u00e3os municipais e estaduais, com <strong>a\u00e7\u00f5es voltadas para o combate da recepta\u00e7\u00e3o de ve\u00edculos e desmanches clandestinos<\/strong>.<\/p>\n<blockquote>\n<p>\u201cEm 2025, conseguimos avan\u00e7ar com opera\u00e7\u00f5es conjuntas e, neste ano, intensificamos ainda mais essa atua\u00e7\u00e3o por meio das nossas unidades especializadas. Nosso foco \u00e9 atingir toda a cadeia criminosa, especialmente o mercado ilegal de pe\u00e7as, que \u00e9 o principal indutor desses crimes\u201d, afirmou.<\/p>\n<\/blockquote>\n<p><strong>De acordo com a SSP-SP, o Programa Muralha Paulista tamb\u00e9m contribuiu com a queda.<\/strong> Com a tecnologia aplicada ao programa, que conta com c\u00e2meras e sensores de \u00f3rg\u00e3os p\u00fablicos e privados a bancos de dados, foi poss\u00edvel identificar de ve\u00edculos furtados ou roubados e pessoas procuradas pela Justi\u00e7a, por meio da leitura de placas e reconhecimento facial.<\/p>\n<p>A partir da leitura autom\u00e1tica de placas, o <strong>sistema identifica ve\u00edculos com registro de furto ou roubo e gera alertas em tempo real<\/strong>. Com isso, equipes de policiamento tem a possibilidade de atuar rapidamente, contribuindo para a pris\u00e3o de suspeitos e a recupera\u00e7\u00e3o dos ve\u00edculos.<\/p>\n<p><strong>O coronel da Pol\u00edcia Militar, Carlos Lucena, explicou que os alertas emitidos pelo programa permitem identificar ve\u00edculos roubados ou furtados e garantir uma resposta r\u00e1pida das equipes, o que possibilita a pris\u00e3o dos infratores e a recupera\u00e7\u00e3o dos ve\u00edculos.<\/strong><\/p>\n<blockquote>\n<p>\u201cAs\u00a0quedas s\u00e3o resultado de um trabalho sist\u00eamico integrado, com uso de tecnologia, como c\u00e2meras, drones de alta resolu\u00e7\u00e3o e o programa Muralha Paulista, aliado \u00e0 gest\u00e3o operacional do policiamento\u201d, ressaltou.<\/p>\n<\/blockquote>\n<p>      <!-- Relacionada --><\/p>\n<p>            <!-- Relacionada -->\n    <\/div>\n<p><br \/>\n<br \/><a href=\"https:\/\/agenciabrasil.ebc.com.br\/geral\/noticia\/2026-04\/numero-de-roubos-e-furtos-de-veiculos-em-sp-cai-113-no-1o-trimestre\">Ag\u00eancia Brasil <\/a><\/p>\n","protected":false},"excerpt":{"rendered":"<p>Os roubos de ve\u00edculos no estado de S\u00e3o Paulo tiveram queda de 37,3% no primeiro trimestre do ano, na compara\u00e7\u00e3o com o mesmo per\u00edodo de 2025. De janeiro a mar\u00e7o foram 4.355 casos. Quando analisados s\u00f3 os furtos, a queda foi\u00a0de 11,3%, na compara\u00e7\u00e3o com o mesmo trimestre do ano passado, totalizando 19.998 registros. Os [&hellip;]<\/p>\n","protected":false},"author":1,"featured_media":28894,"comment_status":"closed","ping_status":"","sticky":false,"template":"","format":"standard","meta":{"footnotes":""},"categories":[16],"tags":[],"class_list":["post-28893","post","type-post","status-publish","format-standard","has-post-thumbnail","hentry","category-internacional"],"_links":{"self":[{"href":"https:\/\/diarioalagoas.com.br\/index.php?rest_route=\/wp\/v2\/posts\/28893","targetHints":{"allow":["GET"]}}],"collection":[{"href":"https:\/\/diarioalagoas.com.br\/index.php?rest_route=\/wp\/v2\/posts"}],"about":[{"href":"https:\/\/diarioalagoas.com.br\/index.php?rest_route=\/wp\/v2\/types\/post"}],"author":[{"embeddable":true,"href":"https:\/\/diarioalagoas.com.br\/index.php?rest_route=\/wp\/v2\/users\/1"}],"replies":[{"embeddable":true,"href":"https:\/\/diarioalagoas.com.br\/index.php?rest_route=%2Fwp%2Fv2%2Fcomments&post=28893"}],"version-history":[{"count":0,"href":"https:\/\/diarioalagoas.com.br\/index.php?rest_route=\/wp\/v2\/posts\/28893\/revisions"}],"wp:featuredmedia":[{"embeddable":true,"href":"https:\/\/diarioalagoas.com.br\/index.php?rest_route=\/wp\/v2\/media\/28894"}],"wp:attachment":[{"href":"https:\/\/diarioalagoas.com.br\/index.php?rest_route=%2Fwp%2Fv2%2Fmedia&parent=28893"}],"wp:term":[{"taxonomy":"category","embeddable":true,"href":"https:\/\/diarioalagoas.com.br\/index.php?rest_route=%2Fwp%2Fv2%2Fcategories&post=28893"},{"taxonomy":"post_tag","embeddable":true,"href":"https:\/\/diarioalagoas.com.br\/index.php?rest_route=%2Fwp%2Fv2%2Ftags&post=28893"}],"curies":[{"name":"wp","href":"https:\/\/api.w.org\/{rel}","templated":true}]}}