{"id":28897,"date":"2026-04-30T19:43:46","date_gmt":"2026-04-30T22:43:46","guid":{"rendered":"https:\/\/diarioalagoas.com.br\/?p=28897"},"modified":"2026-04-30T19:43:46","modified_gmt":"2026-04-30T22:43:46","slug":"prefeitura-de-maceio-prefeito-rodrigo-cunha-institui-comite-gestor","status":"publish","type":"post","link":"https:\/\/diarioalagoas.com.br\/?p=28897","title":{"rendered":"Prefeitura de Macei\u00f3 | Prefeito Rodrigo Cunha institui Comit\u00ea Gestor\u2026"},"content":{"rendered":"<p> <br \/>\n<\/p>\n<div id=\"\">\n<p>O prefeito Rodrigo Cunha empossou, nesta quinta-feira (30), o Comit\u00ea Gestor do Centro de Macei\u00f3, com o objetivo de fortalecer, ordenar, requalificar e impulsionar as atividades econ\u00f4micas e urbanas da regi\u00e3o.<\/p>\n<p>\u201cO Centro de Macei\u00f3 \u00e9 um dos principais motores da nossa economia e precisa de aten\u00e7\u00e3o permanente e integrada. A cria\u00e7\u00e3o do Comit\u00ea Gestor representa um passo importante nesse sentido, ao reunir poder p\u00fablico e setor produtivo para pensar, planejar e executar a\u00e7\u00f5es de forma conjunta. Nosso objetivo \u00e9 fortalecer o com\u00e9rcio, melhorar a infraestrutura, garantir mais seguran\u00e7a e organiza\u00e7\u00e3o urbana, tornando o Centro cada vez mais atrativo para quem trabalha, empreende e circula pela regi\u00e3o. \u00c9 uma iniciativa que une esfor\u00e7os para impulsionar o desenvolvimento e valorizar ainda mais essa \u00e1rea t\u00e3o importante da cidade\u201d, afirmou o prefeito.<\/p>\n<p>O comit\u00ea ter\u00e1 como fun\u00e7\u00f5es articular institui\u00e7\u00f5es, propor medidas e acompanhar a\u00e7\u00f5es voltadas \u00e0 melhoria da infraestrutura, mobilidade, seguran\u00e7a, ordenamento urbano e fortalecimento do com\u00e9rcio, al\u00e9m de estimular o di\u00e1logo permanente entre poder p\u00fablico e setor produtivo.<\/p>\n<p>O grupo \u00e9 composto por representantes de \u00f3rg\u00e3os municipais e entidades da sociedade civil e do setor produtivo, como Fecom\u00e9rcio, Associa\u00e7\u00e3o Comercial, Alian\u00e7a Comercial, FIEA, Abrasel e Sebrae, entre outras institui\u00e7\u00f5es.<\/p>\n<p>A coordena\u00e7\u00e3o ficar\u00e1 a cargo da Secretaria Extraordin\u00e1ria de Ind\u00fastria, Com\u00e9rcio e Servi\u00e7os (Seminc), respons\u00e1vel pela convoca\u00e7\u00e3o das reuni\u00f5es e organiza\u00e7\u00e3o dos trabalhos. A participa\u00e7\u00e3o no comit\u00ea \u00e9 considerada servi\u00e7o p\u00fablico relevante e n\u00e3o ser\u00e1 remunerada.<\/p>\n<p>O evento contou com a presen\u00e7a do presidente da C\u00e2mara de Vereadores, Chico Filho e do secret\u00e1rio municipal de Ind\u00fastria, Com\u00e9rcio e Servi\u00e7os, Carlos Pinheiro J\u00fanior; al\u00e9m de representantes das secretarias que comp\u00f5em o Comit\u00ea.<\/p>\n<p>A portaria que institui o Comit\u00ea Gestor j\u00e1 foi publicada no Di\u00e1rio Oficial do Munic\u00edpio, no dia 13 de abri. Confira <a href=\"https:\/\/cdnpm.dhost.cloud\/imagens\/publicado_119990_2026-04-13_7f5b77f8902f5418bc1eb13031f52175.pdf\" site=\"1\">aqui.<\/a><\/p>\n<div class=\"gallery-item\">\n<div class=\"gallery-block masonry\">\n<div class=\"masonry-brick\">\n<a data-fancybox=\"gallery\" href=\"https:\/\/cdnpm.dhost.cloud\/imagens\/30-04-26-Posse-Do-Comite-Gestor-do-Centro-De-Maceio-Rodrigo-Cunha-Foto-Felipe-Sostenes-86.jpg\" class=\"masonry-content\"><br \/>\n<img decoding=\"async\" src=\"https:\/\/maceio.al.gov.br\/transform\/imagens\/_206x160_crop_center-center_none\/30-04-26-Posse-Do-Comite-Gestor-do-Centro-De-Maceio-Rodrigo-Cunha-Foto-Felipe-Sostenes-86.jpg\" alt=\"\"\/><br \/>\n<\/a><\/div>\n<div class=\"masonry-brick\">\n<a data-fancybox=\"gallery\" href=\"https:\/\/cdnpm.dhost.cloud\/imagens\/30-04-26-Posse-Do-Comite-Gestor-do-Centro-De-Maceio-Rodrigo-Cunha-Foto-Felipe-Sostenes-7.jpg\" class=\"masonry-content\"><br \/>\n<img decoding=\"async\" src=\"https:\/\/maceio.al.gov.br\/transform\/imagens\/_206x160_crop_center-center_none\/30-04-26-Posse-Do-Comite-Gestor-do-Centro-De-Maceio-Rodrigo-Cunha-Foto-Felipe-Sostenes-7.jpg\" alt=\"\"\/><br \/>\n<\/a><\/div>\n<\/div>\n<p><span class=\"gallery-item__legend\">Fotos: Felipe Sostenes\/Secom Macei\u00f3<\/span><\/div>\n<div class=\"gabinate\">\n<a href=\"https:\/\/maceio.al.gov.br\/secretarias-e-orgaos\/seminc\">SEMINC<\/a><\/p>\n<h2>Secretaria Extraordin\u00e1ria de Ind\u00fastria, Com\u00e9rcio e Servi\u00e7os<\/h2>\n<p><span><\/p>\n<p>Avenida Paulo Falc\u00e3o, 1589, Jatiuca, Macei\u00f3 AL, 57036-390<\/p>\n<p><\/span><\/div>\n<\/div>\n<p><script async defer crossorigin=\"anonymous\" src=\"https:\/\/connect.facebook.net\/pt_BR\/sdk.js#xfbml=1&#038;version=v12.0\" nonce=\"0pFl3y7T\"><\/script><br \/>\n<br \/><br \/>\n<br \/><a href=\"https:\/\/maceio.al.gov.br\/noticias\/seminc\/prefeito-rodrigo-cunha-institui-comite-gestor-do-centro-de-maceio\">Prefeitura de Macei\u00f3 <\/a><\/p>\n","protected":false},"excerpt":{"rendered":"<p>O prefeito Rodrigo Cunha empossou, nesta quinta-feira (30), o Comit\u00ea Gestor do Centro de Macei\u00f3, com o objetivo de fortalecer, ordenar, requalificar e impulsionar as atividades econ\u00f4micas e urbanas da regi\u00e3o. \u201cO Centro de Macei\u00f3 \u00e9 um dos principais motores da nossa economia e precisa de aten\u00e7\u00e3o permanente e integrada. A cria\u00e7\u00e3o do Comit\u00ea Gestor [&hellip;]<\/p>\n","protected":false},"author":1,"featured_media":28898,"comment_status":"closed","ping_status":"","sticky":false,"template":"","format":"standard","meta":{"footnotes":""},"categories":[9],"tags":[],"class_list":["post-28897","post","type-post","status-publish","format-standard","has-post-thumbnail","hentry","category-maceio"],"_links":{"self":[{"href":"https:\/\/diarioalagoas.com.br\/index.php?rest_route=\/wp\/v2\/posts\/28897","targetHints":{"allow":["GET"]}}],"collection":[{"href":"https:\/\/diarioalagoas.com.br\/index.php?rest_route=\/wp\/v2\/posts"}],"about":[{"href":"https:\/\/diarioalagoas.com.br\/index.php?rest_route=\/wp\/v2\/types\/post"}],"author":[{"embeddable":true,"href":"https:\/\/diarioalagoas.com.br\/index.php?rest_route=\/wp\/v2\/users\/1"}],"replies":[{"embeddable":true,"href":"https:\/\/diarioalagoas.com.br\/index.php?rest_route=%2Fwp%2Fv2%2Fcomments&post=28897"}],"version-history":[{"count":0,"href":"https:\/\/diarioalagoas.com.br\/index.php?rest_route=\/wp\/v2\/posts\/28897\/revisions"}],"wp:featuredmedia":[{"embeddable":true,"href":"https:\/\/diarioalagoas.com.br\/index.php?rest_route=\/wp\/v2\/media\/28898"}],"wp:attachment":[{"href":"https:\/\/diarioalagoas.com.br\/index.php?rest_route=%2Fwp%2Fv2%2Fmedia&parent=28897"}],"wp:term":[{"taxonomy":"category","embeddable":true,"href":"https:\/\/diarioalagoas.com.br\/index.php?rest_route=%2Fwp%2Fv2%2Fcategories&post=28897"},{"taxonomy":"post_tag","embeddable":true,"href":"https:\/\/diarioalagoas.com.br\/index.php?rest_route=%2Fwp%2Fv2%2Ftags&post=28897"}],"curies":[{"name":"wp","href":"https:\/\/api.w.org\/{rel}","templated":true}]}}