{"id":28905,"date":"2026-04-30T23:46:50","date_gmt":"2026-05-01T02:46:50","guid":{"rendered":"https:\/\/diarioalagoas.com.br\/?p=28905"},"modified":"2026-04-30T23:46:50","modified_gmt":"2026-05-01T02:46:50","slug":"prefeitura-de-maceio-prefeitura-mantem-abastecimento-de","status":"publish","type":"post","link":"https:\/\/diarioalagoas.com.br\/?p=28905","title":{"rendered":"Prefeitura de Macei\u00f3 | Prefeitura mant\u00e9m abastecimento de\u2026"},"content":{"rendered":"<p> <br \/>\n<\/p>\n<div id=\"\">\n<p class=\"text-justify\"><span>Garantir o acesso cont\u00ednuo da popula\u00e7\u00e3o aos medicamentos e insumos \u00e9 uma das prioridades da Prefeitura de Macei\u00f3. Com o trabalho executado pela Secretaria Municipal de Sa\u00fade (SMS), por meio de investimentos em planejamento, log\u00edstica e gest\u00e3o da Assist\u00eancia Farmac\u00eautica, o munic\u00edpio vem mantendo n\u00edveis elevados de abastecimento nas farm\u00e1cias da rede p\u00fablica municipal, desde 2023, assegurando mais efici\u00eancia no atendimento e seguran\u00e7a aos usu\u00e1rios do Sistema \u00danico de Sa\u00fade (SUS).<\/span><\/p>\n<p class=\"text-justify\"><span>Em Macei\u00f3, as farm\u00e1cias vinculadas \u00e0 SMS s\u00e3o respons\u00e1veis pelo atendimento direto aos usu\u00e1rios da rede p\u00fablica. O funcionamento eficiente contribui de forma direta para a promo\u00e7\u00e3o, prote\u00e7\u00e3o e recupera\u00e7\u00e3o da sa\u00fade, al\u00e9m de impactar positivamente na qualidade de vida da popula\u00e7\u00e3o.<\/span><\/p>\n<p class=\"text-justify\"><span>De acordo com par\u00e2metros recomendados por organismos internacionais, como a Organiza\u00e7\u00e3o Pan-Americana da Sa\u00fade (Opas), pelo menos 95% dos medicamentos padronizados devem estar dispon\u00edveis nas unidades de sa\u00fade, \u00edndice considerado ideal para assegurar efici\u00eancia assistencial e seguran\u00e7a no cuidado aos pacientes.<\/span><\/p>\n<p><span>\u201cMacei\u00f3 vem mantendo n\u00edveis elevados de abastecimento de forma cont\u00ednua desde 2023, quando o indicador passou a superar o par\u00e2metro de 95%, permanecendo est\u00e1vel ao longo de 2024, 2025 e at\u00e9 o m\u00eas atual de 2026&#8243;, <\/span>destacou o coordenador de Farm\u00e1cia e Bioqu\u00edmica da SMS, Paulo Anderson Silva.<\/p>\n<p><span>E completou: &#8220;Essa const\u00e2ncia demonstra a consolida\u00e7\u00e3o de processos mais eficientes de planejamento, aquisi\u00e7\u00e3o e distribui\u00e7\u00e3o, garantindo regularidade no fornecimento de medicamentos \u00e0s farm\u00e1cias da rede municipal\u201d.<\/span><\/p>\n<p><span><strong>Benef\u00edcios do alto n\u00edvel de abastecimento<\/strong><\/span><\/p>\n<p><span>O abastecimento adequado de medicamentos e insumos \u00e9 considerado um dos pilares fundamentais da sa\u00fade p\u00fablica da capital alagoana. Na assist\u00eancia farmac\u00eautica, o processo envolve desde a sele\u00e7\u00e3o e a aquisi\u00e7\u00e3o, at\u00e9 a distribui\u00e7\u00e3o e a dispensa\u00e7\u00e3o dos medicamentos, garantindo que os tratamentos necess\u00e1rios estejam dispon\u00edveis \u00e0 popula\u00e7\u00e3o de forma cont\u00ednua e segura.<\/span><\/p>\n<p class=\"text-justify\"><span>Al\u00e9m de evitar interrup\u00e7\u00f5es em tratamentos, especialmente os de uso cont\u00ednuo, o alto n\u00edvel de abastecimento fortalece a capacidade de resposta das unidades de sa\u00fade. Com isso, os profissionais conseguem atender a popula\u00e7\u00e3o com mais resolutividade, reduzindo situa\u00e7\u00f5es de desassist\u00eancia e ampliando a confian\u00e7a dos usu\u00e1rios no sistema p\u00fablico de sa\u00fade.<\/span><\/p>\n<p class=\"text-justify\"><span>Outro benef\u00edcio importante \u00e9 o uso mais eficiente dos recursos p\u00fablicos. A manuten\u00e7\u00e3o de estoques adequados reduz a necessidade de compras emergenciais e minimiza desperd\u00edcios, contribuindo para uma administra\u00e7\u00e3o mais organizada e sustent\u00e1vel.<\/span><\/p>\n<p class=\"text-justify\"><span>\u201cA evolu\u00e7\u00e3o dos indicadores ao longo dos \u00faltimos anos demonstra que investimentos cont\u00ednuos em gest\u00e3o e log\u00edstica t\u00eam transformado a realidade da Assist\u00eancia Farmac\u00eautica em Macei\u00f3. Mais do que um resultado t\u00e9cnico, a manuten\u00e7\u00e3o desse patamar elevado de abastecimento representa o compromisso permanente da Secretaria Municipal de Sa\u00fade com a qualidade da assist\u00eancia e com o cuidado \u00e0 popula\u00e7\u00e3o maceioense\u201d, finalizou o coordenador.<\/span><\/p>\n<div class=\"gabinate\">\n<a href=\"https:\/\/maceio.al.gov.br\/secretarias-e-orgaos\/sms\">SMS<\/a><\/p>\n<h2>Secretaria Municipal de Sa\u00fade<\/h2>\n<p><span><\/p>\n<p>Rua Dias Cabral, 569 &#8211; Centro<br \/>CEP 57020-250 \/\/ Telefone: 82 3312-5400<br \/>Hor\u00e1rio de atendimento: segunda a sexta, de 8h \u00e0s 14h.<\/p>\n<p><\/span><\/div>\n<\/div>\n<p><script async defer crossorigin=\"anonymous\" src=\"https:\/\/connect.facebook.net\/pt_BR\/sdk.js#xfbml=1&#038;version=v12.0\" nonce=\"0pFl3y7T\"><\/script><br \/>\n<br \/><br \/>\n<br \/><a href=\"https:\/\/maceio.al.gov.br\/noticias\/sms\/prefeitura-mantem-abastecimento-de-medicamentos-acima-de-95-desde-2023\">Prefeitura de Macei\u00f3 <\/a><\/p>\n","protected":false},"excerpt":{"rendered":"<p>Garantir o acesso cont\u00ednuo da popula\u00e7\u00e3o aos medicamentos e insumos \u00e9 uma das prioridades da Prefeitura de Macei\u00f3. Com o trabalho executado pela Secretaria Municipal de Sa\u00fade (SMS), por meio de investimentos em planejamento, log\u00edstica e gest\u00e3o da Assist\u00eancia Farmac\u00eautica, o munic\u00edpio vem mantendo n\u00edveis elevados de abastecimento nas farm\u00e1cias da rede p\u00fablica municipal, desde [&hellip;]<\/p>\n","protected":false},"author":1,"featured_media":28906,"comment_status":"closed","ping_status":"","sticky":false,"template":"","format":"standard","meta":{"footnotes":""},"categories":[9],"tags":[],"class_list":["post-28905","post","type-post","status-publish","format-standard","has-post-thumbnail","hentry","category-maceio"],"_links":{"self":[{"href":"https:\/\/diarioalagoas.com.br\/index.php?rest_route=\/wp\/v2\/posts\/28905","targetHints":{"allow":["GET"]}}],"collection":[{"href":"https:\/\/diarioalagoas.com.br\/index.php?rest_route=\/wp\/v2\/posts"}],"about":[{"href":"https:\/\/diarioalagoas.com.br\/index.php?rest_route=\/wp\/v2\/types\/post"}],"author":[{"embeddable":true,"href":"https:\/\/diarioalagoas.com.br\/index.php?rest_route=\/wp\/v2\/users\/1"}],"replies":[{"embeddable":true,"href":"https:\/\/diarioalagoas.com.br\/index.php?rest_route=%2Fwp%2Fv2%2Fcomments&post=28905"}],"version-history":[{"count":0,"href":"https:\/\/diarioalagoas.com.br\/index.php?rest_route=\/wp\/v2\/posts\/28905\/revisions"}],"wp:featuredmedia":[{"embeddable":true,"href":"https:\/\/diarioalagoas.com.br\/index.php?rest_route=\/wp\/v2\/media\/28906"}],"wp:attachment":[{"href":"https:\/\/diarioalagoas.com.br\/index.php?rest_route=%2Fwp%2Fv2%2Fmedia&parent=28905"}],"wp:term":[{"taxonomy":"category","embeddable":true,"href":"https:\/\/diarioalagoas.com.br\/index.php?rest_route=%2Fwp%2Fv2%2Fcategories&post=28905"},{"taxonomy":"post_tag","embeddable":true,"href":"https:\/\/diarioalagoas.com.br\/index.php?rest_route=%2Fwp%2Fv2%2Ftags&post=28905"}],"curies":[{"name":"wp","href":"https:\/\/api.w.org\/{rel}","templated":true}]}}