{"id":28913,"date":"2026-05-01T03:48:23","date_gmt":"2026-05-01T06:48:23","guid":{"rendered":"https:\/\/diarioalagoas.com.br\/?p=28913"},"modified":"2026-05-01T03:48:23","modified_gmt":"2026-05-01T06:48:23","slug":"prefeitura-de-maceio-escola-municipal-maria-cecilia-pontes-carnauba","status":"publish","type":"post","link":"https:\/\/diarioalagoas.com.br\/?p=28913","title":{"rendered":"Prefeitura de Macei\u00f3 | Escola Municipal Maria Cec\u00edlia Pontes Carna\u00faba\u2026"},"content":{"rendered":"<p> <br \/>\n<\/p>\n<div id=\"\">\n<p>A Escola Municipal Maria Cec\u00edlia Pontes Carna\u00faba foi palco, na \u00faltima quarta-feira (29) de uma a\u00e7\u00e3o de educa\u00e7\u00e3o ambiental voltada para a valoriza\u00e7\u00e3o do bioma Caatinga. A atividade faz parte do calend\u00e1rio ecol\u00f3gico do projeto Semanas de Sensibiliza\u00e7\u00e3o, que integra a agenda ambiental desenvolvida pela Secretaria de Educa\u00e7\u00e3o de Macei\u00f3 (Semed).<\/p>\n<p>O objetivo da iniciativa foi conscientizar os estudantes sobre a import\u00e2ncia da Caatinga, um bioma muitas vezes associado apenas \u00e0 seca e \u00e0 escassez de \u00e1gua, mas que possui uma biodiversidade significativa. A mobiliza\u00e7\u00e3o tamb\u00e9m marcou as atividades em alus\u00e3o ao Dia da Caatinga, comemorado no \u00faltimo dia 28 de abril.<\/p>\n<p>De acordo com a coordenadora-t\u00e9cnica de Educa\u00e7\u00e3o Ambiental, Christianne Rodrigues, a proposta foi aproximar os alunos da realidade do bioma presente no estado. \u201cEstamos realizando mais um dia de mobiliza\u00e7\u00e3o dentro da nossa agenda ambiental. A comemora\u00e7\u00e3o \u00e9 em torno do Dia da Caatinga e trouxemos atividades para sensibilizar os estudantes, para que conhe\u00e7am melhor esse bioma t\u00e3o importante para o nosso estado\u201d, destacou.<\/p>\n<p>Durante a programa\u00e7\u00e3o, os estudantes participaram de uma s\u00e9rie de atividades educativas, incluindo palestras, oficinas tem\u00e1ticas e exibi\u00e7\u00e3o de v\u00eddeos educativos. Entre os conte\u00fados abordados estavam os anf\u00edbios, r\u00e9pteis, aves e plantas t\u00edpicas da Caatinga, al\u00e9m dos usos medicinais de algumas esp\u00e9cies da flora.<\/p>\n<p>Ao todo, cinco salas funcionaram simultaneamente, permitindo que todos os alunos da escola desde a Educa\u00e7\u00e3o Infantil at\u00e9 o 5\u00ba ano do Ensino Fundamental participassem das atividades. Cada turma teve acesso a duas oficinas diferentes, promovendo uma experi\u00eancia din\u00e2mica e interativa sobre a biodiversidade do bioma.<\/p>\n<p>A a\u00e7\u00e3o contou com a participa\u00e7\u00e3o da equipe da Coordena\u00e7\u00e3o T\u00e9cnica de Educa\u00e7\u00e3o Ambiental e teve parcerias importantes, como a Universidade Federal de Alagoas, por meio do projeto Mitos e Verdades: Serpentes e Anf\u00edbios, al\u00e9m do projeto Mar \u00e0 Vista, respons\u00e1vel pela exibi\u00e7\u00e3o de um filme educativo produzido especialmente sobre o bioma Caatinga.<\/p>\n<p>A iniciativa tamb\u00e9m despertou o interesse dos estudantes. O aluno Andrei Gohan, do 5\u00ba ano B, aprovou a atividade e destacou o aprendizado adquirido. \u201cFoi uma das primeiras aulas que eu gostei realmente aqui na escola. N\u00e3o foi s\u00f3 escrever, a gente aprendeu sobre os animais e a biodiversidade. Achei interessante entender como cada ser vivo tem uma fun\u00e7\u00e3o diferente\u201d, contou.<\/p>\n<p>A a\u00e7\u00e3o mostra a import\u00e2ncia da educa\u00e7\u00e3o ambiental no ambiente escolar e contribui para que crian\u00e7as e jovens reconhe\u00e7am o valor da Caatinga, considerada um dos poucos biomas exclusivamente brasileiros e presente em nove estados do Nordeste, incluindo Alagoas.<\/p>\n<div class=\"gabinate\">\n<a href=\"https:\/\/maceio.al.gov.br\/secretarias-e-orgaos\/semed\">SEMED<\/a><\/p>\n<h2>Secretaria Municipal de Educa\u00e7\u00e3o<\/h2>\n<p><span><\/p>\n<p>Rua General Hermes, 1199 &#8211; Cambona<br \/>CEP 57017-201 \/\/ Telefone: (82) 3312-5608<br \/>Hor\u00e1rio de atendimento: segunda a sexta, de 8h \u00e0s 14h.<\/p>\n<p><\/span><\/div>\n<\/div>\n<p><script async defer crossorigin=\"anonymous\" src=\"https:\/\/connect.facebook.net\/pt_BR\/sdk.js#xfbml=1&#038;version=v12.0\" nonce=\"0pFl3y7T\"><\/script><br \/>\n<br \/><br \/>\n<br \/><a href=\"https:\/\/maceio.al.gov.br\/noticias\/semed\/escola-municipal-maria-cecilia-pontes-carnauba-promove-acao-educativa-para-valorizar-a-caatinga\">Prefeitura de Macei\u00f3 <\/a><\/p>\n","protected":false},"excerpt":{"rendered":"<p>A Escola Municipal Maria Cec\u00edlia Pontes Carna\u00faba foi palco, na \u00faltima quarta-feira (29) de uma a\u00e7\u00e3o de educa\u00e7\u00e3o ambiental voltada para a valoriza\u00e7\u00e3o do bioma Caatinga. A atividade faz parte do calend\u00e1rio ecol\u00f3gico do projeto Semanas de Sensibiliza\u00e7\u00e3o, que integra a agenda ambiental desenvolvida pela Secretaria de Educa\u00e7\u00e3o de Macei\u00f3 (Semed). O objetivo da iniciativa [&hellip;]<\/p>\n","protected":false},"author":1,"featured_media":28914,"comment_status":"closed","ping_status":"","sticky":false,"template":"","format":"standard","meta":{"footnotes":""},"categories":[9],"tags":[],"class_list":["post-28913","post","type-post","status-publish","format-standard","has-post-thumbnail","hentry","category-maceio"],"_links":{"self":[{"href":"https:\/\/diarioalagoas.com.br\/index.php?rest_route=\/wp\/v2\/posts\/28913","targetHints":{"allow":["GET"]}}],"collection":[{"href":"https:\/\/diarioalagoas.com.br\/index.php?rest_route=\/wp\/v2\/posts"}],"about":[{"href":"https:\/\/diarioalagoas.com.br\/index.php?rest_route=\/wp\/v2\/types\/post"}],"author":[{"embeddable":true,"href":"https:\/\/diarioalagoas.com.br\/index.php?rest_route=\/wp\/v2\/users\/1"}],"replies":[{"embeddable":true,"href":"https:\/\/diarioalagoas.com.br\/index.php?rest_route=%2Fwp%2Fv2%2Fcomments&post=28913"}],"version-history":[{"count":0,"href":"https:\/\/diarioalagoas.com.br\/index.php?rest_route=\/wp\/v2\/posts\/28913\/revisions"}],"wp:featuredmedia":[{"embeddable":true,"href":"https:\/\/diarioalagoas.com.br\/index.php?rest_route=\/wp\/v2\/media\/28914"}],"wp:attachment":[{"href":"https:\/\/diarioalagoas.com.br\/index.php?rest_route=%2Fwp%2Fv2%2Fmedia&parent=28913"}],"wp:term":[{"taxonomy":"category","embeddable":true,"href":"https:\/\/diarioalagoas.com.br\/index.php?rest_route=%2Fwp%2Fv2%2Fcategories&post=28913"},{"taxonomy":"post_tag","embeddable":true,"href":"https:\/\/diarioalagoas.com.br\/index.php?rest_route=%2Fwp%2Fv2%2Ftags&post=28913"}],"curies":[{"name":"wp","href":"https:\/\/api.w.org\/{rel}","templated":true}]}}