{"id":28933,"date":"2026-05-01T15:11:23","date_gmt":"2026-05-01T18:11:23","guid":{"rendered":"https:\/\/diarioalagoas.com.br\/?p=28933"},"modified":"2026-05-01T15:11:23","modified_gmt":"2026-05-01T18:11:23","slug":"brasil-tem-menor-numero-de-homicidios-e-latrocinios-em-dez-anos","status":"publish","type":"post","link":"https:\/\/diarioalagoas.com.br\/?p=28933","title":{"rendered":"Brasil tem menor n\u00famero de homic\u00eddios e latroc\u00ednios em dez anos"},"content":{"rendered":"<p> <br \/>\n<\/p>\n<div>\n<p><strong>O Brasil registrou, no primeiro trimestre de 2026, o menor n\u00famero de homic\u00eddios dolosos e latroc\u00ednios (roubos seguidos de morte) dos \u00faltimos dez anos para o per\u00edodo de janeiro a mar\u00e7o. <\/strong><img decoding=\"async\" src=\"https:\/\/agenciabrasil.ebc.com.br\/ebc.png?id=1688111&amp;o=node\" style=\"width:1px; height:1px; display:inline;\"\/><img decoding=\"async\" src=\"https:\/\/agenciabrasil.ebc.com.br\/ebc.gif?id=1688111&amp;o=node\" style=\"width:1px; height:1px; display:inline;\"\/><\/p>\n<p>Os dados foram divulgados pelo Minist\u00e9rio da Justi\u00e7a e Seguran\u00e7a P\u00fablica (MJSP), com base no Sistema Nacional de Informa\u00e7\u00f5es de Seguran\u00e7a P\u00fablica.<\/p>\n<p>De acordo com o levantamento, <strong>a redu\u00e7\u00e3o dos crimes letais consolida uma tend\u00eancia de queda ao longo da \u00faltima d\u00e9cada e indica avan\u00e7o na atua\u00e7\u00e3o das for\u00e7as de seguran\u00e7a.<\/strong><\/p>\n<p>Principais n\u00fameros do levantamento:<\/p>\n<ul>\n<li>Homic\u00eddios dolosos: 7.289 casos em 2026, ante 12.719 em 2016 (queda de 42,7%);<\/li>\n<li>Latroc\u00ednios: 160 registros em 2026, contra 591 em 2016 (redu\u00e7\u00e3o de 72,9%).<\/li>\n<\/ul>\n<p><strong>A s\u00e9rie hist\u00f3rica indica que o resultado atual \u00e9 o melhor da d\u00e9cada para o primeiro trimestre.<\/strong><\/p>\n<p>Para o ministro da Justi\u00e7a e Seguran\u00e7a P\u00fablica, Wellington C\u00e9sar Lima e Silva, os <strong>n\u00fameros refletem mudan\u00e7as na estrat\u00e9gia de enfrentamento \u00e0 criminalidade, com maior integra\u00e7\u00e3o entre for\u00e7as de seguran\u00e7a, uso intensivo de intelig\u00eancia e atua\u00e7\u00e3o coordenada em todo o pa\u00eds.<\/strong><\/p>\n<p>O levantamento tamb\u00e9m comparou a evolu\u00e7\u00e3o dos homic\u00eddios nos \u00faltimos quatro anos, com as seguintes quedas:<\/p>\n<ul>\n<li>Homic\u00eddios (2022\u20132026): recuo de 9.714 para 7.289 (-25%);<\/li>\n<li>Latroc\u00ednios (2022\u20132026): queda de 308 para 160 (-48,1%).<\/li>\n<\/ul>\n<p>Al\u00e9m da queda nos crimes letais, o <strong>relat\u00f3rio aponta aumento na atua\u00e7\u00e3o das for\u00e7as de seguran\u00e7a:<\/strong><\/p>\n<ul>\n<li>Mandados de pris\u00e3o cumpridos: 72.965 em 2026, ante 53.212 em 2022 (alta de 37,1%)<\/li>\n<\/ul>\n<p>Segundo o secret\u00e1rio nacional de Seguran\u00e7a P\u00fablica, Chico Lucas, o aumento de investimentos tamb\u00e9m contribuiu para os resultados.<\/p>\n<p><strong>O Fundo Nacional de Seguran\u00e7a P\u00fablica passou de R$ 970,7 milh\u00f5es no bi\u00eanio 2021\u20132022 para R$ 1,76 bilh\u00e3o em 2023\u20132024, alta de 80,9%, com aplica\u00e7\u00e3o em tecnologia, equipamentos, per\u00edcia e forma\u00e7\u00e3o policial.<\/strong><\/p>\n<p>De acordo com Minist\u00e9rio da Justi\u00e7a e Seguran\u00e7a P\u00fablica, a estrat\u00e9gia atual prioriza a integra\u00e7\u00e3o entre Uni\u00e3o e estados, o uso de dados para orientar opera\u00e7\u00f5es e o combate \u00e0s estruturas financeiras do crime organizado.<\/p>\n<p>      <!-- Relacionada --><\/p>\n<p>            <!-- Relacionada -->\n    <\/div>\n<p><br \/>\n<br \/><a href=\"https:\/\/agenciabrasil.ebc.com.br\/geral\/noticia\/2026-05\/brasil-tem-menor-numero-de-homicidios-e-latrocinios-em-dez-anos\">Ag\u00eancia Brasil<\/a><\/p>\n","protected":false},"excerpt":{"rendered":"<p>O Brasil registrou, no primeiro trimestre de 2026, o menor n\u00famero de homic\u00eddios dolosos e latroc\u00ednios (roubos seguidos de morte) dos \u00faltimos dez anos para o per\u00edodo de janeiro a mar\u00e7o. Os dados foram divulgados pelo Minist\u00e9rio da Justi\u00e7a e Seguran\u00e7a P\u00fablica (MJSP), com base no Sistema Nacional de Informa\u00e7\u00f5es de Seguran\u00e7a P\u00fablica. De acordo [&hellip;]<\/p>\n","protected":false},"author":1,"featured_media":28934,"comment_status":"closed","ping_status":"","sticky":false,"template":"","format":"standard","meta":{"footnotes":""},"categories":[15],"tags":[],"class_list":["post-28933","post","type-post","status-publish","format-standard","has-post-thumbnail","hentry","category-geral"],"_links":{"self":[{"href":"https:\/\/diarioalagoas.com.br\/index.php?rest_route=\/wp\/v2\/posts\/28933","targetHints":{"allow":["GET"]}}],"collection":[{"href":"https:\/\/diarioalagoas.com.br\/index.php?rest_route=\/wp\/v2\/posts"}],"about":[{"href":"https:\/\/diarioalagoas.com.br\/index.php?rest_route=\/wp\/v2\/types\/post"}],"author":[{"embeddable":true,"href":"https:\/\/diarioalagoas.com.br\/index.php?rest_route=\/wp\/v2\/users\/1"}],"replies":[{"embeddable":true,"href":"https:\/\/diarioalagoas.com.br\/index.php?rest_route=%2Fwp%2Fv2%2Fcomments&post=28933"}],"version-history":[{"count":0,"href":"https:\/\/diarioalagoas.com.br\/index.php?rest_route=\/wp\/v2\/posts\/28933\/revisions"}],"wp:featuredmedia":[{"embeddable":true,"href":"https:\/\/diarioalagoas.com.br\/index.php?rest_route=\/wp\/v2\/media\/28934"}],"wp:attachment":[{"href":"https:\/\/diarioalagoas.com.br\/index.php?rest_route=%2Fwp%2Fv2%2Fmedia&parent=28933"}],"wp:term":[{"taxonomy":"category","embeddable":true,"href":"https:\/\/diarioalagoas.com.br\/index.php?rest_route=%2Fwp%2Fv2%2Fcategories&post=28933"},{"taxonomy":"post_tag","embeddable":true,"href":"https:\/\/diarioalagoas.com.br\/index.php?rest_route=%2Fwp%2Fv2%2Ftags&post=28933"}],"curies":[{"name":"wp","href":"https:\/\/api.w.org\/{rel}","templated":true}]}}