{"id":28935,"date":"2026-05-01T15:53:02","date_gmt":"2026-05-01T18:53:02","guid":{"rendered":"https:\/\/diarioalagoas.com.br\/?p=28935"},"modified":"2026-05-01T15:53:02","modified_gmt":"2026-05-01T18:53:02","slug":"cirurgia-no-ombro-de-bolsonaro-ocorreu-sem-intercorrencias-diz-equipe","status":"publish","type":"post","link":"https:\/\/diarioalagoas.com.br\/?p=28935","title":{"rendered":"Cirurgia no ombro de Bolsonaro ocorreu sem intercorr\u00eancias, diz equipe"},"content":{"rendered":"<p> <br \/>\n<\/p>\n<div>\n<p><strong>Ap\u00f3s passar por uma cirurgia no ombro, o ex-presidente Jair Bolsonaro est\u00e1 em observa\u00e7\u00e3o na unidade de terapia intensiva. Bolsonaro foi internado na manh\u00e3 desta sexta-feira (1\u00ba), no hospital DF Star, em Bras\u00edlia, para realizar o procedimento.\u00a0<\/strong><img decoding=\"async\" src=\"https:\/\/agenciabrasil.ebc.com.br\/ebc.png?id=1688113&amp;o=node\" style=\"width:1px; height:1px; display:inline;\"\/><img decoding=\"async\" src=\"https:\/\/agenciabrasil.ebc.com.br\/ebc.gif?id=1688113&amp;o=node\" style=\"width:1px; height:1px; display:inline;\"\/><\/p>\n<p>No boletim m\u00e9dico divulgado por volta das 14h, a equipe m\u00e9dica informou que Bolsonaro foi submetido a cirurgia de reparo artrosc\u00f3pico do manguito rotador \u00e0 direita. <strong>A opera\u00e7\u00e3o ocorreu sem intercorr\u00eancias.<\/strong><\/p>\n<blockquote>\n<p>\u201cNo momento, encontra-se internado em unidade de interna\u00e7\u00e3o para controle de dor e observa\u00e7\u00e3o cl\u00ednica&#8221; diz o boletim.<\/p>\n<\/blockquote>\n<p>A equipe m\u00e9dica que acompanha o ex-presidente \u00e9 formada pelo ortopedista Alexandre Firmino Paniago &#8211; cirurgi\u00e3o de ombro; Claudio Birolini &#8211; cirurgi\u00e3o geral; Leandro Echenique e Brasil Caiado &#8211; cardiologistas e Allisson B. Barcelos Borges &#8211; diretor geral do hospital.<\/p>\n<p><strong>A autoriza\u00e7\u00e3o da cirurgia foi concedida pelo ministro Alexandre de Moraes, do Supremo Tribunal Federal (STF), ap\u00f3s uma <a href=\"https:\/\/agenciabrasil.ebc.com.br\/justica\/noticia\/2026-04\/pgr-da-aval-para-bolsonaro-fazer-cirurgia-no-ombro\">manifesta\u00e7\u00e3o favor\u00e1vel<\/a> do procurador-geral da Rep\u00fablica, Paulo Gonet.<\/strong><\/p>\n<p>Os exames e o relat\u00f3rio fisioterap\u00eautico anexados ao processo indicavam a necessidade da cirurgia para repara\u00e7\u00e3o de les\u00f5es na regi\u00e3o do ombro.<\/p>\n<p>Por decis\u00e3o do ministro, de 24 de mar\u00e7o, Bolsonaro est\u00e1 em pris\u00e3o domiciliar humanit\u00e1ria, ap\u00f3s deixar o mesmo hospital privado da capital federal, onde esteve internado para tratar um quadro de pneumonia bacteriana.<\/p>\n<p>O ex-presidente <a href=\"https:\/\/agenciabrasil.ebc.com.br\/justica\/noticia\/2025-09\/stf-condena-bolsonaro-27-anos-e-tres-meses-de-prisao\">foi condenado<\/a> pela Primeira Turma do Supremo Tribunal Federal (STF), em setembro de 2025, a 27 anos e 3 meses de pris\u00e3o na a\u00e7\u00e3o penal da trama golpista.<\/p>\n<p>      <!-- Relacionada --><\/p>\n<p>            <!-- Relacionada -->\n    <\/div>\n<p><br \/>\n<br \/><a href=\"https:\/\/agenciabrasil.ebc.com.br\/politica\/noticia\/2026-05\/cirurgia-no-ombro-de-bolsonaro-ocorreu-sem-intercorrencias-diz-equipe\">Ag\u00eancia Brasil <\/a><\/p>\n","protected":false},"excerpt":{"rendered":"<p>Ap\u00f3s passar por uma cirurgia no ombro, o ex-presidente Jair Bolsonaro est\u00e1 em observa\u00e7\u00e3o na unidade de terapia intensiva. Bolsonaro foi internado na manh\u00e3 desta sexta-feira (1\u00ba), no hospital DF Star, em Bras\u00edlia, para realizar o procedimento.\u00a0 No boletim m\u00e9dico divulgado por volta das 14h, a equipe m\u00e9dica informou que Bolsonaro foi submetido a cirurgia [&hellip;]<\/p>\n","protected":false},"author":1,"featured_media":28936,"comment_status":"closed","ping_status":"","sticky":false,"template":"","format":"standard","meta":{"footnotes":""},"categories":[10],"tags":[],"class_list":["post-28935","post","type-post","status-publish","format-standard","has-post-thumbnail","hentry","category-politica"],"_links":{"self":[{"href":"https:\/\/diarioalagoas.com.br\/index.php?rest_route=\/wp\/v2\/posts\/28935","targetHints":{"allow":["GET"]}}],"collection":[{"href":"https:\/\/diarioalagoas.com.br\/index.php?rest_route=\/wp\/v2\/posts"}],"about":[{"href":"https:\/\/diarioalagoas.com.br\/index.php?rest_route=\/wp\/v2\/types\/post"}],"author":[{"embeddable":true,"href":"https:\/\/diarioalagoas.com.br\/index.php?rest_route=\/wp\/v2\/users\/1"}],"replies":[{"embeddable":true,"href":"https:\/\/diarioalagoas.com.br\/index.php?rest_route=%2Fwp%2Fv2%2Fcomments&post=28935"}],"version-history":[{"count":0,"href":"https:\/\/diarioalagoas.com.br\/index.php?rest_route=\/wp\/v2\/posts\/28935\/revisions"}],"wp:featuredmedia":[{"embeddable":true,"href":"https:\/\/diarioalagoas.com.br\/index.php?rest_route=\/wp\/v2\/media\/28936"}],"wp:attachment":[{"href":"https:\/\/diarioalagoas.com.br\/index.php?rest_route=%2Fwp%2Fv2%2Fmedia&parent=28935"}],"wp:term":[{"taxonomy":"category","embeddable":true,"href":"https:\/\/diarioalagoas.com.br\/index.php?rest_route=%2Fwp%2Fv2%2Fcategories&post=28935"},{"taxonomy":"post_tag","embeddable":true,"href":"https:\/\/diarioalagoas.com.br\/index.php?rest_route=%2Fwp%2Fv2%2Ftags&post=28935"}],"curies":[{"name":"wp","href":"https:\/\/api.w.org\/{rel}","templated":true}]}}