{"id":28937,"date":"2026-05-01T15:58:14","date_gmt":"2026-05-01T18:58:14","guid":{"rendered":"https:\/\/diarioalagoas.com.br\/?p=28937"},"modified":"2026-05-01T15:58:14","modified_gmt":"2026-05-01T18:58:14","slug":"prefeitura-de-maceio-prefeitura-de-maceio-promove-cafe-da-manha","status":"publish","type":"post","link":"https:\/\/diarioalagoas.com.br\/?p=28937","title":{"rendered":"Prefeitura de Macei\u00f3 | Prefeitura de Macei\u00f3 promove caf\u00e9 da manh\u00e3\u2026"},"content":{"rendered":"<p> <br \/>\n<\/p>\n<div id=\"\">\n<p>A Prefeitura de Macei\u00f3 promoveu, na manh\u00e3 desta sexta-feira (1\u00ba), um caf\u00e9 da manh\u00e3 para ambulantes em homenagem ao Dia do Trabalhador. A iniciativa teve como objetivo valorizar os profissionais informais, fundamentais para o fortalecimento da economia e do turismo na capital.<\/p>\n<p>\u201cVoc\u00eas, que est\u00e3o presentes nas praias, feiras, eventos e em diversos pontos da nossa cidade, ajudam a movimentar o com\u00e9rcio, criando uma rede din\u00e2mica que sustenta grande parte da atividade econ\u00f4mica de Macei\u00f3. A atua\u00e7\u00e3o de voc\u00eas amplia o acesso a produtos e servi\u00e7os para turistas e moradores, contribuindo diretamente para a experi\u00eancia cultural e econ\u00f4mica da cidade\u201d, destacou o secret\u00e1rio de Seguran\u00e7a Cidad\u00e3, Thiago Prado.<\/p>\n<div class=\"single-section-box single-section-img single-box-full\">\n<figure>\n<a href=\"https:\/\/cdnpm.dhost.cloud\/imagens\/IMG_9682.jpeg\" data-fancybox=\"images\"><br \/>\n<img decoding=\"async\" src=\"https:\/\/maceio.al.gov.br\/transform\/imagens\/_845x560_crop_center-center_none\/IMG_9682.jpeg\" alt=\"O ambulante Ernandes Ferreira agradeceu. Foto: Ascom SEMSC.\"\/><br \/>\n<\/a><figcaption><small class=\"img-credits\">O ambulante Ernandes Ferreira agradeceu. Foto: Ascom SEMSC.<\/small><\/figcaption><\/figure>\n<\/div>\n<p>O ambulante Ernandes Ferreira agradeceu a homenagem e ressaltou a import\u00e2ncia do trabalho para o sustento da fam\u00edlia e a educa\u00e7\u00e3o do filho.<\/p>\n<p>\u201cGra\u00e7as \u00e0 minha concess\u00e3o como ambulante pela Prefeitura de Macei\u00f3, consegui pagar a faculdade de medicina do meu filho, e, no pr\u00f3ximo ano, com muito orgulho, ele vai se formar. Meu trabalho, com mesas e cadeiras na faixa de areia, \u00e9 essencial para garantir o sustento da minha fam\u00edlia\u201d, afirmou.<\/p>\n<p>Al\u00e9m da atua\u00e7\u00e3o di\u00e1ria, a presen\u00e7a dos ambulantes nos eventos promovidos pela Prefeitura tamb\u00e9m \u00e9 fundamental, pois garante praticidade, variedade e acesso a alimentos, bebidas e diversos produtos, al\u00e9m de fortalecer a gera\u00e7\u00e3o de renda nessas ocasi\u00f5es.<\/p>\n<div class=\"gabinate\">\n<a href=\"https:\/\/maceio.al.gov.br\/secretarias-e-orgaos\/semsc\">SEMSC<\/a><\/p>\n<h2>Secretaria Municipal de Seguran\u00e7a Cidad\u00e3<\/h2>\n<p><span><\/p>\n<p>Av. Gov. Afr\u00e2nio Lages, 297, Farol &#8211; Macei\u00f3-AL.<br \/>CEP-57050-015<br \/>Telefones: (82) 3312-5270 | (82) 3312-5277 (disque-den\u00fancia) | (82) 3312-5289 (ouvidoria) | <br \/>WhatsApp (82) 98882-8170 (eventos) <br \/>Hor\u00e1rio de atendimento: segunda a sexta, de 8h \u00e0s 14h.<br \/>Guarda Municipal: Av. Gov. Afr\u00e2nio Lages, 297, Farol &#8211; Macei\u00f3-AL.<br \/>CEP: 57014-510 \/\/ Fone: 153<\/p>\n<p><\/span><\/div>\n<\/div>\n<p><script async defer crossorigin=\"anonymous\" src=\"https:\/\/connect.facebook.net\/pt_BR\/sdk.js#xfbml=1&#038;version=v12.0\" nonce=\"0pFl3y7T\"><\/script><br \/>\n<br \/><br \/>\n<br \/><a href=\"https:\/\/maceio.al.gov.br\/noticias\/semsc\/prefeitura-de-maceio-promove-cafe-da-manha-para-ambulantes-no-dia-do-trabalhador\">Prefeitura de Macei\u00f3 <\/a><\/p>\n","protected":false},"excerpt":{"rendered":"<p>A Prefeitura de Macei\u00f3 promoveu, na manh\u00e3 desta sexta-feira (1\u00ba), um caf\u00e9 da manh\u00e3 para ambulantes em homenagem ao Dia do Trabalhador. A iniciativa teve como objetivo valorizar os profissionais informais, fundamentais para o fortalecimento da economia e do turismo na capital. \u201cVoc\u00eas, que est\u00e3o presentes nas praias, feiras, eventos e em diversos pontos da [&hellip;]<\/p>\n","protected":false},"author":1,"featured_media":28938,"comment_status":"closed","ping_status":"","sticky":false,"template":"","format":"standard","meta":{"footnotes":""},"categories":[9],"tags":[],"class_list":["post-28937","post","type-post","status-publish","format-standard","has-post-thumbnail","hentry","category-maceio"],"_links":{"self":[{"href":"https:\/\/diarioalagoas.com.br\/index.php?rest_route=\/wp\/v2\/posts\/28937","targetHints":{"allow":["GET"]}}],"collection":[{"href":"https:\/\/diarioalagoas.com.br\/index.php?rest_route=\/wp\/v2\/posts"}],"about":[{"href":"https:\/\/diarioalagoas.com.br\/index.php?rest_route=\/wp\/v2\/types\/post"}],"author":[{"embeddable":true,"href":"https:\/\/diarioalagoas.com.br\/index.php?rest_route=\/wp\/v2\/users\/1"}],"replies":[{"embeddable":true,"href":"https:\/\/diarioalagoas.com.br\/index.php?rest_route=%2Fwp%2Fv2%2Fcomments&post=28937"}],"version-history":[{"count":0,"href":"https:\/\/diarioalagoas.com.br\/index.php?rest_route=\/wp\/v2\/posts\/28937\/revisions"}],"wp:featuredmedia":[{"embeddable":true,"href":"https:\/\/diarioalagoas.com.br\/index.php?rest_route=\/wp\/v2\/media\/28938"}],"wp:attachment":[{"href":"https:\/\/diarioalagoas.com.br\/index.php?rest_route=%2Fwp%2Fv2%2Fmedia&parent=28937"}],"wp:term":[{"taxonomy":"category","embeddable":true,"href":"https:\/\/diarioalagoas.com.br\/index.php?rest_route=%2Fwp%2Fv2%2Fcategories&post=28937"},{"taxonomy":"post_tag","embeddable":true,"href":"https:\/\/diarioalagoas.com.br\/index.php?rest_route=%2Fwp%2Fv2%2Ftags&post=28937"}],"curies":[{"name":"wp","href":"https:\/\/api.w.org\/{rel}","templated":true}]}}