{"id":28943,"date":"2026-05-01T19:53:53","date_gmt":"2026-05-01T22:53:53","guid":{"rendered":"https:\/\/diarioalagoas.com.br\/?p=28943"},"modified":"2026-05-01T19:53:53","modified_gmt":"2026-05-01T22:53:53","slug":"chuvas-governo-envia-defesa-civil-para-pernambuco-e-paraiba","status":"publish","type":"post","link":"https:\/\/diarioalagoas.com.br\/?p=28943","title":{"rendered":"Chuvas: Governo envia Defesa Civil para Pernambuco e Para\u00edba"},"content":{"rendered":"<p> <br \/>\n<\/p>\n<div>\n<p><strong>Equipes da Defesa Civil Nacional se deslocaram, nesta sexta-feira (1\u00ba), para apoiar o estado de Pernambuco atingido por fortes chuvas. A decis\u00e3o foi dada pelo Governo ap\u00f3s contato com as autoridades locais. As equipes atuar\u00e3o em conjunto com as defesas civis, estaduais e municipais. A determina\u00e7\u00e3o foi anunciada mais cedo pelo presidente Luiz In\u00e1cio Lula da Silva.<\/strong><img decoding=\"async\" src=\"https:\/\/agenciabrasil.ebc.com.br\/ebc.png?id=1688161&amp;o=node\" style=\"width:1px; height:1px; display:inline;\"\/><img decoding=\"async\" src=\"https:\/\/agenciabrasil.ebc.com.br\/ebc.gif?id=1688161&amp;o=node\" style=\"width:1px; height:1px; display:inline;\"\/><\/p>\n<p>O ministro da Integra\u00e7\u00e3o e do Desenvolvimento Regional, Waldez G\u00f3es, entrou em contato com a governadora de Pernambuco, Raquel Lyra, e com o prefeito do Recife, Vitor Marques, para orientar sobre as provid\u00eancias necess\u00e1rias para o reconhecimento sum\u00e1rio da situa\u00e7\u00e3o de emerg\u00eancia.<\/p>\n<blockquote>\n<p>&#8220;J\u00e1 conversei com autoridades locais, como o senador Humberto Costa, o ex-prefeito Jo\u00e3o Campos e a governadora Raquel Lyra, para informar que a determina\u00e7\u00e3o do presidente Lula \u00e9 clara: garantir o socorro e assist\u00eancia do Governo Federal nessa situa\u00e7\u00e3o de emerg\u00eancia\u201d, afirmou o ministro.<\/p>\n<\/blockquote>\n<p>Waldez G\u00f3es tamb\u00e9m destacou que equipes da Defesa Civil Nacional v\u00e3o atuar em campo, em parceria com as defesas civis estaduais e municipais, para avaliar a situa\u00e7\u00e3o e adotar as medidas necess\u00e1rias para reduzir os impactos causados pelas chuvas em Pernambuco.<\/p>\n<p><strong>A pasta informou que, al\u00e9m de Pernambuco, o governo vai apoiar a Para\u00edba. O estado tamb\u00e9m tem sofrido com os temporais nas \u00faltimas 24h.<\/strong><\/p>\n<p>De acordo com o \u00faltimo boletim, divulgado pela Defesa Civil estadual, nesta sexta-feira (1\u00ba), \u00e0s 12h, o estado de Pernambuco est\u00e1 com sete munic\u00edpios em alerta e teve registros expressivos de acumulado de chuva nas \u00faltimas 24 horas, em mil\u00edmetros (mm), com destaque para as seguintes cidades: Goiana (181 mm), Abreu e Lima (144,8 mm), Paulista (142,9 mm), Igarassu (140,5 mm), Condado (129,6 mm), Itaquitinga (120,8 mm) e Itamb\u00e9 (117,6 mm). Em Recife, foram registrados pontos de alagamento.<\/p>\n<p>&#8220;Os t\u00e9cnicos tamb\u00e9m fazem o monitoramento hidrol\u00f3gico em rios da Mata Norte de Pernambuco. <strong>O risco hidrol\u00f3gico e urbano est\u00e1 em evolu\u00e7\u00e3o, com possibilidade de alagamentos, transbordamentos de rios e deslizamentos de terra em \u00e1reas vulner\u00e1veis&#8221; disse a pasta.<\/strong><\/p>\n<p>O aux\u00edlio a Pernambuco j\u00e1 havia sido anunciado mais cedo pelo presidente Luiz In\u00e1cio Lula da Silva. Lula determinou o apoio do governo federal \u00e0 regi\u00e3o metropolitana do Recife ap\u00f3s a cidade sofrer com fortes chuvas.<\/p>\n<p><strong>Desde ontem (30), segundo a Defesa Civil estadual, foram registrados mais de 100 mil\u00edmetros de chuva na regi\u00e3o. Pelo menos duas pessoas morreram, segundo o prefeito de Recife, Victor Marques.\u00a0<\/strong><\/p>\n<p>Em uma rede social, Lula disse que conversou por telefone, na manh\u00e3 desta sexta-feira, com o ex-prefeito de Recife, Jo\u00e3o Campos, e o senador pernambucano Humberto Costa (PT-PE) sobre as chuvas, que atingem tamb\u00e9m outras regi\u00f5es do estado.<\/p>\n<p>&#8220;Determinei imediatamente o pronto apoio federal \u00e0s autoridades locais. O ministro da Integra\u00e7\u00e3o Regional, Waldez G\u00f3es, acionou a Defesa Civil Nacional para prestar todo suporte \u00e0s cidades atingidas, Inclusive com o reconhecimento da situa\u00e7\u00e3o de emerg\u00eancia e o deslocamento de t\u00e9cnicos para a \u00e1rea,&#8221; <a href=\"https:\/\/x.com\/i\/status\/2050242578696622414\" target=\"_blank\">disse o presidente<\/a>.\u00a0<\/p>\n<h2>Para\u00edba<\/h2>\n<p><strong>O estado da Para\u00edba tamb\u00e9m registrou chuvas intensas e est\u00e1 em risco. H\u00e1 alerta laranja (perigo) para parte do estado, com previs\u00e3o de chuva entre 30 e 60 mil\u00edmetros (mm) por hora, ventos intensos, risco de alagamentos, queda de \u00e1rvores e interrup\u00e7\u00f5es de energia.<\/strong><\/p>\n<p>Entre os munic\u00edpios em alerta, destaque para Jo\u00e3o Pessoa, Cabedelo, Santa Rita, Bayeux, Conde, Mamanguape, Guarabira, Sap\u00e9, Rio Tinto, Alhandra, Areia e Bananeiras.<\/p>\n<p>\u00a0<\/p>\n<p>      <!-- Relacionada --><\/p>\n<p>            <!-- Relacionada -->\n    <\/div>\n<p><br \/>\n<br \/><a href=\"https:\/\/agenciabrasil.ebc.com.br\/politica\/noticia\/2026-05\/chuvas-governo-envia-defesa-civil-para-pernambuco-e-paraiba\">Ag\u00eancia Brasil <\/a><\/p>\n","protected":false},"excerpt":{"rendered":"<p>Equipes da Defesa Civil Nacional se deslocaram, nesta sexta-feira (1\u00ba), para apoiar o estado de Pernambuco atingido por fortes chuvas. A decis\u00e3o foi dada pelo Governo ap\u00f3s contato com as autoridades locais. As equipes atuar\u00e3o em conjunto com as defesas civis, estaduais e municipais. A determina\u00e7\u00e3o foi anunciada mais cedo pelo presidente Luiz In\u00e1cio Lula [&hellip;]<\/p>\n","protected":false},"author":1,"featured_media":28944,"comment_status":"closed","ping_status":"","sticky":false,"template":"","format":"standard","meta":{"footnotes":""},"categories":[10],"tags":[],"class_list":["post-28943","post","type-post","status-publish","format-standard","has-post-thumbnail","hentry","category-politica"],"_links":{"self":[{"href":"https:\/\/diarioalagoas.com.br\/index.php?rest_route=\/wp\/v2\/posts\/28943","targetHints":{"allow":["GET"]}}],"collection":[{"href":"https:\/\/diarioalagoas.com.br\/index.php?rest_route=\/wp\/v2\/posts"}],"about":[{"href":"https:\/\/diarioalagoas.com.br\/index.php?rest_route=\/wp\/v2\/types\/post"}],"author":[{"embeddable":true,"href":"https:\/\/diarioalagoas.com.br\/index.php?rest_route=\/wp\/v2\/users\/1"}],"replies":[{"embeddable":true,"href":"https:\/\/diarioalagoas.com.br\/index.php?rest_route=%2Fwp%2Fv2%2Fcomments&post=28943"}],"version-history":[{"count":0,"href":"https:\/\/diarioalagoas.com.br\/index.php?rest_route=\/wp\/v2\/posts\/28943\/revisions"}],"wp:featuredmedia":[{"embeddable":true,"href":"https:\/\/diarioalagoas.com.br\/index.php?rest_route=\/wp\/v2\/media\/28944"}],"wp:attachment":[{"href":"https:\/\/diarioalagoas.com.br\/index.php?rest_route=%2Fwp%2Fv2%2Fmedia&parent=28943"}],"wp:term":[{"taxonomy":"category","embeddable":true,"href":"https:\/\/diarioalagoas.com.br\/index.php?rest_route=%2Fwp%2Fv2%2Fcategories&post=28943"},{"taxonomy":"post_tag","embeddable":true,"href":"https:\/\/diarioalagoas.com.br\/index.php?rest_route=%2Fwp%2Fv2%2Ftags&post=28943"}],"curies":[{"name":"wp","href":"https:\/\/api.w.org\/{rel}","templated":true}]}}