{"id":28945,"date":"2026-05-01T20:03:41","date_gmt":"2026-05-01T23:03:41","guid":{"rendered":"https:\/\/diarioalagoas.com.br\/?p=28945"},"modified":"2026-05-01T20:03:41","modified_gmt":"2026-05-01T23:03:41","slug":"prefeitura-de-maceio-seguranca-cidada-destaca-historias-de","status":"publish","type":"post","link":"https:\/\/diarioalagoas.com.br\/?p=28945","title":{"rendered":"Prefeitura de Macei\u00f3 | Seguran\u00e7a Cidad\u00e3 destaca hist\u00f3rias de\u2026"},"content":{"rendered":"<p> <br \/>\n<\/p>\n<div id=\"\">\n<p><span>No Dia do Trabalhador, a Secretaria Municipal de Seguran\u00e7a Cidad\u00e3(Semsc) destaca o papel dos profissionais que atuam na promo\u00e7\u00e3o da seguran\u00e7a, da ordem p\u00fablica e do bem-estar da popula\u00e7\u00e3o. Com atua\u00e7\u00e3o nas frentes de Conv\u00edvio Social e Seguran\u00e7a Cidad\u00e3, o \u00f3rg\u00e3o refor\u00e7a seu compromisso com uma cidade mais organizada, segura e humana.<\/span><\/p>\n<p><span>Nesse contexto, a Semsc destaca duas trajet\u00f3rias marcadas pelo compromisso e pela dedica\u00e7\u00e3o no servi\u00e7o p\u00fablico, representadas pela atua\u00e7\u00e3o da inspetora Ana Paula Apolonio e do fiscal Joaquim de Arecippo. As experi\u00eancias evidenciam o compromisso com o interesse p\u00fablico e a constru\u00e7\u00e3o de uma cidade mais segura, organizada e humana.<\/span><\/p>\n<p><span>Com cerca de duas d\u00e9cadas de atua\u00e7\u00e3o na Guarda Municipal de Macei\u00f3, a inspetora Ana Paula relembra que sua entrada na institui\u00e7\u00e3o foi motivada pela busca por estabilidade, mas que, ao longo dos anos, encontrou um prop\u00f3sito maior na profiss\u00e3o.<\/span><\/p>\n<p><span>\u201cSinceramente, ingressei na Guarda sem muito conhecimento de suas atividades. Era apenas uma concurseira buscando um espa\u00e7o no servi\u00e7o p\u00fablico e, de repente, se passaram 20 anos de muito aprendizado em uma \u00e1rea muito espec\u00edfica\u201d, afirma.<\/span><\/p>\n<p><span>Ao longo desse per\u00edodo, ela acompanhou de perto a transforma\u00e7\u00e3o da Guarda Municipal, que ampliou suas atribui\u00e7\u00f5es e passou a atuar de forma mais pr\u00f3xima dos cidad\u00e3os. Ana Paula explica que isto tamb\u00e9m auxiliou na\u00a0 mudan\u00e7a da percep\u00e7\u00e3o da popula\u00e7\u00e3o sobre a institui\u00e7\u00e3o.<\/span><\/p>\n<p><span>\u201cQuando iniciei, \u00e9ramos vistos praticamente como vigilantes do patrim\u00f4nio. Hoje, somos reconhecidos como agentes que cuidam das pessoas e contribuem para a qualidade de vida na cidade\u201d, destaca.<\/span><\/p>\n<p><span>Entre os principais desafios da fun\u00e7\u00e3o, a inspetora aponta a conquista da confian\u00e7a da popula\u00e7\u00e3o como um dos mais significativos. \u201cO maior desafio foi justamente mostrar \u00e0 sociedade a import\u00e2ncia do nosso trabalho. Hoje, felizmente, somos vistos como parceiros da popula\u00e7\u00e3o\u201d, completa.<\/span><\/p>\n<p><span>No decorrer dos mais de 20 anos de trajet\u00f3ria, muitas experi\u00eancias marcantes tamb\u00e9m cruzaram o caminho de Ana Paula, refor\u00e7ando o orgulho pela profiss\u00e3o. Ela relembra um epis\u00f3dio recente que simboliza o esp\u00edrito de prontid\u00e3o da corpora\u00e7\u00e3o.<\/span><\/p>\n<p><span>\u201cUma estagi\u00e1ria relatou que presenciou uma guarni\u00e7\u00e3o sair imediatamente para socorrer uma pessoa em situa\u00e7\u00e3o de risco na Ponte do Reginaldo. Ela disse que parecia cena de filme, pela rapidez e dedica\u00e7\u00e3o. Isso mostra o quanto estamos preparados para servir\u201d, conta.<\/span><\/p>\n<p><span>Para este Dia do Trabalhador, Ana Paula deixa uma mensagem de incentivo aos colegas e \u00e0 popula\u00e7\u00e3o. \u201cCom dedica\u00e7\u00e3o, conseguimos transformar os desafios do dia a dia em crescimento profissional e pessoal\u201d, finalizou a inspetora.<\/span><\/p>\n<div class=\"single-section-box single-section-img single-box-center\">\n<figure>\n<a href=\"https:\/\/cdnpm.dhost.cloud\/imagens\/WhatsApp-Image-2026-04-30-at-09.37.45-1.jpeg\" data-fancybox=\"images\"><br \/>\n<img decoding=\"async\" src=\"https:\/\/maceio.al.gov.br\/transform\/imagens\/_845xAUTO_crop_center-center_none\/WhatsApp-Image-2026-04-30-at-09.37.45-1.jpeg\" alt=\"Joaquim de Arecippo soma mais de 14 anos de atua\u00e7\u00e3o, na Fiscaliza\u00e7\u00e3o de Posturas. Foto: Maria Eduarda Carvalho(estagi\u00e1ria)\/Ascom Semsc\"\/><br \/>\n<\/a><figcaption><small class=\"img-credits\">Joaquim de Arecippo soma mais de 14 anos de atua\u00e7\u00e3o, na Fiscaliza\u00e7\u00e3o de Posturas. Foto: Maria Eduarda Carvalho(estagi\u00e1ria)\/Ascom Semsc<\/small><\/figcaption><\/figure>\n<\/div>\n<p><span><strong>O papel do ordenamento para o conv\u00edvio urbano<\/strong><\/span><\/p>\n<p><span>Na Fiscaliza\u00e7\u00e3o de Posturas, o servidor Joaquim de Arecippo soma mais de 14 anos de atua\u00e7\u00e3o. No exerc\u00edcio da fun\u00e7\u00e3o, o fiscal destaca o papel essencial do fiscal na organiza\u00e7\u00e3o da cidade e no equil\u00edbrio do conv\u00edvio urbano.<\/span><\/p>\n<p><span>\u201cO fiscal exerce uma fun\u00e7\u00e3o de extrema relev\u00e2ncia, garantindo o cumprimento das normas que regem o espa\u00e7o urbano\u201d, afirma.<\/span><\/p>\n<p><span>Entre os desafios enfrentados, ele ressalta a necessidade de di\u00e1logo constante com a popula\u00e7\u00e3o, especialmente em situa\u00e7\u00f5es que envolvem fiscaliza\u00e7\u00e3o de irregularidades. Para ele, a constru\u00e7\u00e3o de uma rela\u00e7\u00e3o de respeito com a sociedade \u00e9 fundamental para o bom desempenho da fun\u00e7\u00e3o.<\/span><\/p>\n<p><span>\u201cMuitas vezes, nosso trabalho \u00e9 interpretado de forma equivocada, como se estiv\u00e9ssemos limitando direitos, quando, na verdade, buscamos garantir o bem coletivo. O maior desafio \u00e9 conquistar a compreens\u00e3o da popula\u00e7\u00e3o sobre a import\u00e2ncia do nosso trabalho\u201d, pontua.<\/span><\/p>\n<p><span>Neste 1\u00ba de maio, Joaquim tamb\u00e9m deixa sua reflex\u00e3o sobre o significado do trabalho e as conquistas dos trabalhadores ao longo da hist\u00f3ria.<\/span><\/p>\n<p><span>\u201cA legisla\u00e7\u00e3o trabalhista que temos hoje \u00e9 resultado de muita luta. Nada veio de gra\u00e7a. \u00c9 importante valorizar essas conquistas e seguir avan\u00e7ando, sempre com f\u00e9 e esperan\u00e7a\u201d, destaca.<\/span><\/p>\n<p><span>Ao reunir hist\u00f3rias como as de Ana Paula e Joaquim, a Semsc refor\u00e7a a import\u00e2ncia de cada trabalhador que contribui, diariamente, para o desenvolvimento de Macei\u00f3. Neste Dia do Trabalhador, a secretaria reconhece o papel essencial dos profissionais que fortalecem o servi\u00e7o p\u00fablico como instrumento de cidadania.<\/span><\/p>\n<div class=\"gabinate\">\n<a href=\"https:\/\/maceio.al.gov.br\/secretarias-e-orgaos\/semsc\">SEMSC<\/a><\/p>\n<h2>Secretaria Municipal de Seguran\u00e7a Cidad\u00e3<\/h2>\n<p><span><\/p>\n<p>Av. Gov. Afr\u00e2nio Lages, 297, Farol &#8211; Macei\u00f3-AL.<br \/>CEP-57050-015<br \/>Telefones: (82) 3312-5270 | (82) 3312-5277 (disque-den\u00fancia) | (82) 3312-5289 (ouvidoria) | <br \/>WhatsApp (82) 98882-8170 (eventos) <br \/>Hor\u00e1rio de atendimento: segunda a sexta, de 8h \u00e0s 14h.<br \/>Guarda Municipal: Av. Gov. Afr\u00e2nio Lages, 297, Farol &#8211; Macei\u00f3-AL.<br \/>CEP: 57014-510 \/\/ Fone: 153<\/p>\n<p><\/span><\/div>\n<\/div>\n<p><script async defer crossorigin=\"anonymous\" src=\"https:\/\/connect.facebook.net\/pt_BR\/sdk.js#xfbml=1&#038;version=v12.0\" nonce=\"0pFl3y7T\"><\/script><br \/>\n<br \/><br \/>\n<br \/><a href=\"https:\/\/maceio.al.gov.br\/noticias\/semsc\/seguranca-cidada-destaca-historias-de-compromisso-e-dedicacao-no-dia-do-trabalhador\">Prefeitura de Macei\u00f3 <\/a><\/p>\n","protected":false},"excerpt":{"rendered":"<p>No Dia do Trabalhador, a Secretaria Municipal de Seguran\u00e7a Cidad\u00e3(Semsc) destaca o papel dos profissionais que atuam na promo\u00e7\u00e3o da seguran\u00e7a, da ordem p\u00fablica e do bem-estar da popula\u00e7\u00e3o. Com atua\u00e7\u00e3o nas frentes de Conv\u00edvio Social e Seguran\u00e7a Cidad\u00e3, o \u00f3rg\u00e3o refor\u00e7a seu compromisso com uma cidade mais organizada, segura e humana. Nesse contexto, a [&hellip;]<\/p>\n","protected":false},"author":1,"featured_media":28946,"comment_status":"closed","ping_status":"","sticky":false,"template":"","format":"standard","meta":{"footnotes":""},"categories":[9],"tags":[],"class_list":["post-28945","post","type-post","status-publish","format-standard","has-post-thumbnail","hentry","category-maceio"],"_links":{"self":[{"href":"https:\/\/diarioalagoas.com.br\/index.php?rest_route=\/wp\/v2\/posts\/28945","targetHints":{"allow":["GET"]}}],"collection":[{"href":"https:\/\/diarioalagoas.com.br\/index.php?rest_route=\/wp\/v2\/posts"}],"about":[{"href":"https:\/\/diarioalagoas.com.br\/index.php?rest_route=\/wp\/v2\/types\/post"}],"author":[{"embeddable":true,"href":"https:\/\/diarioalagoas.com.br\/index.php?rest_route=\/wp\/v2\/users\/1"}],"replies":[{"embeddable":true,"href":"https:\/\/diarioalagoas.com.br\/index.php?rest_route=%2Fwp%2Fv2%2Fcomments&post=28945"}],"version-history":[{"count":0,"href":"https:\/\/diarioalagoas.com.br\/index.php?rest_route=\/wp\/v2\/posts\/28945\/revisions"}],"wp:featuredmedia":[{"embeddable":true,"href":"https:\/\/diarioalagoas.com.br\/index.php?rest_route=\/wp\/v2\/media\/28946"}],"wp:attachment":[{"href":"https:\/\/diarioalagoas.com.br\/index.php?rest_route=%2Fwp%2Fv2%2Fmedia&parent=28945"}],"wp:term":[{"taxonomy":"category","embeddable":true,"href":"https:\/\/diarioalagoas.com.br\/index.php?rest_route=%2Fwp%2Fv2%2Fcategories&post=28945"},{"taxonomy":"post_tag","embeddable":true,"href":"https:\/\/diarioalagoas.com.br\/index.php?rest_route=%2Fwp%2Fv2%2Ftags&post=28945"}],"curies":[{"name":"wp","href":"https:\/\/api.w.org\/{rel}","templated":true}]}}